{"id":9988,"date":"2025-06-22T18:19:06","date_gmt":"2025-06-22T17:19:06","guid":{"rendered":"http:\/\/fulviocortese.it\/?p=9988"},"modified":"2025-06-22T18:19:08","modified_gmt":"2025-06-22T17:19:08","slug":"colloqui-col-cane-giuseppe-berto","status":"publish","type":"post","link":"https:\/\/fulviocortese.it\/?p=9988","title":{"rendered":"Colloqui col cane (Giuseppe Berto)"},"content":{"rendered":"\n<div class=\"wp-block-image\"><figure class=\"alignleft is-resized\"><img loading=\"lazy\" decoding=\"async\" src=\"https:\/\/blogger.googleusercontent.com\/img\/b\/R29vZ2xl\/AVvXsEgwDd6h-zolroFlR-QEVCtbt1dnl350tTloPO7Uh5eBBvrP4jhRW0hgkSbZ7KaFKZMzTBDlpGve43uY1kBVhMf7y1ru7DmX0hsdPk88XDFhoH-3Aiy09HDOw1sDD9Yb9h14cAahlm6sKu-t\/s1600\/colloqui-cane-giuseppe-berto.jpg\" alt=\"\" width=\"192\" height=\"290\"\/><\/figure><\/div>\n\n\n\n<p>Tra il \u201868 e il \u201869, l\u2019Autore de\u00a0<em>Il male oscuro<\/em>\u00a0pubblica sulle pagine di un noto quotidiano (<em>Il Resto del Carlino<\/em>) alcuni brevi interventi, che lo vedono dialogare con il suo cocker spaniel Cocai (dal Merlin Cocai pseudonimo di <a href=\"https:\/\/www.treccani.it\/enciclopedia\/teofilo-folengo_%28Dizionario-Biografico%29\/\">Teofilo Folengo<\/a>, famoso artefice maccheronico del\u00a0<em>Baldus<\/em>\u00a0e del\u00a0<em>Caos del Triperuno<\/em>). L\u2019ambientazione dei colloqui &#8211; pubblicati in autonomo volume solo negli anni Ottanta, all\u2019interno una ricca e intelligente collana di Marsilio &#8211; ha come baricentro topografico la <a href=\"https:\/\/www.casedellamemoria.it\/it\/le-case-associate\/giuseppe-berto.html#38.62035419430119\/15.830521354666754\/18\">casa d\u2019elezione<\/a> dello scrittore, da lui stesso edificata sul suggestivo promontorio calabrese di Capo Vaticano. Gli argomenti trattati, innanzitutto, sono quelli caldi di quegli anni: la guerra in Vietnam, le grandi agitazioni studentesche e il conflitto generazionale, i posizionamenti geopolitici di Stati Uniti, Unione Sovietica e Cina, lo spettro della conflagrazione nucleare, le missioni spaziali. Naturalmente lo scrittore trevigiano trapiantato al Sud non poteva non affrontare anche la questione meridionale, l\u2019industrializzazione del Mezzogiorno e la nascita della nuova Universit\u00e0 della Calabria. Nel merito dei discorsi svolti, come nella sostanziale ironia dell\u2019approccio, il Berto di tutti questi testi non \u00e8 cos\u00ec distante da quello conservatore della <em><a href=\"https:\/\/www.ilmortodafeltre.it\/shop\/letteratura\/letteratura-italiana\/modesta-proposta-per-prevenire-prima-edizione\/\">Modesta proposta<\/a><\/em>, che verr\u00e0 pubblicata nel \u201871. E la sua penna si conferma sempre chiara, asciutta ed essenziale, segnata dalla ricerca stilistica che meglio possa esprimere un comune e convincente buon senso. Nessun cedimento a quelle che egli stesso concepisce solo come vane emozioni, ingenuit\u00e0 o strumentalizzazioni. <br><\/p>\n\n\n\n<p>Ci\u00f2 che, tuttavia, si nota immediatamente \u00e8 il carattere quasi dubbioso delle meditazioni, che sono esposte alla conversazione critica e provocatoria di Cocai, in qualit\u00e0 di curioso deuteragonista. Ma anche di compagno, amico e confidente, e di tramite diretto con gli affetti e con l\u2019amore per la figlia (la \u201cdiletta\u201d di cui aspetta il ritorno per le vacanze estive).\u00a0<em>Escluso il cane \/ tutti gli altri son cattivi<\/em>, verrebbe da dire, riprendendo una <a href=\"https:\/\/youtu.be\/P6vX4vKjkyQ?feature=shared\">canzone<\/a> di Rino Gaetano, che uscir\u00e0 qualche anno dopo, nel \u201875. \u00c8 un Berto smarrito, che prova, e comunica, solitudine. Non solo quella ideale e, per cos\u00ec dire, storica ed epocale (di fronte a una civilt\u00e0 i cui sviluppi non riesce a decifrare); ma anche quella letteraria (difesa con ostinazione, come dimostra il pezzo polemico con Moravia) e quella personale (si avverte distintamente che il pensiero ricorrente per la figlia non \u00e8 solo un escamotage per riproporre l\u2019invariante padri e figli o per esprimersi sulle retoriche della contestazione e del movimentismo). Pi\u00f9 che mai, l\u2019abitazione appoggiata sulla cima di un promontorio mozzafiato, lungi dal rivelarsi foriera di illuminanti vaticini (l\u2019<a href=\"https:\/\/calabria.live\/lorigine-del-nome-capo-vaticano\/\">etimologia<\/a> della localit\u00e0 va in questo senso, tenta di crederci anche l\u2019Autore), sembra il romitaggio di un intellettuale che non vede n\u00e9 immagina pi\u00f9 il\u00a0<em>suo posto<\/em>\u00a0nel mondo e si limita a osservare le cose con franchezza estrema. Questo \u00e8, tuttora, il valore aggiunto di una voce pienamente libera.<\/p>\n\n\n\n<p><a href=\"https:\/\/librobreve.blogspot.com\/2013\/04\/giuseppe-berto-e-i-suoi-colloqui-col.html\">Una recensione (di A. Cellotto)<\/a><\/p>\n\n\n\n<p><a href=\"https:\/\/www.italianisti.it\/pubblicazioni\/atti-di-congresso\/scenari-del-conflitto\/6.%2520P\u00e9rez%2520Medrano%2520Alan.pdf\">Una lettura critica<\/a><\/p>\n","protected":false},"excerpt":{"rendered":"<p>Tra il \u201868 e il \u201869, l\u2019Autore de\u00a0Il male oscuro\u00a0pubblica sulle pagine di un noto quotidiano (Il Resto del Carlino) alcuni brevi interventi, che lo vedono dialogare con il suo cocker spaniel Cocai (dal Merlin Cocai pseudonimo di Teofilo Folengo, famoso artefice maccheronico del\u00a0Baldus\u00a0e del\u00a0Caos del Triperuno). L\u2019ambientazione dei colloqui &#8211; pubblicati in autonomo volume <a href='https:\/\/fulviocortese.it\/?p=9988'>[&#8230;]<\/a><\/p>\n","protected":false},"author":1,"featured_media":0,"comment_status":"closed","ping_status":"open","sticky":false,"template":"","format":"standard","meta":{"footnotes":""},"categories":[1],"tags":[587,229,230,127,320,39],"class_list":["post-9988","post","type-post","status-publish","format-standard","hentry","category-biblio","tag-anni-sessanta","tag-giornalismo","tag-italia","tag-letteratura","tag-meridione","tag-politica-e-liberta","category-1-id","post-seq-1","post-parity-odd","full-content"],"_links":{"self":[{"href":"https:\/\/fulviocortese.it\/index.php?rest_route=\/wp\/v2\/posts\/9988","targetHints":{"allow":["GET"]}}],"collection":[{"href":"https:\/\/fulviocortese.it\/index.php?rest_route=\/wp\/v2\/posts"}],"about":[{"href":"https:\/\/fulviocortese.it\/index.php?rest_route=\/wp\/v2\/types\/post"}],"author":[{"embeddable":true,"href":"https:\/\/fulviocortese.it\/index.php?rest_route=\/wp\/v2\/users\/1"}],"replies":[{"embeddable":true,"href":"https:\/\/fulviocortese.it\/index.php?rest_route=%2Fwp%2Fv2%2Fcomments&post=9988"}],"version-history":[{"count":8,"href":"https:\/\/fulviocortese.it\/index.php?rest_route=\/wp\/v2\/posts\/9988\/revisions"}],"predecessor-version":[{"id":9996,"href":"https:\/\/fulviocortese.it\/index.php?rest_route=\/wp\/v2\/posts\/9988\/revisions\/9996"}],"wp:attachment":[{"href":"https:\/\/fulviocortese.it\/index.php?rest_route=%2Fwp%2Fv2%2Fmedia&parent=9988"}],"wp:term":[{"taxonomy":"category","embeddable":true,"href":"https:\/\/fulviocortese.it\/index.php?rest_route=%2Fwp%2Fv2%2Fcategories&post=9988"},{"taxonomy":"post_tag","embeddable":true,"href":"https:\/\/fulviocortese.it\/index.php?rest_route=%2Fwp%2Fv2%2Ftags&post=9988"}],"curies":[{"name":"wp","href":"https:\/\/api.w.org\/{rel}","templated":true}]}}