{"id":9603,"date":"2024-08-26T17:23:25","date_gmt":"2024-08-26T16:23:25","guid":{"rendered":"http:\/\/fulviocortese.it\/?p=9603"},"modified":"2024-08-26T17:23:27","modified_gmt":"2024-08-26T16:23:27","slug":"appuntamento-a-kronstadt-edgar-reichmann","status":"publish","type":"post","link":"https:\/\/fulviocortese.it\/?p=9603","title":{"rendered":"Appuntamento a Kronstadt (Edgar Reichmann)"},"content":{"rendered":"\n<div class=\"wp-block-image\"><figure class=\"alignleft is-resized\"><img loading=\"lazy\" decoding=\"async\" src=\"https:\/\/www.libraccio.it\/images\/9788899591694_0_500_0_75.jpg\" alt=\"\" width=\"204\" height=\"276\"\/><\/figure><\/div>\n\n\n\n<p>Questo romanzo \u00e8 stato pubblicato in Francia nel 1984. A <a href=\"https:\/\/www.edizionidiatlantide.it\/catalogo-atlantide\/\">Edizioni di Atlantide<\/a> va il merito di offrirlo oggi, per la prima volta, ai lettori italiani, confermando una speciale sensibilit\u00e0 non solo per le proposte pi\u00f9 originali, ma anche per le riscoperte. Ed \u00e8 in effetti singolare e affascinante, e disorientante, la storia di Armin Stern, un protagonista che si racconta da s\u00e9, talvolta in prima persona, altre volte in terza. Nato a Kronstadt, l\u2019odierna <a href=\"https:\/\/www.romaniaforall.it\/oras\/brasov\/\">Bra\u0219ov<\/a> in Romania, Stern \u00e8 il giovane rampollo di una famiglia benestante di commercianti di origine ebraica. La sua infanzia si svolge nel cuore di una citt\u00e0 e di un territorio ricchi di storia, vivaci e mitteleuropei per eccellenza, nella pi\u00f9 spontanea e complicata mescolanza di lingue e culture. \u00c8 legatissimo a questi luoghi, di cui sogna le antiche leggende, soprattutto la misteriosa e tragica figura di una sfortunata principessa. Tanto che si sentir\u00e0 sempre accompagnato dalle apparizioni di una strana figura femminile. La seconda guerra mondiale, con l\u2019occupazione nazista, sconvolge l\u2019esistenza di Arnim e della sua famiglia. Riesce, tuttavia, a cavarsela e a studiare letteratura. Ma l\u2019arrivo dei sovietici getta il Paese in un clima di nuovo pericolo e, mentre l\u2019amico Ariel si tuffa entusiasta nel regime entrante, Armin rischia di finire in un campo di lavoro. Comincia cos\u00ec una lunga e costante peregrinazione, che da Haifa lo porta a Ginevra e a Parigi, dove &#8211; non prima di uno straniante periodo di lavoro ai tropici &#8211; riesce a integrarsi come professore universitario e sposa Matilde. Ma la quiete non arriva. Kronstadt, le occasioni perdute, la rovina di un mondo orami fiabesco continuano a tormentarlo, in un nostalgico e ricorrente struggimento. Oltre a ci\u00f2, uno strano e incombente pericolo minaccia seriamente la sopravvivenza di Armin come quella di tanti altri esuli. Nemmeno l\u2019ospitalit\u00e0 di Ariel, che nel frattempo \u00e8 fuoruscito in Spagna, sembra costituire un rifugio adeguato. Lo smarrimento cresce e si esalta, fino all\u2019epilogo, in cui una dimensione onirica ha definitivamente il sopravvento.<\/p>\n\n\n\n<p>\u201cArnim Stern tenta di incorporare il flusso tumultuoso dei suoi ricordi in un insieme che vorrebbe strutturato\u201d: in questo modo, ad un certo punto, Reichmann\/Stern parla incidentalmente di s\u00e9 e della sua condizione sradicata e confusa. D\u2019altra parte il romanzo stesso comincia quasi dalla fine, perch\u00e9 si dipana come flusso di ci\u00f2 che l\u2019esule rammenta del suo passato, mentre sta raggiungendo la casa di Ariel a Corcubi\u00f3n, in Galizia. Arnim, infatti, \u00e8 alla ricerca. Vuole trovare una spiegazione e, contemporaneamente, un futuro al limbo perenne cui si immagina di essere consegnato, tra fallimenti relazionali e sentimentali, da un lato, e persecuzioni politiche, dall\u2019altro. Si ha la sensazione, in qualche passo, che egli guardi alla sua situazione come a una forza di gravit\u00e0 cui \u00e8 soggetto tutto il mondo, coinvolto com\u2019\u00e8 nello scontro tra superpotenze, in molteplici focolai di guerra, in frequenti attacchi terroristici, in intricati intrighi spionistici. Non c\u2019\u00e8 dubbio, al riguardo, che Reichmann abbia raffigurato in maniera particolarmente riuscita la classica figura, e la psicologia, dello\u00a0<em>juif errant<\/em>: sovvengono presto, al lettore, le altrettanto tipiche rappresentazioni di Chagall (quelle pi\u00f9 fantastiche e <a href=\"https:\/\/www.wikiart.org\/en\/marc-chagall\/over-the-town-1918\">volanti<\/a>, ma anche quella pi\u00f9 conosciuta e <a href=\"https:\/\/www.wikiart.org\/en\/marc-chagall\/the-wandering-jew-1925\">famosa<\/a>). Ed \u00e8 anche notevole il modo con cui l\u2019Autore costruisce un personaggio che porta sulle sue spalle sia secoli di storia, sia la maledizione di chi, solidamente piantato nell\u2019humus che lo ha visto nascere, non riesce ad abbracciare veramente alcuna cornice collettiva: n\u00e9 quella dei suoi progenitori, n\u00e9 quella dei luoghi in cui si trova a vivere. Con l\u2019esito che, in una realt\u00e0 (la Storia con la Maiuscola) che \u00e8 del tutto aliena da qualsiasi redenzione poetica, a Reichmann\/Stern, che vorrebbe essere semplicemente, e ingenuamente, se stesso, tocca solo di sciogliersi nella narrazione universale in cui si \u00e8 pervicacemente aggrovigliato. A buon diritto, in una delle <a href=\"https:\/\/www.persee.fr\/doc\/homso_0018-4306_1984_num_73_1_2180\">prime recensioni<\/a>, si sono richiamati Federico Fellini e il De Sica de\u00a0<em>Il giardino dei Finzi Contini<\/em>; anche se, forse, a Reichmann si dovrebbero riconoscere pure un po\u2019 di Pirandello e di Kadare. Giusto per sancire che la sua prosa abbraccia tutti i tormenti del Novecento.<\/p>\n\n\n\n<p>Recensioni (di <a href=\"https:\/\/www.ilfoglio.it\/una-fogliata-di-libri\/2024\/05\/15\/news\/appuntamento-a-kronstadt-6542360\/\">A. Litta Modigliani<\/a>; <a href=\"https:\/\/universoletterario.it\/un-rendez-vous-con-la-vecchia-europa-appuntamento-a-kronstadt\/\">B. Lolli<\/a>; <a href=\"https:\/\/www.doppiozero.com\/edgar-reichmann-alla-ricerca-delleuropa-perduta\">A. Mezzena Lona<\/a>; <a href=\"https:\/\/culturificio.org\/appuntamento-a-kronstadt-di-edgar-reichmann\/\">C. Musso<\/a>; <a href=\"https:\/\/www.ilgiornale.it\/news\/mondo-ieri-reichmann-rifugio-cui-osservare-trivialit-storia-2314016.html\">S. Solinas)<\/a><\/p>\n","protected":false},"excerpt":{"rendered":"<p>Questo romanzo \u00e8 stato pubblicato in Francia nel 1984. A Edizioni di Atlantide va il merito di offrirlo oggi, per la prima volta, ai lettori italiani, confermando una speciale sensibilit\u00e0 non solo per le proposte pi\u00f9 originali, ma anche per le riscoperte. Ed \u00e8 in effetti singolare e affascinante, e disorientante, la storia di Armin <a href='https:\/\/fulviocortese.it\/?p=9603'>[&#8230;]<\/a><\/p>\n","protected":false},"author":1,"featured_media":0,"comment_status":"closed","ping_status":"open","sticky":false,"template":"","format":"standard","meta":{"footnotes":""},"categories":[1],"tags":[256,408,231,39,38,118],"class_list":["post-9603","post","type-post","status-publish","format-standard","hentry","category-biblio","tag-europa","tag-mitteleuropa","tag-novecento","tag-politica-e-liberta","tag-romanzo","tag-storia","category-1-id","post-seq-1","post-parity-odd","full-content"],"_links":{"self":[{"href":"https:\/\/fulviocortese.it\/index.php?rest_route=\/wp\/v2\/posts\/9603","targetHints":{"allow":["GET"]}}],"collection":[{"href":"https:\/\/fulviocortese.it\/index.php?rest_route=\/wp\/v2\/posts"}],"about":[{"href":"https:\/\/fulviocortese.it\/index.php?rest_route=\/wp\/v2\/types\/post"}],"author":[{"embeddable":true,"href":"https:\/\/fulviocortese.it\/index.php?rest_route=\/wp\/v2\/users\/1"}],"replies":[{"embeddable":true,"href":"https:\/\/fulviocortese.it\/index.php?rest_route=%2Fwp%2Fv2%2Fcomments&post=9603"}],"version-history":[{"count":6,"href":"https:\/\/fulviocortese.it\/index.php?rest_route=\/wp\/v2\/posts\/9603\/revisions"}],"predecessor-version":[{"id":9609,"href":"https:\/\/fulviocortese.it\/index.php?rest_route=\/wp\/v2\/posts\/9603\/revisions\/9609"}],"wp:attachment":[{"href":"https:\/\/fulviocortese.it\/index.php?rest_route=%2Fwp%2Fv2%2Fmedia&parent=9603"}],"wp:term":[{"taxonomy":"category","embeddable":true,"href":"https:\/\/fulviocortese.it\/index.php?rest_route=%2Fwp%2Fv2%2Fcategories&post=9603"},{"taxonomy":"post_tag","embeddable":true,"href":"https:\/\/fulviocortese.it\/index.php?rest_route=%2Fwp%2Fv2%2Ftags&post=9603"}],"curies":[{"name":"wp","href":"https:\/\/api.w.org\/{rel}","templated":true}]}}