{"id":9567,"date":"2024-07-26T13:56:37","date_gmt":"2024-07-26T12:56:37","guid":{"rendered":"http:\/\/fulviocortese.it\/?p=9567"},"modified":"2024-07-26T13:56:39","modified_gmt":"2024-07-26T12:56:39","slug":"ritorno-a-brideshead-evelyn-waugh","status":"publish","type":"post","link":"https:\/\/fulviocortese.it\/?p=9567","title":{"rendered":"Ritorno a Brideshead (Evelyn Waugh)"},"content":{"rendered":"\n<div class=\"wp-block-image\"><figure class=\"alignleft is-resized\"><img loading=\"lazy\" decoding=\"async\" src=\"https:\/\/www.illibraio.it\/wp-content\/uploads\/2024\/04\/evelyn-waugh-1.jpg.webp\" alt=\"\" width=\"207\" height=\"324\"\/><\/figure><\/div>\n\n\n\n<p>Seconda guerra mondiale: Charles Ryder \u00e8 un ufficiale dell\u2019esercito inglese di stanza sul suolo britannico. Tra un\u2019esercitazione e l\u2019altra le truppe finiscono nella tenuta di Brideshead, propriet\u00e0 storica dei Lord Marchmain. E Charles comincia a ricordare. In primo luogo, di quando \u00e8 stato l\u00ec la prima volta, anni addietro, con Sebastian, giovane rampollo della ricchissima casata e suo compagno di studi e di bagordi a Oxford. Si avvia cos\u00ec il racconto di un\u2019amicizia profonda, di una famiglia singolare, di una vita spensierata; ma anche di dissapori, confronti, distacchi e ritorni, come dell\u2019amore tardivo con Julia, la sorella di Sebastian, figura a suo modo simbolica di un generale destino di trasfigurazione e decadenza, dalla quale, del resto, anche il fratello viene travolto. Questo romanzo, che ha ormai raggiunto da tempo la dignit\u00e0 di classico, non solo raffigura in modo semplice ed elegante le aspirazioni e fascinazioni di un\u2019intera generazione; rievoca, pi\u00f9 di tutto, un clima e un momento storico sospeso tra la rievocazione di un passato irripetibile e la percezione forte di un tracollo imminente. Forse sono le guerre che al principio del Novecento cambiano i connotati alla societ\u00e0 europea, o forse \u00e8 l\u2019economia a dare ingresso a nuovi rumorosi protagonisti e a cancellare la grazia e l\u2019imbattibilit\u00e0 di un tempo che fu (ma le due cose stanno perfettamente assieme). Ci\u00f2 che il capitano Ryder apprende \u00e8 che quel mondo non torner\u00e0 e che, tuttavia, la memoria pu\u00f2 ancora alimentare una piccola fiamma nel cuore.<\/p>\n\n\n\n<p>Le peculiarit\u00e0 e gli alterni successi di questo libro &#8211; con spunti curiosi sul suo carattere in tutto o in parte autobiografico, e sull\u2019influenza che potrebbe aver avuto la conversione dell\u2019Autore al cattolicesimo &#8211; sono ben ricordati da Alessandro Piperno nella prefazione che illustra la presente edizione. Va aggiunto che\u00a0<em>Ritorno a Brideshead\u00a0<\/em>\u00e8 un romanzo che superficialmente si potrebbe definire sentimentale, anche se occorre capire di che sentimento, o di quali molteplici sentimenti, si tratta. Se ci si abbandona ai pensieri del protagonista e alle immagini che ci proietta di fronte, si passa, certo, per stati d\u2019animo molto diversi. Ci\u00f2 che prevale, per\u00f2, \u00e8 un marcato struggimento, talvolta nostalgico: per una giovinezza sospesa e ancora gravida di occasioni, per quel senso di indeterminatezza che prima della maturit\u00e0 permette di pensare davvero a una felicit\u00e0 possibile, per la intrinseca bellezza di una civilt\u00e0 che si percepisce irrimediabilmente superata. Naturalmente, a quest\u2019ultimo riguardo, le vicende raccontate da Waugh costituiscono anche il ritratto fedele della nobilt\u00e0 inglese &#8211; e quindi delle sue magioni, dei suoi luoghi notevoli, riti e tipi psicologici &#8211; nel momento storico della grande crisi: a chi \u00e8 piaciuta la serie TV\u00a0<em>Downtown Abbey<\/em>, o anche\u00a0<em>Saltburn<\/em>,\u00a0<em>Ritorno a Brideshead<\/em>\u00a0non pu\u00f2 non piacere. Ma il punto \u00e8 che qui, prima di tutto, oltre al fascino dell\u2019ambientazione, c\u2019\u00e8 la letteratura nel suo formato pi\u00f9 puro e spontaneo, con le parabole universali di uomini e donne. E con l\u2019effetto che, lasciandosi andare, quella di Charles Ryder diventa una\u00a0<em>personalissima<\/em>storia\u00a0<em>per tutti<\/em>.<\/p>\n\n\n\n<p><em><a href=\"https:\/\/youtube.com\/playlist?list=PLuF5POcQNYWE_GGnZ8YDMY_J-MmJlDTDV&amp;si=PUN099HqfKFLPwhP\">Brideshead revisited<\/a><\/em> (la serie del 2008)<\/p>\n","protected":false},"excerpt":{"rendered":"<p>Seconda guerra mondiale: Charles Ryder \u00e8 un ufficiale dell\u2019esercito inglese di stanza sul suolo britannico. Tra un\u2019esercitazione e l\u2019altra le truppe finiscono nella tenuta di Brideshead, propriet\u00e0 storica dei Lord Marchmain. E Charles comincia a ricordare. In primo luogo, di quando \u00e8 stato l\u00ec la prima volta, anni addietro, con Sebastian, giovane rampollo della ricchissima <a href='https:\/\/fulviocortese.it\/?p=9567'>[&#8230;]<\/a><\/p>\n","protected":false},"author":1,"featured_media":0,"comment_status":"closed","ping_status":"open","sticky":false,"template":"","format":"standard","meta":{"footnotes":""},"categories":[1],"tags":[566,145,372,208,567,38],"class_list":["post-9567","post","type-post","status-publish","format-standard","hentry","category-biblio","tag-amicizia","tag-amore","tag-famiglia","tag-inghilterra","tag-nobilta","tag-romanzo","category-1-id","post-seq-1","post-parity-odd","full-content"],"_links":{"self":[{"href":"https:\/\/fulviocortese.it\/index.php?rest_route=\/wp\/v2\/posts\/9567","targetHints":{"allow":["GET"]}}],"collection":[{"href":"https:\/\/fulviocortese.it\/index.php?rest_route=\/wp\/v2\/posts"}],"about":[{"href":"https:\/\/fulviocortese.it\/index.php?rest_route=\/wp\/v2\/types\/post"}],"author":[{"embeddable":true,"href":"https:\/\/fulviocortese.it\/index.php?rest_route=\/wp\/v2\/users\/1"}],"replies":[{"embeddable":true,"href":"https:\/\/fulviocortese.it\/index.php?rest_route=%2Fwp%2Fv2%2Fcomments&post=9567"}],"version-history":[{"count":3,"href":"https:\/\/fulviocortese.it\/index.php?rest_route=\/wp\/v2\/posts\/9567\/revisions"}],"predecessor-version":[{"id":9570,"href":"https:\/\/fulviocortese.it\/index.php?rest_route=\/wp\/v2\/posts\/9567\/revisions\/9570"}],"wp:attachment":[{"href":"https:\/\/fulviocortese.it\/index.php?rest_route=%2Fwp%2Fv2%2Fmedia&parent=9567"}],"wp:term":[{"taxonomy":"category","embeddable":true,"href":"https:\/\/fulviocortese.it\/index.php?rest_route=%2Fwp%2Fv2%2Fcategories&post=9567"},{"taxonomy":"post_tag","embeddable":true,"href":"https:\/\/fulviocortese.it\/index.php?rest_route=%2Fwp%2Fv2%2Ftags&post=9567"}],"curies":[{"name":"wp","href":"https:\/\/api.w.org\/{rel}","templated":true}]}}