{"id":9438,"date":"2024-03-24T11:54:53","date_gmt":"2024-03-24T10:54:53","guid":{"rendered":"http:\/\/fulviocortese.it\/?p=9438"},"modified":"2024-03-24T11:54:55","modified_gmt":"2024-03-24T10:54:55","slug":"la-via-di-fuga-philippe-sands","status":"publish","type":"post","link":"https:\/\/fulviocortese.it\/?p=9438","title":{"rendered":"La via di fuga (Philippe Sands)"},"content":{"rendered":"\n<div class=\"wp-block-image\"><figure class=\"alignleft is-resized\"><img loading=\"lazy\" decoding=\"async\" src=\"https:\/\/libreriavitaepensiero.mediabiblos.it\/copertine\/guanda\/la-via-di-fuga-sulle-tracce-di-un-criminale-nazista-9788823524361.jpg\" alt=\"\" width=\"202\" height=\"312\"\/><\/figure><\/div>\n\n\n\n<p>In questo libro &#8211; che costituisce uno spin off del precedente, bellissimo e fortunatissimo,\u00a0<em><a href=\"http:\/\/fulviocortese.it\/?p=6482\">La strada verso est<\/a><\/em>\u00a0&#8211; l\u2019Autore si mette \u201cSulle tracce di un criminale nazista\u201d, l\u2019austriaco <a href=\"https:\/\/en.wikipedia.org\/wiki\/Otto_W\u00e4chter\">Otto von W\u00e4chter<\/a>. Che durante la seconda guerra mondiale aveva servito come governatore della Galizia occupata, dove si era macchiato del rastrellamento, dello sgombero e della liquidazione di molte migliaia di ebrei. All\u2019atto della disfatta dell\u2019esercito tedesco, W\u00e4chter era scomparso, per poi riemergere nell\u2019estate del 1949 in un ospedale di Roma, sul letto di morte. Sands ne aveva gi\u00e0 conosciuto il figlio Horst, progettando un documentario &#8211; poi effettivamente <a href=\"https:\/\/youtu.be\/Jhn6oHwM7Kc?si=4yuejfsvHBL_f5-i\">realizzato<\/a> &#8211; in cui farlo interagire con Niklas Frank, figlio, a sua volta, di un altro <a href=\"https:\/\/en.wikipedia.org\/wiki\/Hans_Frank\">gerarca nazista<\/a>, condannato a morte a Norimberga e impiccato. E mentre Niklas pare aver metabolizzato l\u2019identit\u00e0 e le azioni del padre, Horst \u00e8 arroccato in un opposto percorso di negazione e riabilitazione. Eppure \u00e8 proprio Horst ad aiutare e accompagnare le ricerche di Sands.\u00a0<em>La via di fuga<\/em>\u00a0\u00e8 il racconto di questa inchiesta, una specie di diario dei reiterati sforzi che l\u2019Autore compie per ricostruire sia il retroterra familiare e l\u2019ascesa politica di von W\u00e4chter sia la traiettoria rocambolesca del suo tentativo di sfuggire alla cattura e di riparare in altri paesi.\u00a0<\/p>\n\n\n\n<p>Il saggio, da un lato, costituisce un\u2019occasione buona per gettare luce sulla rete di complicit\u00e0 di cui i criminali nazisti hanno goduto, e quindi anche sulla cd. ratline, la \u201cstrada dei topi\u201d, il \u201cpercorso\u201d sicuro di cui molti di loro &#8211; spesso sotto la protezione di influenti ambienti ecclesiastici e di corpi specializzati dell\u2019intelligence delle forze alleate &#8211; hanno usufruito, dal Sud della Germania all\u2019Alto Adige, da Roma al Sudamerica. Anche nel caso di von W\u00e4chter ritroviamo tutto il repertorio di questo genere di vicende, animate da alti prelati, ex fascisti o collaborazionisti, spie russe e americane. E dal sospetto che la fine del gerarca (ufficialmente deceduto a causa di un\u2019infezione epatica) non sia stata casuale. Dunque in&nbsp;<em>La via di fuga<\/em>&nbsp;le esplorazioni storiche si mescolano al gusto per il mistero e l\u2019intrigo internazionale. Nel lavoro di Sands, per\u00f2, ci\u00f2 che \u00e8 ancor pi\u00f9 apprezzabile si ritrova in altre due caratteristiche. Innanzitutto, la tenace puntigliosit\u00e0 dell\u2019investigazione, che sa ricorrere a tutte le fonti e le risorse disponibili, e si esprime a sua volta in un viaggio, in una biografia: non \u00e8 solo quella del soggetto prescelto, ma \u00e8 anche quella dell\u2019Autore, che si pone alcune domande, e le cui tappe si rincorrono e si ripropongono costantemente, in un andirivieni tra ieri e oggi. In secondo luogo, si avverte il senso, afferrabilissimo, di un\u2019urgenza interiore, che non smette mai di chiedersi il&nbsp;<em>perch\u00e9<\/em>&nbsp;di tanti orrori e, soprattutto, che vuole interrogare scelte ed esistenze, individuali e collettive, tanto imperscutabili quanto angosciosamente persistenti.<\/p>\n\n\n\n<p>PS: per amplificare le sensazioni e le riflessioni che\u00a0<em>La via di fuga<\/em>\u00a0pu\u00f2 produrre, la sua lettura pu\u00f2 essere utilmente accompagnata da altre due recenti pubblicazioni: il romanzo di Marco Ballestracci,\u00a0<em><a href=\"https:\/\/www.raetia.com\/de\/travenbooks\/878-preludio-e-fuga-di-riccardo-klement.html\">Preludio e fuga di Riccardo Klement<\/a>\u00a0<\/em>(che ha come protagonista Adolf Eichmann); l\u2019approfondimento storico di Uwe Neumahr,\u00a0<em><a href=\"https:\/\/www.marsilioeditori.it\/libri\/scheda-libro\/2971983\/il-castello-degli-scrittori\">Il castello degli scrittori<\/a><\/em> (che ricostruisce le interazioni tra coloro che, inviati dalle pi\u00f9 diverse testate giornalistiche, hanno raccontato il processo di Norimberga).<\/p>\n","protected":false},"excerpt":{"rendered":"<p>In questo libro &#8211; che costituisce uno spin off del precedente, bellissimo e fortunatissimo,\u00a0La strada verso est\u00a0&#8211; l\u2019Autore si mette \u201cSulle tracce di un criminale nazista\u201d, l\u2019austriaco Otto von W\u00e4chter. Che durante la seconda guerra mondiale aveva servito come governatore della Galizia occupata, dove si era macchiato del rastrellamento, dello sgombero e della liquidazione di <a href='https:\/\/fulviocortese.it\/?p=9438'>[&#8230;]<\/a><\/p>\n","protected":false},"author":1,"featured_media":0,"comment_status":"closed","ping_status":"open","sticky":false,"template":"","format":"standard","meta":{"footnotes":""},"categories":[1],"tags":[557,558,556,58,459],"class_list":["post-9438","post","type-post","status-publish","format-standard","hentry","category-biblio","tag-crimini-di-guerra","tag-nazisti","tag-olocausto","tag-saggio","tag-seconda-guerra-mondiale","category-1-id","post-seq-1","post-parity-odd","full-content"],"_links":{"self":[{"href":"https:\/\/fulviocortese.it\/index.php?rest_route=\/wp\/v2\/posts\/9438","targetHints":{"allow":["GET"]}}],"collection":[{"href":"https:\/\/fulviocortese.it\/index.php?rest_route=\/wp\/v2\/posts"}],"about":[{"href":"https:\/\/fulviocortese.it\/index.php?rest_route=\/wp\/v2\/types\/post"}],"author":[{"embeddable":true,"href":"https:\/\/fulviocortese.it\/index.php?rest_route=\/wp\/v2\/users\/1"}],"replies":[{"embeddable":true,"href":"https:\/\/fulviocortese.it\/index.php?rest_route=%2Fwp%2Fv2%2Fcomments&post=9438"}],"version-history":[{"count":8,"href":"https:\/\/fulviocortese.it\/index.php?rest_route=\/wp\/v2\/posts\/9438\/revisions"}],"predecessor-version":[{"id":9446,"href":"https:\/\/fulviocortese.it\/index.php?rest_route=\/wp\/v2\/posts\/9438\/revisions\/9446"}],"wp:attachment":[{"href":"https:\/\/fulviocortese.it\/index.php?rest_route=%2Fwp%2Fv2%2Fmedia&parent=9438"}],"wp:term":[{"taxonomy":"category","embeddable":true,"href":"https:\/\/fulviocortese.it\/index.php?rest_route=%2Fwp%2Fv2%2Fcategories&post=9438"},{"taxonomy":"post_tag","embeddable":true,"href":"https:\/\/fulviocortese.it\/index.php?rest_route=%2Fwp%2Fv2%2Ftags&post=9438"}],"curies":[{"name":"wp","href":"https:\/\/api.w.org\/{rel}","templated":true}]}}