{"id":9335,"date":"2023-12-22T18:50:59","date_gmt":"2023-12-22T17:50:59","guid":{"rendered":"http:\/\/fulviocortese.it\/?p=9335"},"modified":"2023-12-22T18:51:00","modified_gmt":"2023-12-22T17:51:00","slug":"la-conca-buia-claudio-morandini","status":"publish","type":"post","link":"https:\/\/fulviocortese.it\/?p=9335","title":{"rendered":"La conca buia (Claudio Morandini)"},"content":{"rendered":"\n<div class=\"wp-block-image\"><figure class=\"alignleft is-resized\"><img loading=\"lazy\" decoding=\"async\" src=\"https:\/\/www.edizioninottetempo.it\/media\/catalog\/product\/cache\/5d7104ff50d13f1be4e236565dc6191b\/image\/15705649\/la-conca-buia-claudio-morandini.jpg\" alt=\"\" width=\"225\" height=\"321\"\/><\/figure><\/div>\n\n\n\n<p>Franco Gavagli\u00e0 \u00e8 sindaco di un piccolo comune. Viene da una frazione di montagna, dove \u00e8 cresciuto in baita, sopportando le difficolt\u00e0 di una vita, e di una natura, aspra e le continue violenze, terribili, del padre. Soltanto negli anni dell\u2019universit\u00e0 \u00e8 riuscito a realizzare il suo sogno di fuga e a costruirsi uno spazio autonomo di riconoscimento sociale. Ora si avvicina una nuova campagna elettorale e, a quanto dice il suo vice, occorre inventarsi qualcosa di efficace per continuare a convincere gli elettori e contrastare le mire dell\u2019altro candidato, il temibile Ursini. \u00c8 questa la scena in cui si articola la storia che le stesse parole di Gavagli\u00e0 percorrono passo dopo passo, nel suo rivolgersi, un po\u2019 pacato e sollecito, ma anche un po\u2019 disilluso, alla figlia Leda. Ed \u00e8 una storia che, in parte, \u00e8 buia come la conca in cui il piccolo Franco cercava rifugio, sui monti, lontano dalle angherie paterne; e in altra parte, invece, \u00e8 semplicemente&nbsp;<em>trista<\/em>, perch\u00e9 disseminata da un sentimento diffuso di soffocato rancore e di reiterato fallimento. Il fatto \u00e8 che, al termine di un farsesco e calcolato tentativo di comunicazione elettorale &#8211; nel quale il protagonista cerca di ripescare l\u2019anziano padre e farne l\u2019esempio inverosimile di antiche e formidabili virt\u00f9, e di un rapporto filiale autentico &#8211; il disastro, per Gavagli\u00e0, si presenta in tutta la sua inevitabile dimensione.<\/p>\n\n\n\n<p>Quello di Morandini \u00e8 libro duro, che macina dentro. Inoltre, contiene moltissime sollecitazioni. Non \u00e8 soltanto un antidoto alle troppo facili idealizzazioni di certi ambienti, considerati sempre, romanticamente, come primigeni e fortificanti. \u00c8 anche una somma di parabole: sul rapporto padri-figli, come, pi\u00f9 in generale, sulle relazioni, e incomprensioni, tra generazioni diverse; sulla pochezza di un modo ben noto di fare politica; sulle insidie delle ambizioni e dei traumi pi\u00f9 radicati e irrisolti; sull\u2019ostinata, ma terribile, tendenza a restare pur sempre vincolati a un\u2019idea troppo personale delle proprie origini; sul bisogno, reale, di interlocuzioni pi\u00f9 umane e comprensive. <em>La conca buia<\/em>, poi, \u00e8 anche il trattamento perfetto per una commedia nera, che funzionerebbe molto bene sia in teatro, sia al cinema. Pi\u00f9 di tutto, per\u00f2, a stupire \u00e8 lo stile o, meglio, il\u00a0<em>tono<\/em>\u00a0della narrazione. Che si tiene sul registro agro e disincantato della nevrosi; dell\u2019amara consapevolezza, cio\u00e8, che solo chi \u00e8 davvero afflitto o malato sa provare fino in fondo. Ci troviamo, dunque, di fronte a una scrittura molto pi\u00f9 studiata ed elaborata di quanto possa apparire: un esperimento di sintonia &#8211; tra verbo e argomento &#8211; che pu\u00f2 dirsi riuscito.<\/p>\n\n\n\n<p><em>PS: a conferma della lungolatenza delle suggestioni che questo romanzo sa imprimere su chi lo legge, non resisto a esprimere la sensazione che questo Autore abbia una spiccata sensibilit\u00e0 leopardiana. Anche la Natura di Morandini non si arresta, n\u00e9 si accomoda, di fronte a nulla\u2026<\/em><\/p>\n\n\n\n<p>Recensioni (di <a href=\"https:\/\/www.satisfiction.eu\/claudio-morandini-la-conca-buia\/\">S. Bonazzi<\/a>; di <a href=\"https:\/\/www.treccani.it\/magazine\/lingua_italiana\/recensioni\/recensione_553.html\">G. Gala<\/a>; di <a href=\"https:\/\/www.huffingtonpost.it\/blog\/2023\/11\/08\/news\/una_questione_di_spazio-14075539\/\">G. Montieri<\/a>; di <a href=\"https:\/\/poetarumsilva.com\/2023\/11\/15\/il-peso-del-tempo-anteriore-la-conca-buia-di-claudio-morandini-di-alice-pisu\/\">A. Pisu<\/a>)<\/p>\n\n\n\n<p><a href=\"https:\/\/www.raicultura.it\/letteratura\/articoli\/2023\/11\/Claudio-Morandini-La-conca-buia-23aaba81-22e3-443a-a267-f76d80143db5.html\">L\u2019Autore racconta il suo libro<\/a><\/p>\n\n\n\n<p>Due intervista a Claudio Morandini: <a href=\"https:\/\/www.linkiesta.it\/2023\/10\/la-conca-buia-nottetempo-claudio-morandini-intervista\/\">qui<\/a> e <a href=\"https:\/\/www.satisfiction.eu\/la-conca-buia-intervista-a-claudio-morandini\/\">qui<\/a><\/p>\n","protected":false},"excerpt":{"rendered":"<p>Franco Gavagli\u00e0 \u00e8 sindaco di un piccolo comune. Viene da una frazione di montagna, dove \u00e8 cresciuto in baita, sopportando le difficolt\u00e0 di una vita, e di una natura, aspra e le continue violenze, terribili, del padre. Soltanto negli anni dell\u2019universit\u00e0 \u00e8 riuscito a realizzare il suo sogno di fuga e a costruirsi uno spazio <a href='https:\/\/fulviocortese.it\/?p=9335'>[&#8230;]<\/a><\/p>\n","protected":false},"author":1,"featured_media":0,"comment_status":"closed","ping_status":"open","sticky":false,"template":"","format":"standard","meta":{"footnotes":""},"categories":[1],"tags":[24,122,547,108,38],"class_list":["post-9335","post","type-post","status-publish","format-standard","hentry","category-biblio","tag-montagna","tag-natura","tag-padri-e-figli","tag-politica","tag-romanzo","category-1-id","post-seq-1","post-parity-odd","full-content"],"_links":{"self":[{"href":"https:\/\/fulviocortese.it\/index.php?rest_route=\/wp\/v2\/posts\/9335","targetHints":{"allow":["GET"]}}],"collection":[{"href":"https:\/\/fulviocortese.it\/index.php?rest_route=\/wp\/v2\/posts"}],"about":[{"href":"https:\/\/fulviocortese.it\/index.php?rest_route=\/wp\/v2\/types\/post"}],"author":[{"embeddable":true,"href":"https:\/\/fulviocortese.it\/index.php?rest_route=\/wp\/v2\/users\/1"}],"replies":[{"embeddable":true,"href":"https:\/\/fulviocortese.it\/index.php?rest_route=%2Fwp%2Fv2%2Fcomments&post=9335"}],"version-history":[{"count":7,"href":"https:\/\/fulviocortese.it\/index.php?rest_route=\/wp\/v2\/posts\/9335\/revisions"}],"predecessor-version":[{"id":9342,"href":"https:\/\/fulviocortese.it\/index.php?rest_route=\/wp\/v2\/posts\/9335\/revisions\/9342"}],"wp:attachment":[{"href":"https:\/\/fulviocortese.it\/index.php?rest_route=%2Fwp%2Fv2%2Fmedia&parent=9335"}],"wp:term":[{"taxonomy":"category","embeddable":true,"href":"https:\/\/fulviocortese.it\/index.php?rest_route=%2Fwp%2Fv2%2Fcategories&post=9335"},{"taxonomy":"post_tag","embeddable":true,"href":"https:\/\/fulviocortese.it\/index.php?rest_route=%2Fwp%2Fv2%2Ftags&post=9335"}],"curies":[{"name":"wp","href":"https:\/\/api.w.org\/{rel}","templated":true}]}}