{"id":7486,"date":"2019-12-31T09:19:06","date_gmt":"2019-12-31T08:19:06","guid":{"rendered":"http:\/\/fulviocortese.it\/?p=7486"},"modified":"2020-01-08T16:42:00","modified_gmt":"2020-01-08T15:42:00","slug":"il-colibri-sandro-veronesi","status":"publish","type":"post","link":"https:\/\/fulviocortese.it\/?p=7486","title":{"rendered":"Il colibr\u00ec (Sandro Veronesi)"},"content":{"rendered":"\n<div class=\"wp-block-image\"><figure class=\"alignleft is-resized\"><img loading=\"lazy\" decoding=\"async\" src=\"http:\/\/www.lanavediteseo.eu\/wp-content\/uploads\/2019\/12\/cover-colibri-ok-copia-1.jpg\" alt=\"\" width=\"209\" height=\"312\"\/><\/figure><\/div>\n\n\n\n<p>Marco Carrera, oftalmologo, \u00e8 il colibr\u00ec. Lo hanno chiamato cos\u00ec durante l&#8217;infanzia, perch\u00e9 il suo fisico sembrava destinato a rimanere un po&#8217; pi\u00f9 piccolo di quello dei suoi coetanei. Poi \u00e8 improvvisamente cresciuto, forse anche grazie a una cura sperimentale che il padre ingegnere ha tanto voluto e che la madre architetto, invece, guardava con indifferenza. La vita di Marco, da lui stesso ripercorsa, tra Roma, Firenze e Bolgheri, \u00e8 stata ricca di eventi, che nel racconto si svelano gradualmente, in un ordine che non sempre \u00e8 quello cronologico: il matrimonio con Marina, tutto sommato casuale, ma fallito all&#8217;improvviso a distanza di tanti anni; uno scampato incidente aereo, dal quale si \u00e8 salvato per la forza indicibile di un amico iettatore; l&#8217;amore per Luisa, ripetutamente cercato, mai realizzato; un debole precoce per il gioco d&#8217;azzardo, coltivato con grande fortuna e riscoperto anche in et\u00e0 matura; il suicidio della sorella Irene, tanto temuto e poi, di colpo, effettivamente arrivato; la rottura col fratello Giacomo, anch&#8217;egli innamorato di Luisa; il rapporto con i genitori, Probo e Letizia, entrambi gravemente malati e assistiti fino alla morte; lo stretto legame con la figlia Adele, che per\u00f2 scompare prematuramente durante una scalata, e con la nipotina Mirajin, che offre al colibr\u00ec un punto di riferimento certo, per ci\u00f2 che \u00e8 accaduto e per ci\u00f2 che accadr\u00e0, fino al termine dei suoi giorni. I fili che legano il racconto &#8211; altrimenti ondivago &#8211; sono il rapporto di complicit\u00e0 tra Marco e il dottor Carradori, che da psicanalista della moglie diventa confidente e amico; le lettere di riconciliazione che il colibr\u00ec spedisce a Giacomo, senza ricevere mai risposta; lo scambio epistolare con Luisa, frutto stagionale di una relazione esclusivamente cerebrale. \u00c8 proprio Luisa, in una lettera, che prova a intuire il segreto di Marco, annunciato scopertamente, in realt\u00e0,&nbsp; sin dalla quarta di copertina del libro: tutta la sua energia, tutta la sua vita, tutto il suo continuo sbatter d&#8217;ali sono stati dedicati a &#8220;restare fermo&#8221;, a perseguire e difendere un&#8217;invariabile equilibrio esistenziale.<\/p>\n\n\n\n<p>Di questo romanzo si discute da pi\u00f9 parti in termini entusiastici. Per alcuni \u00e8 il libro dell&#8217;anno. C&#8217;\u00e8 chi intravede nella storia di Marco Carrera una riedizione della (dis)avventura biblica di Giobbe, nel senso della resistenza di chi affronta naturalmente il proprio destino. C&#8217;\u00e8 chi ne premia la capacit\u00e0 di esprimere, anche criticamente, una rappresentazione efficace della borghesia italiana e del suo egoismo improduttivo. C&#8217;\u00e8, poi, chi loda lo stile, perch\u00e9 la scorrevolezza si accompagna a una particolare versatilit\u00e0 espressiva, che comunica l&#8217;effetto di un&#8217;evidente facilit\u00e0 di composizione. Quest&#8217;ultima \u00e8 la valutazione che si pu\u00f2 senz&#8217;altro condividere. La verit\u00e0, infatti, \u00e8 che <em>Il colibr\u00ec<\/em> \u00e8 una riuscitissima prova di scrittura, confezionata in un intreccio plurale e complessivamente ammiccante. Se ci si aspetta la storia familiare, la si trova; se si vuole la storia d&#8217;amore, ce n&#8217;\u00e8 pi\u00f9 di una; se ci si concentra sul romanzo di formazione, se ne resta soddisfatti (addirittura nel senso quasi ironico della formazione continua&#8230;); se si ricerca il ritmo della commedia italiana pi\u00f9 tradizionale, lo si pu\u00f2 avvertire distintamente (vi si avvertono, simultaneamente, gli sguardi agrodolci di Dino Risi, Pupi Avati e Paolo Virz\u00ec); se si spera di incrociare qualche spunto intellettualmente sofisticato, lo si pu\u00f2 incontrare (compiacendosi, ad esempio, delle citazioni di Manganelli e Prampolini), come ci si pu\u00f2 imbattere anche in notevoli frasi ad effetto (&#8220;I lupi non uccidono i cervi sfortunati. [&#8230;] Uccidono quelli deboli&#8221;). Infine, non mancano i riferimenti &#8211; rigorosamente politically correct &#8211; alla grande e pi\u00f9 spinosa attualit\u00e0 (dall&#8217;eutanasia all&#8217;accoglienza delle diversit\u00e0). <em>Il colibr\u00ec<\/em>, in definitiva, \u00e8 un romanzo-specchio, nel quale ogni lettore ha un&#8217;apprezzabile possibilit\u00e0 di trovare una testa di ponte per un proprio punto di interesse, e di farlo con piacere e senza alcuna fatica. Ecco che cosa ha confezionato Veronesi: un accessibilissimo e godibilissimo capo <em>pr\u00eat-\u00e0-porter<\/em>.<\/p>\n\n\n\n<p>Recensioni (di <a href=\"http:\/\/www.minimaetmoralia.it\/wp\/colibri-veronesi-vola-alto\/\">Valentina Berengo<\/a>; di <a href=\"https:\/\/www.rivistastudio.com\/il-colibri-sandro-veronesi\/\">Francesco Longo<\/a>; di <a href=\"http:\/\/www.succedeoggi.it\/2019\/11\/il-mondo-di-veronesi\/\">Daniela Matronola<\/a>; di <a href=\"https:\/\/www.corriere.it\/cultura\/19_novembre_02\/ecco-che-cosa-ho-imparato-leggendo-il-colibri-sandro-veronesi-a0e26c84-fccb-11e9-850d-5e44dc14944c.shtml\">Alessandro Piperno<\/a>; di <a href=\"https:\/\/www.iltascabile.com\/letterature\/la-vocazione-di-sandro-veronesi\/\">Christian Raimo<\/a>; di <a href=\"https:\/\/www.satisfiction.eu\/sandro-veronesi-il-colibri\/\">Gian Paolo Serino<\/a>)<\/p>\n\n\n\n<p><a href=\"https:\/\/www.raicultura.it\/letteratura\/articoli\/2019\/11\/Sandro-Veronesi-Il-colibr--b096b9a1-c6b3-4d13-a132-8b6081a9d6c2.html\">L&#8217;Autore presenta il suo libro<\/a><\/p>\n","protected":false},"excerpt":{"rendered":"<p>Marco Carrera, oftalmologo, \u00e8 il colibr\u00ec. Lo hanno chiamato cos\u00ec durante l&#8217;infanzia, perch\u00e9 il suo fisico sembrava destinato a rimanere un po&#8217; pi\u00f9 piccolo di quello dei suoi coetanei. Poi \u00e8 improvvisamente cresciuto, forse anche grazie a una cura sperimentale che il padre ingegnere ha tanto voluto e che la madre architetto, invece, guardava con <a href='https:\/\/fulviocortese.it\/?p=7486'>[&#8230;]<\/a><\/p>\n","protected":false},"author":1,"featured_media":0,"comment_status":"closed","ping_status":"open","sticky":false,"template":"","format":"standard","meta":{"footnotes":""},"categories":[1],"tags":[145,372,230,127,38],"class_list":["post-7486","post","type-post","status-publish","format-standard","hentry","category-biblio","tag-amore","tag-famiglia","tag-italia","tag-letteratura","tag-romanzo","category-1-id","post-seq-1","post-parity-odd","full-content"],"_links":{"self":[{"href":"https:\/\/fulviocortese.it\/index.php?rest_route=\/wp\/v2\/posts\/7486","targetHints":{"allow":["GET"]}}],"collection":[{"href":"https:\/\/fulviocortese.it\/index.php?rest_route=\/wp\/v2\/posts"}],"about":[{"href":"https:\/\/fulviocortese.it\/index.php?rest_route=\/wp\/v2\/types\/post"}],"author":[{"embeddable":true,"href":"https:\/\/fulviocortese.it\/index.php?rest_route=\/wp\/v2\/users\/1"}],"replies":[{"embeddable":true,"href":"https:\/\/fulviocortese.it\/index.php?rest_route=%2Fwp%2Fv2%2Fcomments&post=7486"}],"version-history":[{"count":6,"href":"https:\/\/fulviocortese.it\/index.php?rest_route=\/wp\/v2\/posts\/7486\/revisions"}],"predecessor-version":[{"id":7505,"href":"https:\/\/fulviocortese.it\/index.php?rest_route=\/wp\/v2\/posts\/7486\/revisions\/7505"}],"wp:attachment":[{"href":"https:\/\/fulviocortese.it\/index.php?rest_route=%2Fwp%2Fv2%2Fmedia&parent=7486"}],"wp:term":[{"taxonomy":"category","embeddable":true,"href":"https:\/\/fulviocortese.it\/index.php?rest_route=%2Fwp%2Fv2%2Fcategories&post=7486"},{"taxonomy":"post_tag","embeddable":true,"href":"https:\/\/fulviocortese.it\/index.php?rest_route=%2Fwp%2Fv2%2Ftags&post=7486"}],"curies":[{"name":"wp","href":"https:\/\/api.w.org\/{rel}","templated":true}]}}