{"id":2140,"date":"2013-11-13T09:54:33","date_gmt":"2013-11-13T07:54:33","guid":{"rendered":"http:\/\/fulviocortese.it\/?p=2140"},"modified":"2014-01-04T11:49:20","modified_gmt":"2014-01-04T10:49:20","slug":"tutte-le-poesie-vittorio-bodini","status":"publish","type":"post","link":"https:\/\/fulviocortese.it\/?p=2140","title":{"rendered":"Tutte le poesie (Vittorio Bodini)"},"content":{"rendered":"<p><!--[if gte mso 9]><xml>\n<w:WordDocument>\n<w:View>Normal<\/w:View>\n<w:Zoom>0<\/w:Zoom>\n<w:HyphenationZone>14<\/w:HyphenationZone>\n<w:Compatibility>\n<w:BreakWrappedTables\/>\n<w:SnapToGridInCell\/>\n<w:WrapTextWithPunct\/>\n<w:UseAsianBreakRules\/>\n<\/w:Compatibility>\n<w:BrowserLevel>MicrosoftInternetExplorer4<\/w:BrowserLevel>\n<\/w:WordDocument>\n<\/xml><![endif]--><\/p>\n<p><!--[if gte mso 10]>\n\n\n\n<style>\n \/* Style Definitions *\/\n table.MsoNormalTable\n\t{mso-style-name:\"Tabella normale\";\n\tmso-tstyle-rowband-size:0;\n\tmso-tstyle-colband-size:0;\n\tmso-style-noshow:yes;\n\tmso-style-parent:\"\";\n\tmso-padding-alt:0cm 5.4pt 0cm 5.4pt;\n\tmso-para-margin:0cm;\n\tmso-para-margin-bottom:.0001pt;\n\tmso-pagination:widow-orphan;\n\tfont-size:10.0pt;\n\tfont-family:\"Times New Roman\";}\n<\/style>\n\n<![endif]--><\/p>\n<p class=\"MsoNormal\" style=\"text-align: justify;\"><a href=\"http:\/\/www.besaeditrice.it\/component\/virtuemart\/?page=shop.product_details&amp;flypage=flypage_new.tpl&amp;product_id=100&amp;category_id=8\"><img loading=\"lazy\" decoding=\"async\" class=\"alignleft\" alt=\"\" src=\"http:\/\/www.inmondadori.it\/img\/Tutte-le-poesie-Vittorio-Bodini\/ea978884970716\/BL\/BL\/01\/ZOM\/?tit=Tutte+le+poesie&amp;aut=Vittorio+Bodini\" width=\"172\" height=\"258\" \/><\/a>Non conoscevo il salentino Bodini, e quindi non sapevo che fosse un grande poeta. Ora posso dire, retroattivamente, che era una mancanza imperdonabile. E devo ringraziare chi mi ha permesso di leggere questo volume, che ne riproduce tutta l\u2019opera in versi. In una delle prime pagine scopro che si tratta di un\u2019edizione che fotografa fedelmente quelle pubblicate da Mondadori, prima nel 1972 e poi nel 1983, e che si avvale della puntigliosissima introduzione di Oreste Macr\u00ec, che gi\u00e0 le corredava. Mi stupisco che i grandi editori non lo abbiano pi\u00f9 riproposto. O forse no. \u00c8 l\u2019ennesimo sintomo della conclamata dissociazione tra una cultura letteraria ormai esangue e un\u2019impresa del libro che sta perdendo volutamente la memoria.<span style=\"mso-tab-count: 1;\">\u00a0\u00a0\u00a0\u00a0\u00a0\u00a0\u00a0\u00a0 <\/span><\/p>\n<p class=\"MsoNormal\" style=\"text-align: justify;\"><i style=\"mso-bidi-font-style: normal;\">Tu non conosci il Sud, le case di calce \/ da cui uscivamo al sole come numeri \/ dalla faccia d\u2019un dado<\/i> (p. 93). Il primo pezzo de <i style=\"mso-bidi-font-style: normal;\">La luna dei Borboni<\/i> (il libro d\u2019esordio) non poteva essere pi\u00f9 incisivo. C\u2019\u00e8 tutto il Bodini di questa sua prima fase: c\u2019\u00e8 il Grande Meridione con la sua luce accecante e con i suoi simboli schiaccianti, c\u2019\u00e8 una fatalit\u00e0 epica che invade gli spazi e gli uomini, c\u2019\u00e8 la rabbia per una condizione irrefutabile che solo l\u2019iniziato pu\u00f2 comprendere, e c\u2019\u00e8 il preludio alla ricerca di una verit\u00e0 e di una <em>chiave<\/em> perduta, che forse \u00e8 quella di <a href=\"http:\/\/www.progettoblio.com\/files\/F9-10.pdf\">Spagna<\/a>, con la sua terra e con la sua cultura, onnipresenti. Ma c\u2019\u00e8 anche la voglia di affidarsi alle cose, alla loro saggezza e alla loro storia, di trovarvi un appiglio, per ricavare energia e darsi un senso, anche se, in questo abbandono, prevale sempre l\u2019ignoto, lo stordimento, la condanna ad un destino di misera. Cos\u00ec \u00e8, ad esempio, in <i style=\"mso-bidi-font-style: normal;\">Quanta rabbia di esistere<\/i> (p. 110), che pure ha un tono quasi scherzoso. Cos\u00ec \u00e8 anche nella bella <i style=\"mso-bidi-font-style: normal;\">Finibusterrae <\/i>(p. 121), che un po\u2019, nel breve, fa il verso a <i style=\"mso-bidi-font-style: normal;\">Le Bateau ivre<\/i> di Rimbaud, e qui, nella tragedia, non c\u2019\u00e8 alcuna redenzione; il destino maledetto avvolge tutto il Paese. La speranza, per Bodini, arriva solo nella contemplazione di una perduta religiosit\u00e0 bizantina e poi barocca, nella ricerca di una concentrazione mistica capace di veicolare una fede che effettivamente aprir\u00e0 un nuovo momento della sua poesia: <i style=\"mso-bidi-font-style: normal;\">Come far\u00f2 \/ a diventare antico \/ almeno fino ai secoli in cui un demone \/ sveniva in ogni bianco giglio \/ e l\u2019universo era gi\u00e0 tutto scritto \/ in un rampante agreste mosaico? \/ Essere un angelo che dice \/ dalla bocca <\/i>Iesu Iesu<i style=\"mso-bidi-font-style: normal;\"> in un dorato cartiglio \/ al tempo delle pietre preziose che avvelenavano<\/i> (p. 136). Seguono, nella seconda parte del libro, frammenti inediti, altrettanto illuminanti, come fari di una consapevolezza talvolta, e finalmente, raggiunta, sempre scettica, ma punteggiata di passione.<span style=\"mso-tab-count: 1;\">\u00a0\u00a0 <\/span><\/p>\n<p class=\"MsoNormal\" style=\"text-align: justify;\">Di tutte le poesie di questa raccolta, quelle che oggi paiono pi\u00f9 <i style=\"mso-bidi-font-style: normal;\">contemporanee<\/i> di altre si trovano in <i style=\"mso-bidi-font-style: normal;\">Metamor <\/i>e affrontano la critica alle illusioni del progresso e del boom economico. Ci presentano un Bodini quasi nostalgico e, a suo modo, pasoliniano. Ma i suoi versi non sono di protesta. Come in <i style=\"mso-bidi-font-style: normal;\">Testo a fronte<\/i> (p. 149), la poesia di <i style=\"mso-bidi-font-style: normal;\">Metamor<\/i> \u00e8 coscienza di un secolo che, nel suo bel mezzo, pu\u00f2 dirsi gi\u00e0 superato e pronto ad un continuo ed eterno ritorno di solitudine e di smarrimento, tanto invincibili quanto stranamente materni e rassicuranti.<\/p>\n<p class=\"MsoNormal\" style=\"text-align: justify;\"><a href=\"http:\/\/www.vittoriobodini.it\/\">La <em>home page<\/em> dedicata all&#8217;Autore<\/a><\/p>\n<p class=\"MsoNormal\" style=\"text-align: justify;\"><a href=\"http:\/\/www.poiein.it\/poe900\/bodini.htm\">Una selezione di poesie di Bodini<\/a><\/p>\n<p class=\"MsoNormal\" style=\"text-align: justify;\"><a href=\"http:\/\/blog.maremagnum.com\/articoli\/?p=484\">La grandezza oscurata di Vittorio Bodini (di Armando Audoli)<\/a><\/p>\n<p class=\"MsoNormal\" style=\"text-align: justify;\"><!--[if gte mso 9]><xml>\n<w:WordDocument>\n<w:View>Normal<\/w:View>\n<w:Zoom>0<\/w:Zoom>\n<w:HyphenationZone>14<\/w:HyphenationZone>\n<w:Compatibility>\n<w:BreakWrappedTables\/>\n<w:SnapToGridInCell\/>\n<w:WrapTextWithPunct\/>\n<w:UseAsianBreakRules\/>\n<\/w:Compatibility>\n<w:BrowserLevel>MicrosoftInternetExplorer4<\/w:BrowserLevel>\n<\/w:WordDocument>\n<\/xml><![endif]--><\/p>\n<p><!--[if gte mso 10]>\n\n\n\n<style>\n \/* Style Definitions *\/\n table.MsoNormalTable\n\t{mso-style-name:\"Tabella normale\";\n\tmso-tstyle-rowband-size:0;\n\tmso-tstyle-colband-size:0;\n\tmso-style-noshow:yes;\n\tmso-style-parent:\"\";\n\tmso-padding-alt:0cm 5.4pt 0cm 5.4pt;\n\tmso-para-margin:0cm;\n\tmso-para-margin-bottom:.0001pt;\n\tmso-pagination:widow-orphan;\n\tfont-size:10.0pt;\n\tfont-family:\"Times New Roman\";}\n<\/style>\n\n<![endif]--><i style=\"mso-bidi-font-style: normal;\"><\/i><em>Canzone semplice dell&#8217;esser se stessi<\/em><\/p>\n<p>L\u2019edera mi dice: non sarai<span style=\"mso-tab-count: 1;\">\u00a0\u00a0\u00a0\u00a0\u00a0\u00a0\u00a0 <\/span><br \/>\nmai edera. E il vento:<span style=\"mso-tab-count: 1;\">\u00a0\u00a0\u00a0 <\/span><br \/>\nnon sarai vento. E il mare: <span style=\"mso-tab-count: 1;\">\u00a0\u00a0\u00a0\u00a0\u00a0\u00a0 <\/span><br \/>\nnon sarai mare.<\/p>\n<p>I cenci, i fiumi, l\u2019alba della sposa<span style=\"mso-tab-count: 1;\">\u00a0\u00a0\u00a0\u00a0\u00a0\u00a0\u00a0\u00a0\u00a0 <\/span><br \/>\nmi dicono: non sarai cencio ne\u2019 fiume,<span style=\"mso-tab-count: 1;\">\u00a0 <\/span><br \/>\nnon sarai alba della sposa.<span style=\"mso-tab-count: 1;\">\u00a0\u00a0\u00a0\u00a0\u00a0\u00a0\u00a0 <\/span><\/p>\n<p>L\u2019ancora, il quattro di quadri, il divano-letto<span style=\"mso-tab-count: 1;\">\u00a0\u00a0\u00a0\u00a0 <\/span><br \/>\nmi dicono: non sarai noi<span style=\"mso-tab-count: 1;\">\u00a0\u00a0\u00a0\u00a0\u00a0\u00a0\u00a0\u00a0\u00a0\u00a0\u00a0 <\/span><br \/>\nnon lo sei mai stato.<span style=\"mso-tab-count: 1;\">\u00a0\u00a0\u00a0\u00a0\u00a0 <\/span><\/p>\n<p>E cos\u00ec il sogno, l\u2019arco, la penisola,<span style=\"mso-tab-count: 1;\">\u00a0\u00a0\u00a0\u00a0\u00a0\u00a0\u00a0 <\/span><br \/>\nla ragnatela, la macchina espresso.<span style=\"mso-tab-count: 1;\">\u00a0\u00a0\u00a0\u00a0\u00a0\u00a0 <\/span><\/p>\n<p>Dice lo specchio:<span style=\"mso-tab-count: 1;\">\u00a0\u00a0\u00a0\u00a0\u00a0\u00a0\u00a0\u00a0\u00a0 <\/span><br \/>\ncome vuoi essere specchiose non sai dare altro che la tua immagine?<span style=\"mso-tab-count: 1;\">\u00a0\u00a0 <\/span><\/p>\n<p>Dicono le cose: cerca d\u2019esser te stesso<span style=\"mso-tab-count: 1;\">\u00a0\u00a0\u00a0\u00a0\u00a0\u00a0\u00a0\u00a0\u00a0\u00a0\u00a0 <\/span><br \/>\nsenza di noi.<span style=\"mso-tab-count: 1;\">\u00a0\u00a0\u00a0\u00a0 <\/span><br \/>\nRisparmiaci il tuo amore.<span style=\"mso-tab-count: 1;\">\u00a0\u00a0\u00a0\u00a0\u00a0\u00a0\u00a0\u00a0\u00a0 <\/span><br \/>\nIo fuggo da ogni cosa delicatamente.<span style=\"mso-tab-count: 1;\">\u00a0\u00a0\u00a0 <\/span><br \/>\nProvo a esser solo. Trovo<span style=\"mso-tab-count: 1;\">\u00a0\u00a0\u00a0\u00a0\u00a0\u00a0\u00a0 <\/span><br \/>\nla morte e la paura.<span style=\"mso-tab-count: 1;\">\u00a0\u00a0\u00a0\u00a0\u00a0 <\/span><\/p>\n<p>(1962)<\/p>\n<p class=\"MsoNormal\" style=\"text-align: justify;\"><!--[if gte mso 9]><xml>\n<w:WordDocument>\n<w:View>Normal<\/w:View>\n<w:Zoom>0<\/w:Zoom>\n<w:HyphenationZone>14<\/w:HyphenationZone>\n<w:Compatibility>\n<w:BreakWrappedTables\/>\n<w:SnapToGridInCell\/>\n<w:WrapTextWithPunct\/>\n<w:UseAsianBreakRules\/>\n<\/w:Compatibility>\n<w:BrowserLevel>MicrosoftInternetExplorer4<\/w:BrowserLevel>\n<\/w:WordDocument>\n<\/xml><![endif]--><\/p>\n","protected":false},"excerpt":{"rendered":"<p>Non conoscevo il salentino Bodini, e quindi non sapevo che fosse un grande poeta. Ora posso dire, retroattivamente, che era una mancanza imperdonabile. E devo ringraziare chi mi ha permesso di leggere questo volume, che ne riproduce tutta l\u2019opera in versi. In una delle prime pagine scopro che si tratta di un\u2019edizione che fotografa fedelmente <a href='https:\/\/fulviocortese.it\/?p=2140'>[&#8230;]<\/a><\/p>\n","protected":false},"author":1,"featured_media":0,"comment_status":"closed","ping_status":"open","sticky":false,"template":"","format":"standard","meta":{"footnotes":""},"categories":[8],"tags":[321,320,231,17,191],"class_list":["post-2140","post","type-post","status-publish","format-standard","hentry","category-poesia","tag-iialia","tag-meridione","tag-novecento","tag-poesia-2","tag-spagna","category-8-id","post-seq-1","post-parity-odd","full-content"],"_links":{"self":[{"href":"https:\/\/fulviocortese.it\/index.php?rest_route=\/wp\/v2\/posts\/2140","targetHints":{"allow":["GET"]}}],"collection":[{"href":"https:\/\/fulviocortese.it\/index.php?rest_route=\/wp\/v2\/posts"}],"about":[{"href":"https:\/\/fulviocortese.it\/index.php?rest_route=\/wp\/v2\/types\/post"}],"author":[{"embeddable":true,"href":"https:\/\/fulviocortese.it\/index.php?rest_route=\/wp\/v2\/users\/1"}],"replies":[{"embeddable":true,"href":"https:\/\/fulviocortese.it\/index.php?rest_route=%2Fwp%2Fv2%2Fcomments&post=2140"}],"version-history":[{"count":15,"href":"https:\/\/fulviocortese.it\/index.php?rest_route=\/wp\/v2\/posts\/2140\/revisions"}],"predecessor-version":[{"id":2402,"href":"https:\/\/fulviocortese.it\/index.php?rest_route=\/wp\/v2\/posts\/2140\/revisions\/2402"}],"wp:attachment":[{"href":"https:\/\/fulviocortese.it\/index.php?rest_route=%2Fwp%2Fv2%2Fmedia&parent=2140"}],"wp:term":[{"taxonomy":"category","embeddable":true,"href":"https:\/\/fulviocortese.it\/index.php?rest_route=%2Fwp%2Fv2%2Fcategories&post=2140"},{"taxonomy":"post_tag","embeddable":true,"href":"https:\/\/fulviocortese.it\/index.php?rest_route=%2Fwp%2Fv2%2Ftags&post=2140"}],"curies":[{"name":"wp","href":"https:\/\/api.w.org\/{rel}","templated":true}]}}