{"id":205,"date":"2011-11-23T19:27:34","date_gmt":"2011-11-23T18:27:34","guid":{"rendered":"http:\/\/fulviocortese.it\/?p=205"},"modified":"2011-11-23T19:31:29","modified_gmt":"2011-11-23T18:31:29","slug":"tre-atti-e-due-tempi-giorgio-faletti","status":"publish","type":"post","link":"https:\/\/fulviocortese.it\/?p=205","title":{"rendered":"Tre atti e due tempi (Giorgio Faletti)"},"content":{"rendered":"<p><a href=\"http:\/\/www.einaudi.it\/libri\/libro\/giorgio-faletti\/tre-atti-e-due-tempi\/978880620425\"><img loading=\"lazy\" decoding=\"async\" class=\"alignleft\" title=\"faletti\" src=\"http:\/\/www.einaudi.it\/media\/img\/978880620425GRA.jpg\" alt=\"\" width=\"150\" height=\"232\" \/><\/a>Arriva <em>anche<\/em> il tempo della perplessit\u00e0\u2026 Cio\u00e8, arriva <em>anche <\/em>per un grande autore. In fondo, <em>anche <\/em>Stephen King ha vissuto stagioni difficili. Sta avvenendo la stessa cosa <em>anche<\/em> per Giorgio Faletti? Mi rendo conto che ci sono troppi \u201canche\u201d\u2026 ma come resistere all\u2019interrogativo pi\u00f9 spontaneo: <em>anche<\/em> lui \u00e8 un po\u2019 in crisi?<\/p>\n<p>Certamente Faletti non \u00e8 King, questo va detto. Per\u00f2 \u00e8 vero che Faletti, nel corso di questi ultimi anni, ha collezionato successi notevoli, raccogliendo un pubblico sempre pi\u00f9 numeroso di <em>aficionados<\/em>. Eppure, l\u2019ultima prova \u201cbreve\u201d non convince. E forse \u00e8 proprio la brevit\u00e0, che dovrebbe invece rappresentarne l&#8217;ultima ed agognata conquista, a mettere in difficolt\u00e0 un approccio narrativo finora fortunato.<\/p>\n<p>Con ordine, si pu\u00f2 dire, in primo luogo, che mentre il personaggio principale (Silvano Masoero, detto \u201cSilver\u201d) \u00e8 interessante e convincente, meno ficcante \u00e8 la trama in cui questo ex pugile corrotto si trova ad agire: la piaga del \u201ccalcio-scommesse\u201d \u00e8 troppo complessa, anche dal punto di vista sociale, per poter trovare uno specchio fedele nel racconto pedagogico di Faletti. Anzi, \u00e8 proprio l\u2019intento chiaramente pedagogico ad essere reso in modo non pienamente verosimile, poich\u00e9 Il Grinta, il figlio del protagonista e l\u2019idolo di una piccola squadra che sta per affrontare il <em>big match<\/em> per la promozione, difficilmente potrebbe rendersi autore, in una vita reale, del gesto finale che lo riabilita. Non si tratta, si badi, di una valutazione cinica o pessimistica; si tratta, viceversa, di un rilievo che si spiega nell\u2019ambito di una riflessione sull\u2019economia complessiva del romanzo, che presenta, gi\u00e0 di per s\u00e9, profili poco credibili (ivi compreso lo stratagemma, in s\u00e9 e per s\u00e9 avvincente, di cui \u00e8 autore l\u2019\u201ceroe\u201d di questa storia).<\/p>\n<p>In secondo luogo, poi, lo spazio delle poche pagine e del tempo assai ristretto in cui si svolge l\u2019azione mal si addice alla tecnica che \u00e8 propria del Faletti-scrittore, ossia alla \u201castuta\u201d capacit\u00e0 di punteggiare il discorso con valutazioni \/ massime \/ considerazioni tanto suggestive quanto, a rigore, non del tutto essenziali per la riuscita della storia. \u00c8, questo, il punto di forza di un linguaggio e di un tono che hanno catturato molti lettori e che, sicuramente, costituiscono parte del \u201csegreto\u201d di Faletti. Vero \u00e8 che il \u201csegreto\u201d, sulla \u201cbreve\u201d distanza di 143 pagine, \u00e8 troppo \u201cgrande\u201d per non essere apertamente svelato e per non sembrare artificioso e sproporzionato.<\/p>\n<p>Che dire ancora? Forse anche i <em>passi<\/em> falsi aiutano; anzi, \u00e8 proprio il protagonista del romanzo, Silvano Masoero, ad insegnarcelo! Quindi non si pu\u00f2 che augurare a Faletti di riconquistare il consueto <em>passo<\/em> che gli si addice.<\/p>\n<p><a title=\"Una recensione (invece) entusiastica di Antonio D\u2019Orrico\u2026 a onore della par condicio!\" href=\"http:\/\/www.corriere.it\/cultura\/11_novembre_04\/dorrico-faletti-thriller_56c62d2c-06af-11e1-b2db-bf661a45e1f2.shtml\">Una recensione (invece) entusiastica di Antonio D\u2019Orrico\u2026 a onore della <em>par condicio<\/em>!<\/a><\/p>\n","protected":false},"excerpt":{"rendered":"<p>Arriva anche il tempo della perplessit\u00e0\u2026 Cio\u00e8, arriva anche per un grande autore. In fondo, anche Stephen King ha vissuto stagioni difficili. Sta avvenendo la stessa cosa anche per Giorgio Faletti? Mi rendo conto che ci sono troppi \u201canche\u201d\u2026 ma come resistere all\u2019interrogativo pi\u00f9 spontaneo: anche lui \u00e8 un po\u2019 in crisi? Certamente Faletti non <a href='https:\/\/fulviocortese.it\/?p=205'>[&#8230;]<\/a><\/p>\n","protected":false},"author":1,"featured_media":0,"comment_status":"closed","ping_status":"open","sticky":false,"template":"","format":"image","meta":{"footnotes":""},"categories":[1],"tags":[84,83,21],"class_list":["post-205","post","type-post","status-publish","format-image","hentry","category-biblio","tag-calcio","tag-faletti","tag-gialli","post_format-post-format-image","category-1-id","post-seq-1","post-parity-odd","full-content"],"_links":{"self":[{"href":"https:\/\/fulviocortese.it\/index.php?rest_route=\/wp\/v2\/posts\/205","targetHints":{"allow":["GET"]}}],"collection":[{"href":"https:\/\/fulviocortese.it\/index.php?rest_route=\/wp\/v2\/posts"}],"about":[{"href":"https:\/\/fulviocortese.it\/index.php?rest_route=\/wp\/v2\/types\/post"}],"author":[{"embeddable":true,"href":"https:\/\/fulviocortese.it\/index.php?rest_route=\/wp\/v2\/users\/1"}],"replies":[{"embeddable":true,"href":"https:\/\/fulviocortese.it\/index.php?rest_route=%2Fwp%2Fv2%2Fcomments&post=205"}],"version-history":[{"count":4,"href":"https:\/\/fulviocortese.it\/index.php?rest_route=\/wp\/v2\/posts\/205\/revisions"}],"predecessor-version":[{"id":207,"href":"https:\/\/fulviocortese.it\/index.php?rest_route=\/wp\/v2\/posts\/205\/revisions\/207"}],"wp:attachment":[{"href":"https:\/\/fulviocortese.it\/index.php?rest_route=%2Fwp%2Fv2%2Fmedia&parent=205"}],"wp:term":[{"taxonomy":"category","embeddable":true,"href":"https:\/\/fulviocortese.it\/index.php?rest_route=%2Fwp%2Fv2%2Fcategories&post=205"},{"taxonomy":"post_tag","embeddable":true,"href":"https:\/\/fulviocortese.it\/index.php?rest_route=%2Fwp%2Fv2%2Ftags&post=205"}],"curies":[{"name":"wp","href":"https:\/\/api.w.org\/{rel}","templated":true}]}}