{"id":1446,"date":"2013-06-22T18:04:38","date_gmt":"2013-06-22T17:04:38","guid":{"rendered":"http:\/\/fulviocortese.it\/?p=1446"},"modified":"2013-06-22T18:13:25","modified_gmt":"2013-06-22T17:13:25","slug":"storia-dello-spirito-tedesco-nelle-memorie-dun-contemporaneo-giorgio-pasquali","status":"publish","type":"post","link":"https:\/\/fulviocortese.it\/?p=1446","title":{"rendered":"Storia dello spirito tedesco nelle memorie d\u2019un contemporaneo (Giorgio Pasquali)"},"content":{"rendered":"<p><!--[if gte mso 9]><xml>\n<w:WordDocument>\n<w:View>Normal<\/w:View>\n<w:Zoom>0<\/w:Zoom>\n<w:HyphenationZone>14<\/w:HyphenationZone>\n<w:Compatibility>\n<w:BreakWrappedTables\/>\n<w:SnapToGridInCell\/>\n<w:ApplyBreakingRules\/>\n<w:WrapTextWithPunct\/>\n<w:UseAsianBreakRules\/>\n<w:UseFELayout\/>\n<\/w:Compatibility>\n<w:BrowserLevel>MicrosoftInternetExplorer4<\/w:BrowserLevel>\n<\/w:WordDocument>\n<\/xml><![endif]--><\/p>\n<p><!--[if gte mso 10]>\n\n\n\n<style>\n \/* Style Definitions *\/\n table.MsoNormalTable\n\t{mso-style-name:\"Tabella normale\";\n\tmso-tstyle-rowband-size:0;\n\tmso-tstyle-colband-size:0;\n\tmso-style-noshow:yes;\n\tmso-style-parent:\"\";\n\tmso-padding-alt:0cm 5.4pt 0cm 5.4pt;\n\tmso-para-margin:0cm;\n\tmso-para-margin-bottom:.0001pt;\n\tmso-pagination:widow-orphan;\n\tfont-size:10.0pt;\n\tfont-family:\"Times New Roman\";\n\tmso-fareast-font-family:\"Times New Roman\";}\n<\/style>\n\n<![endif]--><\/p>\n<p class=\"MsoNormal\" style=\"text-align: justify; text-justify: inter-ideograph;\"><span style=\"mso-fareast-font-family: SimSun; mso-fareast-language: ZH-CN;\"><a href=\"http:\/\/www.adelphi.it\/libro\/9788845927973\"><img loading=\"lazy\" decoding=\"async\" class=\"alignleft\" alt=\"\" src=\"http:\/\/www.adelphi.it\/spool\/2e502b23d7848b109746af7da07b3233_w190_h_mw_mh.jpg \" width=\"190\" height=\"320\" \/><\/a>In questo gradevolissimo libretto, che risale al 1953, <a href=\"http:\/\/www.treccani.it\/enciclopedia\/giorgio-pasquali\/\">Giorgio Pasquali<\/a>, il pi\u00f9 grande filologo italiano, legge e commenta le memorie di <a href=\"http:\/\/www.treccani.it\/enciclopedia\/ludwig-curtius\/\">Ludwig Curtius<\/a>, uno dei pi\u00f9 famosi archeologi tedeschi. Non \u00e8 una recensione, anche se forse potrebbe costituire un prototipo per chiunque volesse cimentarsi in modo proficuo con questo genere di esercizio. Raccontare l\u2019esperienza del <em>collega<\/em> \u00e8 lo spunto per una serie di divagazioni e di osservazioni su costumi e formazione della classe intellettuale borghese tra Ottocento e Novecento, in Italia come in Germania e in Europa, ed anche su alcuni importanti eventi storici, quali il primo conflitto mondiale e l\u2019avvento di fascismo e nazismo. Sono molto incisivi anche i ritratti, pur velocissimi, di studiosi e di uomini noti di quei tempi, con una particolare attenzione dell\u2019Autore per tutto ci\u00f2 che serve a rappresentare lo stretto e necessario legame tra la vita dello scienziato e le questioni pubbliche dell\u2019epoca in cui vive.<\/span><\/p>\n<p class=\"MsoNormal\" style=\"text-align: justify; text-justify: inter-ideograph;\"><span style=\"mso-fareast-font-family: SimSun; mso-fareast-language: ZH-CN;\">Alcuni giudizi di Pasquali \u2013 soprattutto quelli su istruzione e mondo accademico \u2013 sono impagabili. Essi costituiscono lo specchio fedele, e critico, di un modello educativo definitivamente scomparso, ma, allo stesso tempo, possono anche offrire qualche idea per volenterosi riformatori del giorno d\u2019oggi e, pi\u00f9 in generale, per tutti coloro che, nel loro mestiere, abbiano a che fare con la crescita dei pi\u00f9 giovani. Non si tratta di vagheggiare il ritorno integrale a insegnamenti che, lungi dall\u2019essere validi in s\u00e9 e per s\u00e9, presuppongono l\u2019adesione a formule socio-economiche non pi\u00f9 riproponibili. Tuttavia si pu\u00f2 ancora apprezzare il gusto e l\u2019ambizione per una concezione forte della cultura e per il valore che essa pu\u00f2 avere nella costruzione di sensibilit\u00e0 libere e consapevoli. \u00c8 esemplare, tra i tanti, il passaggio in cui Pasquali si esprime sulle tante ed eterogenee letture del giovane Curtius: \u201clesse certo disordinatamente, che \u00e8 il modo migliore per chi ha interesse sincero per umana cultura, per chi non si chiude fin da principio dentro un gretto specialismo, rinunziando, per divenire scienziato senza perdere il tempo, a essere uomo (e la rinunzia per lo pi\u00f9 uccide in germe anche lo scienziato)\u201d (p. 34).<\/span><\/p>\n<p class=\"MsoNormal\" style=\"text-align: justify; text-justify: inter-ideograph;\"><!--[if gte mso 9]><xml>\n<w:WordDocument>\n<w:View>Normal<\/w:View>\n<w:Zoom>0<\/w:Zoom>\n<w:HyphenationZone>14<\/w:HyphenationZone>\n<w:Compatibility>\n<w:BreakWrappedTables\/>\n<w:SnapToGridInCell\/>\n<w:ApplyBreakingRules\/>\n<w:WrapTextWithPunct\/>\n<w:UseAsianBreakRules\/>\n<w:UseFELayout\/>\n<\/w:Compatibility>\n<w:BrowserLevel>MicrosoftInternetExplorer4<\/w:BrowserLevel>\n<\/w:WordDocument>\n<\/xml><![endif]--><\/p>\n<p class=\"MsoNormal\" style=\"text-align: justify; text-justify: inter-ideograph;\"><!--[if gte mso 10]><\/p>\n\n\n\n\n\n<style>\n \/* Style Definitions *\/\n table.MsoNormalTable\n\t{mso-style-name:\"Tabella normale\";\n\tmso-tstyle-rowband-size:0;\n\tmso-tstyle-colband-size:0;\n\tmso-style-noshow:yes;\n\tmso-style-parent:\"\";\n\tmso-padding-alt:0cm 5.4pt 0cm 5.4pt;\n\tmso-para-margin:0cm;\n\tmso-para-margin-bottom:.0001pt;\n\tmso-pagination:widow-orphan;\n\tfont-size:10.0pt;\n\tfont-family:\"Times New Roman\";\n\tmso-fareast-font-family:\"Times New Roman\";}\n<\/style>\n\n<![endif]--><\/p>\n<p class=\"MsoNormal\" style=\"text-align: justify; text-justify: inter-ideograph;\"><span style=\"mso-fareast-font-family: SimSun; mso-fareast-language: ZH-CN;\">L\u2019edizione confezionata da Adelphi reca, oltre a due brevi contributi di Giacomo Devoto e Eduard Fraenkel, anche una bella nota di Marco Romani Mistretta, il cui merito \u00e8 sicuramente quello di evidenziare compiutamente la nostalgia e l\u2019ammirazione di Pasquali per l\u2019idea \u201cgi\u00e0 humboldtiana dell\u2019universit\u00e0 come indiretta educazione alla vita pi\u00f9 che diretta chiusura nel sapere\u201d (p. 231). Anche questo testo, in verit\u00e0, non pu\u00f2 essere chiuso in se stesso: dopo l\u2019ultima pagina il desiderio pi\u00f9 grande \u00e8 di seguire il Nostro in altri e simili pensieri. Fortunatamente, la cosa \u00e8 facile. Basta entrare in biblioteca e cercare i suoi quattro volumi di <a href=\"http:\/\/books.google.it\/books\/about\/Pagine_stravaganti_Pagine_stravaganti_ve.html?id=NB8jAQAAMAAJ&amp;redir_esc=y \"><i>stravaganze<\/i><\/a> per continuare ad immergersi in scorribande ancor pi\u00f9 gradevoli.<\/span><\/p>\n<p class=\"MsoNormal\" style=\"text-align: justify; text-justify: inter-ideograph;\"><a href=\"http:\/\/retroguardia2.wordpress.com\/2009\/01\/27\/pagine-stravaganti-di-un-filologo-di-giorgio-pasquali-recensione-di-sebastiano-timpanaro\/\">Le &#8220;Pagine stravaganti di un filologo&#8221; secondo Sebastiano Timpanaro<\/a><\/p>\n<p class=\"MsoNormal\" style=\"text-align: justify; text-justify: inter-ideograph;\"><!--[if gte mso 9]><xml>\n<w:WordDocument>\n<w:View>Normal<\/w:View>\n<w:Zoom>0<\/w:Zoom>\n<w:HyphenationZone>14<\/w:HyphenationZone>\n<w:Compatibility>\n<w:BreakWrappedTables\/>\n<w:SnapToGridInCell\/>\n<w:ApplyBreakingRules\/>\n<w:WrapTextWithPunct\/>\n<w:UseAsianBreakRules\/>\n<w:UseFELayout\/>\n<\/w:Compatibility>\n<w:BrowserLevel>MicrosoftInternetExplorer4<\/w:BrowserLevel>\n<\/w:WordDocument>\n<\/xml><![endif]--><\/p>\n<p class=\"MsoNormal\" style=\"text-align: justify; text-justify: inter-ideograph;\"><!--[if gte mso 9]><xml>\n<w:WordDocument>\n<w:View>Normal<\/w:View>\n<w:Zoom>0<\/w:Zoom>\n<w:HyphenationZone>14<\/w:HyphenationZone>\n<w:Compatibility>\n<w:BreakWrappedTables\/>\n<w:SnapToGridInCell\/>\n<w:ApplyBreakingRules\/>\n<w:WrapTextWithPunct\/>\n<w:UseAsianBreakRules\/>\n<w:UseFELayout\/>\n<\/w:Compatibility>\n<w:BrowserLevel>MicrosoftInternetExplorer4<\/w:BrowserLevel>\n<\/w:WordDocument>\n<\/xml><![endif]--><\/p>\n<p class=\"MsoNormal\" style=\"text-align: justify; text-justify: inter-ideograph;\"><!--[if gte mso 9]><xml>\n<w:WordDocument>\n<w:View>Normal<\/w:View>\n<w:Zoom>0<\/w:Zoom>\n<w:HyphenationZone>14<\/w:HyphenationZone>\n<w:Compatibility>\n<w:BreakWrappedTables\/>\n<w:SnapToGridInCell\/>\n<w:ApplyBreakingRules\/>\n<w:WrapTextWithPunct\/>\n<w:UseAsianBreakRules\/>\n<w:UseFELayout\/>\n<\/w:Compatibility>\n<w:BrowserLevel>MicrosoftInternetExplorer4<\/w:BrowserLevel>\n<\/w:WordDocument>\n<\/xml><![endif]--><\/p>\n<p class=\"MsoNormal\" style=\"text-align: justify; text-justify: inter-ideograph;\">\n","protected":false},"excerpt":{"rendered":"<p>In questo gradevolissimo libretto, che risale al 1953, Giorgio Pasquali, il pi\u00f9 grande filologo italiano, legge e commenta le memorie di Ludwig Curtius, uno dei pi\u00f9 famosi archeologi tedeschi. Non \u00e8 una recensione, anche se forse potrebbe costituire un prototipo per chiunque volesse cimentarsi in modo proficuo con questo genere di esercizio. Raccontare l\u2019esperienza del <a href='https:\/\/fulviocortese.it\/?p=1446'>[&#8230;]<\/a><\/p>\n","protected":false},"author":1,"featured_media":0,"comment_status":"closed","ping_status":"open","sticky":false,"template":"","format":"standard","meta":{"footnotes":""},"categories":[1],"tags":[105,199,230,127,118,289],"class_list":["post-1446","post","type-post","status-publish","format-standard","hentry","category-biblio","tag-educazione","tag-germania","tag-italia","tag-letteratura","tag-storia","tag-universita","category-1-id","post-seq-1","post-parity-odd","full-content"],"_links":{"self":[{"href":"https:\/\/fulviocortese.it\/index.php?rest_route=\/wp\/v2\/posts\/1446","targetHints":{"allow":["GET"]}}],"collection":[{"href":"https:\/\/fulviocortese.it\/index.php?rest_route=\/wp\/v2\/posts"}],"about":[{"href":"https:\/\/fulviocortese.it\/index.php?rest_route=\/wp\/v2\/types\/post"}],"author":[{"embeddable":true,"href":"https:\/\/fulviocortese.it\/index.php?rest_route=\/wp\/v2\/users\/1"}],"replies":[{"embeddable":true,"href":"https:\/\/fulviocortese.it\/index.php?rest_route=%2Fwp%2Fv2%2Fcomments&post=1446"}],"version-history":[{"count":7,"href":"https:\/\/fulviocortese.it\/index.php?rest_route=\/wp\/v2\/posts\/1446\/revisions"}],"predecessor-version":[{"id":1452,"href":"https:\/\/fulviocortese.it\/index.php?rest_route=\/wp\/v2\/posts\/1446\/revisions\/1452"}],"wp:attachment":[{"href":"https:\/\/fulviocortese.it\/index.php?rest_route=%2Fwp%2Fv2%2Fmedia&parent=1446"}],"wp:term":[{"taxonomy":"category","embeddable":true,"href":"https:\/\/fulviocortese.it\/index.php?rest_route=%2Fwp%2Fv2%2Fcategories&post=1446"},{"taxonomy":"post_tag","embeddable":true,"href":"https:\/\/fulviocortese.it\/index.php?rest_route=%2Fwp%2Fv2%2Ftags&post=1446"}],"curies":[{"name":"wp","href":"https:\/\/api.w.org\/{rel}","templated":true}]}}