{"id":10000,"date":"2025-06-29T20:27:43","date_gmt":"2025-06-29T19:27:43","guid":{"rendered":"http:\/\/fulviocortese.it\/?p=10000"},"modified":"2025-06-29T20:27:45","modified_gmt":"2025-06-29T19:27:45","slug":"inabissarsi-aldo-nove","status":"publish","type":"post","link":"https:\/\/fulviocortese.it\/?p=10000","title":{"rendered":"Inabissarsi (Aldo Nove)"},"content":{"rendered":"\n<div class=\"wp-block-image\"><figure class=\"alignleft is-resized\"><img loading=\"lazy\" decoding=\"async\" src=\"https:\/\/www.ilsaggiatore.com\/storage\/app\/uploads\/public\/678\/649\/9f4\/6786499f493de165472460.jpg\" alt=\"\" width=\"204\" height=\"302\"\/><\/figure><\/div>\n\n\n\n<p>Che cos\u2019\u00e8 la poesia? Domanda persa nella notte dei tempi e, gi\u00e0 per ci\u00f2 solo, risposta difficile. Che, tuttavia, Aldo Nove prova, di fatto, a formulare in questo singolarissimo libro, focalizzandosi sull\u2019unica risorsa cui si possa accedere per riuscire nell\u2019impresa, ossia sulla propria personale esperienza. Perch\u00e9 per Nove la poesia \u00e8 una specie di\u00a0<em>pratica<\/em>, una\u00a0<em>disciplina<\/em>, un procedimento (inspirazione, respirazione\u2026), per il cui tramite stupirsi e\u00a0<em>inabissarsi<\/em>\u00a0&#8211; come il <a href=\"https:\/\/blogletteratura.com\/wp-content\/uploads\/2011\/01\/corrado-govoni-il-palombaro2.jpg\">palombaro di Govoni<\/a> &#8211; alla ricerca di un tesoro nascosto, spingendosi al limite, mettendosi completamente in gioco. \u00c8 anche un tirocinio, lento e complesso, che in parte richiede di essere scoperto e assecondato, da s\u00e9 come da altri che lo possano intuire e accompagnare. Dunque quello dell\u2019Autore diventa presto il diario di un\u2019iniziazione lunga una vita intera. Dalla scoperta delle poesie di <a href=\"https:\/\/rebstein.wordpress.com\/2014\/06\/23\/guido-ballo-lalfabeto-delle-origini\/\">Guido Ballo<\/a>, in una piccola mostra a Viggi\u00f9, ai rapporti, veicolati da un suo sensibile professore, con Franco Buffoni e Milo De Angelis; dalla conoscenza di Nanni Balestrini fino al lavoro nella redazione dell\u2019editore Crocetti. Nel mezzo: il racconto di\u00a0\u00a0molte incomprensioni e di un\u2019estraniazione progressiva da ci\u00f2 che \u00e8 comune e normale; l\u2019ambizione di immergersi sempre di pi\u00f9 nell\u2019essenza del linguaggio poetico e nelle sue autonome virt\u00f9 catartiche e filosofiche; due righe soltanto per la soddisfazione di togliersi qualche sassolino dalla scarpa e distanziarsi da proposte poetiche eccessivamente <em>mainstream<\/em>; e tante, tante (e talune formidabili) poesie: che non sono semplicemente raccolte, una dopo l\u2019altra, ma punteggiano un itinerario di pensiero, quali pietre miliari o, meglio,\u00a0<em>exempla<\/em>\u00a0&#8211; nel senso medievale del termine &#8211; di ci\u00f2 di cui Nove intende discutere, con galleria di altrettanti poeti e poetesse (Pascoli, Pagliarani, H\u00f6lderlin, Zanzotto, Giudici, Dickinson, Leopardi, Rimbaud, Bonnefoy, Thomas, Camon, D\u2019Annunzio, Dante, Ritsos, Trakl, Celan, Neri, Caproni, Raffo, Palazzeschi, Penna, Poe, Sereni, Nem\u00e9sio, Enzensberger, Brecht, Campo, Baudelaire, Pessoa, Shakespeare, Jarry, Campana, Sanguineti, Di Giacomo\u2026).<\/p>\n\n\n\n<p>Di questo volume &#8211; che in ogni caso pu\u00f2 funzionare come ottima guida d\u2019ingresso a importantissime voci della tradizione poetica &#8211; preme evidenziare soprattutto due aspetti. Il primo \u00e8 quello che si pu\u00f2 definire\u00a0<em>empatico<\/em>, e che Nove coltiva nel richiamo costante tra arte e vita, tra verso e traiettoria esistenziale. Lo si comprende fino in fondo laddove si ricordano i casi di <a href=\"https:\/\/www.lorenzocalogero.it\">Lorenzo Calogero<\/a> e <a href=\"https:\/\/www.treccani.it\/magazine\/lingua_italiana\/articoli\/percorsi\/percorsi_513.html\">Ivano Fermini<\/a>, e quello sicuramente pi\u00f9 conosciuto di Amelia Rosselli. E quindi quando &#8211; con quel sentimento di omaggio, gratitudine e riconoscenza che \u00e8 proprio di chi sa alimentarsi dei messaggi che altri hanno lasciato, com\u2019\u00e8 tipico dei poeti &#8211; si evocano incontri e storie in cui la diversit\u00e0 o l\u2019eccentricit\u00e0 o la solitudine altro non sono che chiavi privilegiate e condizioni per chi, pur marginalizzato, pu\u00f2 accedere davvero al tesoro tanto cercato. \u00c8 una prospettiva che consente a Nove di fare pure una scelta di campo; di esaltare, cio\u00e8, posture poetiche in cui il tesoro non passa per la trasmissione di un senso immediatamente afferrabile, ma per la riproduzione sapienziale di un effetto di fortunato stordimento. \u00c8 un invito ad una sorta di sciamanesimo, che vale come luogo dell\u2019agnizione, da un lato, ma anche come luogo della resistenza e della libert\u00e0 a fronte di un regime ordinario e consumistico concepito sempre pi\u00f9 come oppressivo (ai lettori di\u00a0<em>Inabissarsi<\/em>\u00a0non sfuggir\u00e0 che il Nove di quest\u2019opera \u00e8 quello &#8211; arrabbiato &#8211; dei\u00a0<em><a href=\"https:\/\/www.einaudi.it\/catalogo-libri\/poesia-e-teatro\/poesia\/sonetti-del-giorno-di-quarzo-aldo-nove-9788806254261\/\">Sonetti del giorno di quarzo<\/a><\/em>, scritti nel pieno della pandemia da Covid-19 e delle reazioni pubbliche e securitarie che essa ha generato). C\u2019\u00e8 un altro profilo che merita attenzione. Nella strada che Nove ha percorso la poesia si ritrova anche nella musica: di Lou Reed, ad esempio, ed \u00e8 dato che non stupisce nessuno; di Umberto Tozzi ed Edoardo Bennato, che, invece, sono riferimenti meno scontati; e di Taylor Swift, con un interesse che recentemente \u00e8 stato condiviso da acuti <a href=\"https:\/\/www.deejay.it\/programmi\/deejay-chiama-italia\/highlights\/il-professore-claudio-giunta-spiega-la-sua-passione-per-taylor-swift\/\">osservatori<\/a> e che, tuttavia, qui, vale a rafforzare l\u2019intuizione centrale, che \u201c[i]l Regno della Poesia \u00e8 mercuriale, salta altrove e sempre e chiss\u00e0 dove, ma sai che ti aspetta e ti si concede, se vuoi accoglierlo\u201d.<\/p>\n\n\n\n<p>Recensioni (di <a href=\"https:\/\/www.ilgiornale.it\/news\/aldo-nove-impugna-poesia-rivolta-2454824.html\">D. Brullo<\/a>; di <a href=\"https:\/\/ilmanifesto.it\/come-riconoscersi-nel-nome-della-poesia\">P. Vitagliano<\/a>)<\/p>\n\n\n\n<p><em>A chi esita&nbsp;<\/em>(Bertolt Brecht, 1933)<\/p>\n\n\n\n<p>Dici:<br>per noi va male. Il buio<br>cresce. Le forze scemano.&nbsp;<br>Dopo che si \u00e8 lavorato tanti anni<br>noi siamo ora in una condizione pi\u00fa difficile di quando si era appena cominciato.<\/p>\n\n\n\n<p>E il nemico ci sta innanzi pi\u00fa potente che mai.&nbsp;<br>Sembra gli siano cresciute le forze. Ha preso una apparenza invincibile.&nbsp;<br>E noi abbiamo commesso degli errori, non si pu\u00f2 negarlo.&nbsp;<br>Siamo sempre di meno. Le nostre<br>parole d\u2019ordine sono confuse. Una parte delle nostre parole<br>le ha stravolte il nemico fino a renderle irriconoscibili.<\/p>\n\n\n\n<p>Che cosa \u00e8 errato ora, falso, di quel che abbiamo detto?&nbsp;<br>Qualcosa o tutto? Su chi<br>contiamo ancora? Siamo dei sopravvissuti, respinti<br>via dalla viva corrente? Resteremo indietro, senza<br>comprendere pi\u00fa nessuno e da nessuno compresi?<\/p>\n\n\n\n<p>O dovremo contare sulla buona sorte?<\/p>\n\n\n\n<p>Questo chiedi. Non aspettarti<br>nessuna risposta oltre la tua.<\/p>\n","protected":false},"excerpt":{"rendered":"<p>Che cos\u2019\u00e8 la poesia? Domanda persa nella notte dei tempi e, gi\u00e0 per ci\u00f2 solo, risposta difficile. Che, tuttavia, Aldo Nove prova, di fatto, a formulare in questo singolarissimo libro, focalizzandosi sull\u2019unica risorsa cui si possa accedere per riuscire nell\u2019impresa, ossia sulla propria personale esperienza. Perch\u00e9 per Nove la poesia \u00e8 una specie di\u00a0pratica, una\u00a0disciplina, <a href='https:\/\/fulviocortese.it\/?p=10000'>[&#8230;]<\/a><\/p>\n","protected":false},"author":1,"featured_media":0,"comment_status":"closed","ping_status":"open","sticky":false,"template":"","format":"standard","meta":{"footnotes":""},"categories":[8],"tags":[242,230,17],"class_list":["post-10000","post","type-post","status-publish","format-standard","hentry","category-poesia","tag-condizione-umana","tag-italia","tag-poesia-2","category-8-id","post-seq-1","post-parity-odd","full-content"],"_links":{"self":[{"href":"https:\/\/fulviocortese.it\/index.php?rest_route=\/wp\/v2\/posts\/10000","targetHints":{"allow":["GET"]}}],"collection":[{"href":"https:\/\/fulviocortese.it\/index.php?rest_route=\/wp\/v2\/posts"}],"about":[{"href":"https:\/\/fulviocortese.it\/index.php?rest_route=\/wp\/v2\/types\/post"}],"author":[{"embeddable":true,"href":"https:\/\/fulviocortese.it\/index.php?rest_route=\/wp\/v2\/users\/1"}],"replies":[{"embeddable":true,"href":"https:\/\/fulviocortese.it\/index.php?rest_route=%2Fwp%2Fv2%2Fcomments&post=10000"}],"version-history":[{"count":8,"href":"https:\/\/fulviocortese.it\/index.php?rest_route=\/wp\/v2\/posts\/10000\/revisions"}],"predecessor-version":[{"id":10008,"href":"https:\/\/fulviocortese.it\/index.php?rest_route=\/wp\/v2\/posts\/10000\/revisions\/10008"}],"wp:attachment":[{"href":"https:\/\/fulviocortese.it\/index.php?rest_route=%2Fwp%2Fv2%2Fmedia&parent=10000"}],"wp:term":[{"taxonomy":"category","embeddable":true,"href":"https:\/\/fulviocortese.it\/index.php?rest_route=%2Fwp%2Fv2%2Fcategories&post=10000"},{"taxonomy":"post_tag","embeddable":true,"href":"https:\/\/fulviocortese.it\/index.php?rest_route=%2Fwp%2Fv2%2Ftags&post=10000"}],"curies":[{"name":"wp","href":"https:\/\/api.w.org\/{rel}","templated":true}]}}