{"id":9877,"date":"2025-03-23T07:31:41","date_gmt":"2025-03-23T06:31:41","guid":{"rendered":"http:\/\/fulviocortese.it\/?p=9877"},"modified":"2025-03-23T07:31:43","modified_gmt":"2025-03-23T06:31:43","slug":"lerba-di-nessuno-enrico-testa","status":"publish","type":"post","link":"http:\/\/fulviocortese.it\/?p=9877","title":{"rendered":"L\u2019erba di nessuno (Enrico Testa)"},"content":{"rendered":"\n<div class=\"wp-block-image\"><figure class=\"alignleft is-resized\"><img loading=\"lazy\" decoding=\"async\" src=\"https:\/\/www.libraccio.it\/images\/9788806257637_0_500_0_75.jpg\" alt=\"\" width=\"176\" height=\"302\"\/><\/figure><\/div>\n\n\n\n<p>Raccolta <em>comme il faut<\/em>\u00a0di uno dei poeti italiani pi\u00f9 importanti degli ultimi trent\u2019anni. Non \u00e8 un caso che sia stata selezionata tra i potenziali vincitori del <a href=\"https:\/\/www.premiostrega.it\/PO\/libro\/lerba-di-nessuno\/\">Premio Strega Poesia 2024<\/a>. Del resto, non c\u2019\u00e8 nulla di sbagliato in questo libro: un numero assai elevato di testi riuscitissimi di per s\u00e9 (ivi comprese, sparse, alcune belle traduzioni: da de Quevedo, Dylan Thomas, Rilke, Emily Dickinson, Marvell, Larkin\u2026); la presenza di partizioni (o stazioni) tra loro molto diverse, ma tutte di volta in volta concentrate attorno a perni unificanti di personale e suggestiva esperienza; la possibilit\u00e0 di individuare una coerente ispirazione complessiva. Quest\u2019ultimo aspetto si coglie sin dal principio, nonostante sia reso esplicito, quasi confessato, nel breve pezzo finale, che vale da chiave di lettura (p. 129): \u201cNiente nella vita \u00e8 terribile \/ perch\u00e9 tutto \u00e8 terribile. \/ E in questo c\u2019\u00e8 un\u2019amarezza \/ che si muta in dolcezza\u201d. \u00c8 proprio cos\u00ec: \u00e8 il modo con cui Testa dichiara di essere il pi\u00f9 lucreziano dei poeti contemporanei. Il mondo gli appare tutto volatile e transeunte, e\u00a0<em>naturalmente<\/em>\u00a0indifferente, ma anche ricco, vibratile, come i milioni di organismi nascosti sotto la sabbia di Cape Cod (p. 82). Anche il senso improvviso di un avvolgente, cosmico, \u201cstato di sfinimento\u201d \u00e8 apertura allo \u201cspazio infinito dell\u2019universo\u201d (p. 27). Bisogna saperla cogliere, specie dove il dettaglio sembra pi\u00f9 insignificante. Ad esempio, osservando il tar\u00e0ssaco (che quasi si atteggia a leopardiana ginestra: p. 34) o accorgendosi della \u201cpiccola anfora \/ di fango argilloso\u201d lasciata in dono, sul ripiano dei libri, da una vespa (p. 67) oppure, ancora, facendo come il ragazzo seduto su un masso, alle prese con un falcetto: \u201cSenza bisogno di un maestro indiano, \/ esercizi da salotto o da palestra \/ e tante inutili parole\u201d (p. 51). Quasi sulle orme di Meister Eckhart &#8211; viene da pensare &#8211; per un mistico approdo: \u201cUna solitudine assoluta e senza nome. \/ Come quella dei dipinti dei paesaggi \/ nati nel digiuno dalla gente. \/ Conservare e annientare. \/ Essere uno. \/ Conoscere, tra gli ultimi, \/ l\u2019erba di nessuno\u201d (ibid.). Citazioni e immagini potrebbero moltiplicarsi, anche perch\u00e9 ogni cosa \u00e8 potenzialmente\u00a0<em>propizia\u00a0<\/em>al Sublime: il \u201cbar tabacchi dei cinesi\u201d (p. 11), un \u201carcobaleno in chiaroscuro\u201d sul muro della camera (p. 23), una \u201ccoppia di narcisi selvatici\u201d (p. 100), la \u201clunga anestesia\u201d in una seduta dal dentista (p. 104). Si pu\u00f2 indugiare per mesi sulle pagine di questo libro. \u00c8 un accadimento raro.<\/p>\n\n\n\n<p>Recensioni (di <a href=\"https:\/\/www.carmillaonline.com\/2023\/05\/26\/la-natura-che-ci-possiede\/\">F. Fiorentin<\/a>; di <a href=\"https:\/\/goodmorninggenova.org\/2023\/04\/08\/enrico-testa-la-poesia-necessaria\/\">G. Galletta<\/a>; di <a href=\"https:\/\/www.succedeoggi.it\/2023\/06\/enrico-testa-poesia-cose\/\">G. Grattacaso<\/a>; di <a href=\"https:\/\/zonadidisagio.wordpress.com\/2023\/04\/19\/lagguato-del-nulla-la-lotta-delle-parole-e-la-poesia-nella-vita\/\">N. Vacca<\/a>)<\/p>\n\n\n\n<p>Dal testo: <a href=\"https:\/\/www.corriere.it\/la-lettura\/contenuti-del-giorno\/2023\/03\/28\/ultimo-ricordare-1fca3b08-cd34-11ed-ab8e-1e4a885c119f.shtml\">due poesie e un breve commento<\/a><\/p>\n","protected":false},"excerpt":{"rendered":"<p>Raccolta comme il faut\u00a0di uno dei poeti italiani pi\u00f9 importanti degli ultimi trent\u2019anni. Non \u00e8 un caso che sia stata selezionata tra i potenziali vincitori del Premio Strega Poesia 2024. Del resto, non c\u2019\u00e8 nulla di sbagliato in questo libro: un numero assai elevato di testi riuscitissimi di per s\u00e9 (ivi comprese, sparse, alcune belle <a href='http:\/\/fulviocortese.it\/?p=9877'>[&#8230;]<\/a><\/p>\n","protected":false},"author":1,"featured_media":0,"comment_status":"closed","ping_status":"open","sticky":false,"template":"","format":"standard","meta":{"footnotes":""},"categories":[8],"tags":[492,242,122,182,17],"class_list":["post-9877","post","type-post","status-publish","format-standard","hentry","category-poesia","tag-casa","tag-condizione-umana","tag-natura","tag-paesaggio","tag-poesia-2","category-8-id","post-seq-1","post-parity-odd","full-content"],"_links":{"self":[{"href":"http:\/\/fulviocortese.it\/index.php?rest_route=\/wp\/v2\/posts\/9877","targetHints":{"allow":["GET"]}}],"collection":[{"href":"http:\/\/fulviocortese.it\/index.php?rest_route=\/wp\/v2\/posts"}],"about":[{"href":"http:\/\/fulviocortese.it\/index.php?rest_route=\/wp\/v2\/types\/post"}],"author":[{"embeddable":true,"href":"http:\/\/fulviocortese.it\/index.php?rest_route=\/wp\/v2\/users\/1"}],"replies":[{"embeddable":true,"href":"http:\/\/fulviocortese.it\/index.php?rest_route=%2Fwp%2Fv2%2Fcomments&post=9877"}],"version-history":[{"count":9,"href":"http:\/\/fulviocortese.it\/index.php?rest_route=\/wp\/v2\/posts\/9877\/revisions"}],"predecessor-version":[{"id":9886,"href":"http:\/\/fulviocortese.it\/index.php?rest_route=\/wp\/v2\/posts\/9877\/revisions\/9886"}],"wp:attachment":[{"href":"http:\/\/fulviocortese.it\/index.php?rest_route=%2Fwp%2Fv2%2Fmedia&parent=9877"}],"wp:term":[{"taxonomy":"category","embeddable":true,"href":"http:\/\/fulviocortese.it\/index.php?rest_route=%2Fwp%2Fv2%2Fcategories&post=9877"},{"taxonomy":"post_tag","embeddable":true,"href":"http:\/\/fulviocortese.it\/index.php?rest_route=%2Fwp%2Fv2%2Ftags&post=9877"}],"curies":[{"name":"wp","href":"https:\/\/api.w.org\/{rel}","templated":true}]}}