{"id":9288,"date":"2023-11-26T21:23:54","date_gmt":"2023-11-26T20:23:54","guid":{"rendered":"http:\/\/fulviocortese.it\/?p=9288"},"modified":"2024-09-08T10:28:10","modified_gmt":"2024-09-08T09:28:10","slug":"la-casa-del-mago-emanuele-trevi","status":"publish","type":"post","link":"http:\/\/fulviocortese.it\/?p=9288","title":{"rendered":"La casa del mago (Emanuele Trevi)"},"content":{"rendered":"\n<div class=\"wp-block-image\"><figure class=\"alignleft is-resized\"><img loading=\"lazy\" decoding=\"async\" src=\"https:\/\/www.gliamantideilibri.it\/wp-content\/uploads\/2023\/09\/cet.jpg\" alt=\"\" width=\"251\" height=\"370\"\/><\/figure><\/div>\n\n\n\n<p>Il&nbsp;<em>mago<\/em>&nbsp;di Emanuele Trevi \u00e8 suo padre <a href=\"https:\/\/it.wikipedia.org\/wiki\/Mario_Trevi_(psicoanalista)\">Mario<\/a>, famoso psicanalista. E la casa in questione, dunque, \u00e8 la casa paterna: quella che allo scrittore \u00e8 rimasta in eredit\u00e0 e che ospitava anche lo studio dove Mario riceveva i pazienti,&nbsp;<em>al di qua<\/em>&nbsp;di una poderosa scrivania di legno. Emanuele vi si trasferisce, quasi fosse alla ricerca dei segreti di Mario, tanto bonario e tranquillo quanto taciturno, enigmatico e pensieroso. Anche la madre, del resto, glielo diceva: \u201cLo sai come \u00e8 fatto\u201d. Giusto per alludere ad una personalit\u00e0 irriducibile. Ad ogni modo, nella casa, i talismani per sintonizzarsi a dovere con lo spirito del mago non mancano: una coperta bucata, quaderni e appunti, l\u2019<em>I King<\/em>, alcune pietre levigate e, su tutti, una copia di&nbsp;<em><a href=\"https:\/\/www.bollatiboringhieri.it\/libri\/carl-gustav-jung-simboli-della-trasformazione-9788833923222-2\/\">Simboli della trasformazione<\/a><\/em>&nbsp;di Jung, debitamente studiata e spietatamente annotata. L\u2019Autore comincia a leggerla, immergendosi &#8211; assieme al padre e allo psicanalista svizzero &#8211; nell\u2019osservazione dei prodromi schizofrenici di Miss Miller. Nel frattempo accadono molte cose, piccole eppure significative. Mentre una misteriosa Visitatrice notturna si aggira per le stanze della casa, lasciando segni visibili della sua presenza, la vita di Emanuele viene invasa dalle scorribande della colf peruviana, che gli presenta l\u2019avvolgente Paradisa. La donna, alla fine della storia, lascer\u00e0 Roma, e cos\u00ec anche la casa. Ma la relazione, per quanto breve e improbabile, consente allo scrittore &#8211; come se fosse guidato dall\u2019ispirazione di una figura mitologica &#8211; di abbandonarsi e, al contempo, di ripercorrere la giovinezza di Mario, la fuga dalle Langhe, le avventure partigiane, la malattia creativa, l\u2019insegnamento, l\u2019iniziazione alla psicanalisi da parte di <a href=\"https:\/\/www.aspi.unimib.it\/collections\/entity\/detail\/46\/\">Ernst Bernhard<\/a>. Le abilit\u00e0 narrative di Trevi sono sperimentate e note, specie per la capacit\u00e0 evocativa dello stile. Luoghi e oggetti si animano, stimolano suggestioni potenti e si fanno medium di ricordi, esperienze e cognizioni. Al romanziere riesce, per questa via, un\u2019operazione molto difficile: farsi egli stesso cavia per una traduzione concreta del metodo psicanalitico e per la dimostrazione di quali siano le strade lungo le quali l\u2019io si forma, si orienta e si <em>ritrova<\/em>.<\/p>\n\n\n\n<p>Recensioni (di <a href=\"https:\/\/www.doppiozero.com\/emanuele-trevi-la-casa-il-padre-e-il-destino\">M. Belpoliti<\/a>; di <a href=\"https:\/\/www.ilriformista.it\/la-casa-del-mago-un-romanzo-che-e-un-ritratto-di-un-padre-383904\/\">A. De Simone<\/a>; di <a href=\"https:\/\/www.succedeoggi.it\/2023\/10\/trevi-professore\/\">D. Matronola<\/a>; di <a href=\"https:\/\/www.micromega.net\/la-casa-del-mago-di-emanuele-trevi\/\">M. Oliva<\/a>; di <a href=\"https:\/\/www.esquire.com\/it\/cultura\/libri\/a45189231\/la-casa-del-mago-emanuele-trevi-recensione\/\">G. Silvano<\/a>; di <a href=\"https:\/\/ilmanifesto.it\/emanuele-trevi-purche-nulla-impedisca-la-fuga-da-se-stessi\">G. Simonetti<\/a>)<\/p>\n\n\n\n<p>Tre interviste a Emanuele Trevi: <a href=\"https:\/\/www.iltascabile.com\/letterature\/trevi-intervista-casa-mago\/\">1<\/a>, <a href=\"https:\/\/www.ilfoglio.it\/cultura\/2023\/10\/23\/news\/la-casa-del-disordine-conversazione-con-emanuele-trevi-5819554\/\">2<\/a> e <a href=\"https:\/\/www.huffingtonpost.it\/cultura\/2019\/01\/15\/news\/emanuele_trevi_lavoro_per_non_soccombere_alla_depressione_poi_pero_arrivano_gli_alieni_-5198028\/\">3<\/a><\/p>\n\n\n\n<p><a href=\"https:\/\/ricerca.repubblica.it\/repubblica\/archivio\/repubblica\/2010\/06\/29\/mario-trevi-da-jung-fellini-amo-le.html\">Antonio Gnoli intervista Mario Trevi<\/a><\/p>\n\n\n\n<p><a href=\"https:\/\/youtu.be\/MbwupVm8pP0?si=RInmAKc1fpr--ZEf\">Luigi Zoja su Carl Gustav Jung<\/a><\/p>\n","protected":false},"excerpt":{"rendered":"<p>Il&nbsp;mago&nbsp;di Emanuele Trevi \u00e8 suo padre Mario, famoso psicanalista. E la casa in questione, dunque, \u00e8 la casa paterna: quella che allo scrittore \u00e8 rimasta in eredit\u00e0 e che ospitava anche lo studio dove Mario riceveva i pazienti,&nbsp;al di qua&nbsp;di una poderosa scrivania di legno. Emanuele vi si trasferisce, quasi fosse alla ricerca dei segreti <a href='http:\/\/fulviocortese.it\/?p=9288'>[&#8230;]<\/a><\/p>\n","protected":false},"author":1,"featured_media":0,"comment_status":"closed","ping_status":"open","sticky":false,"template":"","format":"standard","meta":{"footnotes":""},"categories":[1,568],"tags":[492,242,160,547,380,186,38],"class_list":["post-9288","post","type-post","status-publish","format-standard","hentry","category-biblio","category-roma","tag-casa","tag-condizione-umana","tag-morte","tag-padri-e-figli","tag-psicanalisi","tag-roma","tag-romanzo","category-1-id","category-568-id","post-seq-1","post-parity-odd","full-content"],"_links":{"self":[{"href":"http:\/\/fulviocortese.it\/index.php?rest_route=\/wp\/v2\/posts\/9288","targetHints":{"allow":["GET"]}}],"collection":[{"href":"http:\/\/fulviocortese.it\/index.php?rest_route=\/wp\/v2\/posts"}],"about":[{"href":"http:\/\/fulviocortese.it\/index.php?rest_route=\/wp\/v2\/types\/post"}],"author":[{"embeddable":true,"href":"http:\/\/fulviocortese.it\/index.php?rest_route=\/wp\/v2\/users\/1"}],"replies":[{"embeddable":true,"href":"http:\/\/fulviocortese.it\/index.php?rest_route=%2Fwp%2Fv2%2Fcomments&post=9288"}],"version-history":[{"count":18,"href":"http:\/\/fulviocortese.it\/index.php?rest_route=\/wp\/v2\/posts\/9288\/revisions"}],"predecessor-version":[{"id":9634,"href":"http:\/\/fulviocortese.it\/index.php?rest_route=\/wp\/v2\/posts\/9288\/revisions\/9634"}],"wp:attachment":[{"href":"http:\/\/fulviocortese.it\/index.php?rest_route=%2Fwp%2Fv2%2Fmedia&parent=9288"}],"wp:term":[{"taxonomy":"category","embeddable":true,"href":"http:\/\/fulviocortese.it\/index.php?rest_route=%2Fwp%2Fv2%2Fcategories&post=9288"},{"taxonomy":"post_tag","embeddable":true,"href":"http:\/\/fulviocortese.it\/index.php?rest_route=%2Fwp%2Fv2%2Ftags&post=9288"}],"curies":[{"name":"wp","href":"https:\/\/api.w.org\/{rel}","templated":true}]}}