{"id":9079,"date":"2023-06-22T10:47:23","date_gmt":"2023-06-22T09:47:23","guid":{"rendered":"http:\/\/fulviocortese.it\/?p=9079"},"modified":"2023-06-22T10:47:25","modified_gmt":"2023-06-22T09:47:25","slug":"il-segreto-del-tenente-giardina-giovanni-grasso","status":"publish","type":"post","link":"http:\/\/fulviocortese.it\/?p=9079","title":{"rendered":"Il segreto del tenente Giardina (Giovanni Grasso)"},"content":{"rendered":"\n<div class=\"wp-block-image\"><figure class=\"alignleft is-resized\"><img loading=\"lazy\" decoding=\"async\" src=\"https:\/\/www.rizzolilibri.it\/content\/uploads\/2023\/05\/978881717976HIG.webp?x83242\" alt=\"\" width=\"237\" height=\"353\"\/><\/figure><\/div>\n\n\n\n<p>Luce \u00e8 un\u2019intraprendente architetta che vive e lavora a Parigi, dove ha conosciuto Gerard, collega e compagno. La morte della nonna &#8211; con cui ha vissuto da bambina, assieme alla sorella &#8211; la riporta in Italia, dove apprende di essere destinataria di una missione, che proprio la nonna sembra averle lasciato: mettere un fiore sulla tomba del bisnonno Antonio, caduto durante la prima guerra mondiale attorno a <a href=\"https:\/\/www.trentinograndeguerra.it\/context.jsp?area=101&amp;ID_LINK=250&amp;id_context=731\">Cima Bocche<\/a>. Il fatto \u00e8 che la tomba \u00e8 ignota. Luce cerca anche negli archivi militari, ma scopre che il fascicolo personale del bisnonno \u00e8 vuoto. Ha tuttavia l\u2019intuizione di consultare il fascicolo dell\u2019ufficiale che aveva scritto alla nonna, per comunicarle la morte del marito. \u00c8 cos\u00ec che, sulle orme di quell\u2019ufficiale, il tenente Giardina, Luce conosce Marco, il nipote del tenente, con cui si lancia in una ricerca comune, che per entrambi comporta un viaggio nel passato personale e delle rispettive famiglie. E in alcune delle esperienze pi\u00f9 drammatiche e ingiuste della storia dell\u2019esercito italiano. Il racconto di Giovanni Grasso alterna le pagine sul rapporto, via via pi\u00f9 intenso, tra Luce e Marco alle pagine del diario segreto del tenente Giardina, che il pi\u00f9 classico degli espedienti letterari vuole ritrovate sul fondo di un vecchio baule. I fuochi del romanzo sono due: quello che denuncia nuovamente la crudelt\u00e0 e l\u2019ignominia delle <a href=\"https:\/\/museodellaguerra.it\/wp-content\/uploads\/2018\/04\/Annali_24-16_Atti-del-convegno.pdf\">fucilazioni sommarie<\/a>, con un percorso analogo a quello compiuto qualche anno fa da Paolo Malaguti in <em><a href=\"http:\/\/fulviocortese.it\/?p=6571\">Prima dell\u2019alba<\/a><\/em> (dove si rievoca un episodio che \u00e8 citato anche in questo libro); e quello che, in un gioco dialettico tra cancellazione della verit\u00e0 e tutela morale, spiega quanto, e come, sia possibile fare giustizia anche con la memoria. Non sono temi nuovi, ma la scrittura \u00e8 agilissima e l\u2019Autore sa bene come prendere per mano i lettori, con un approccio che \u00e8 delicato ed empatico allo stesso tempo. Rispetto ai \u201cprecedenti\u201d pi\u00f9 recenti sulla Grande Guerra, il valore aggiunto di questo libro si nasconde nelle pieghe di un tono pacato e nell\u2019intuizione che ha saputo guardare all\u2019immenso patrimonio delle tante, piccole\/grandi storie di cui le famiglie italiane sono ricchissime. <\/p>\n\n\n\n<p><a href=\"http:\/\/www.radioradicale.it\/scheda\/698696\/salone-internazionale-del-libro-di-torino-2023-intervista-a-giovanni-grasso-sul-suo?qt-blocco_interventi=1\">L&#8217;Autore a Radio Radicale<\/a><\/p>\n","protected":false},"excerpt":{"rendered":"<p>Luce \u00e8 un\u2019intraprendente architetta che vive e lavora a Parigi, dove ha conosciuto Gerard, collega e compagno. La morte della nonna &#8211; con cui ha vissuto da bambina, assieme alla sorella &#8211; la riporta in Italia, dove apprende di essere destinataria di una missione, che proprio la nonna sembra averle lasciato: mettere un fiore sulla <a href='http:\/\/fulviocortese.it\/?p=9079'>[&#8230;]<\/a><\/p>\n","protected":false},"author":1,"featured_media":0,"comment_status":"closed","ping_status":"open","sticky":false,"template":"","format":"standard","meta":{"footnotes":""},"categories":[1],"tags":[80,230,34,533,38],"class_list":["post-9079","post","type-post","status-publish","format-standard","hentry","category-biblio","tag-giustizia","tag-italia","tag-memoria","tag-prima-guerra-mondiale","tag-romanzo","category-1-id","post-seq-1","post-parity-odd","full-content"],"_links":{"self":[{"href":"http:\/\/fulviocortese.it\/index.php?rest_route=\/wp\/v2\/posts\/9079","targetHints":{"allow":["GET"]}}],"collection":[{"href":"http:\/\/fulviocortese.it\/index.php?rest_route=\/wp\/v2\/posts"}],"about":[{"href":"http:\/\/fulviocortese.it\/index.php?rest_route=\/wp\/v2\/types\/post"}],"author":[{"embeddable":true,"href":"http:\/\/fulviocortese.it\/index.php?rest_route=\/wp\/v2\/users\/1"}],"replies":[{"embeddable":true,"href":"http:\/\/fulviocortese.it\/index.php?rest_route=%2Fwp%2Fv2%2Fcomments&post=9079"}],"version-history":[{"count":6,"href":"http:\/\/fulviocortese.it\/index.php?rest_route=\/wp\/v2\/posts\/9079\/revisions"}],"predecessor-version":[{"id":9086,"href":"http:\/\/fulviocortese.it\/index.php?rest_route=\/wp\/v2\/posts\/9079\/revisions\/9086"}],"wp:attachment":[{"href":"http:\/\/fulviocortese.it\/index.php?rest_route=%2Fwp%2Fv2%2Fmedia&parent=9079"}],"wp:term":[{"taxonomy":"category","embeddable":true,"href":"http:\/\/fulviocortese.it\/index.php?rest_route=%2Fwp%2Fv2%2Fcategories&post=9079"},{"taxonomy":"post_tag","embeddable":true,"href":"http:\/\/fulviocortese.it\/index.php?rest_route=%2Fwp%2Fv2%2Ftags&post=9079"}],"curies":[{"name":"wp","href":"https:\/\/api.w.org\/{rel}","templated":true}]}}