{"id":9054,"date":"2023-06-07T06:38:15","date_gmt":"2023-06-07T05:38:15","guid":{"rendered":"http:\/\/fulviocortese.it\/?p=9054"},"modified":"2023-06-07T06:38:16","modified_gmt":"2023-06-07T05:38:16","slug":"mistero-al-cubo-lou-palanca","status":"publish","type":"post","link":"http:\/\/fulviocortese.it\/?p=9054","title":{"rendered":"Mistero al cubo (Lou Palanca)"},"content":{"rendered":"\n<div class=\"wp-block-image\"><figure class=\"alignleft is-resized\"><img loading=\"lazy\" decoding=\"async\" src=\"https:\/\/www.store.rubbettinoeditore.it\/wp-content\/uploads\/2021\/04\/vel_palanca.jpg\" alt=\"\" width=\"243\" height=\"379\"\/><\/figure><\/div>\n\n\n\n<p>Dopo aver letto\u00a0<em><a href=\"http:\/\/fulviocortese.it\/?p=8959\">La ricreazione \u00e8 finita<\/a><\/em>\u00a0riesce spontaneo rileggere\u00a0<em>Mistero al cubo<\/em>. Se il primo ha finalmente riaperto un po\u2019 di dibattito sui\u00a0<em><a href=\"https:\/\/www.iltascabile.com\/societa\/campus-novel\/\">campus novel<\/a><\/em>, non c\u2019\u00e8 dubbio che il secondo rappresenta una delle tante, possibili e riuscite sperimentazioni del genere. Che va visto in tutte le sue potenzialit\u00e0, dai classici di <a href=\"https:\/\/www.repubblica.it\/venerdi\/2021\/03\/01\/news\/david_lodge_autobiografia_fortuna_scrittore-288596775\/\">David Lodge<\/a> al pionieristico\u00a0<em><a href=\"http:\/\/fulviocortese.it\/?p=5851\">Quando studiavamo in America<\/a><\/em> di Beppi Chiuppani. Fino al lascito alluvionale (e in verit\u00e0 inclassificabile) de <em><a href=\"https:\/\/lanavediteseo.eu\/portfolio\/la-tredicesima-cattedra\/\">La tredicesima cattedra<\/a><\/em> di Franco Cordero.<em> Mistero al cubo<\/em>\u00a0\u00e8 un tassello importante di questa esperienza. \u00c8 del 2019, \u00e8 un giallo e &#8211; salvo un interessante punto di contatto sugli anni di piombo &#8211; \u00e8 completamente diverso dal romanzo di Dario Ferrari. Non solo perch\u00e9 il suo Autore &#8211; che si cela dietro uno pseudonimo &#8211; \u00e8 un collettivo di tre scrittori; o perch\u00e9 si tratta di una storia costituita direttamente dalla successione delle singole voci dei suoi personaggi.\u00a0<em>Mistero al cubo<\/em>\u00a0\u00e8 diverso perch\u00e9 l\u2019universit\u00e0 e il suo essere forte immagine della societ\u00e0 di riferimento sono pi\u00f9 nettamente al centro della narrazione. Tutto ruota attorno al decesso del Prof. De Vitis, un ordinario di diritto penale comparato dell\u2019Universit\u00e0 della Calabria, trovato morto, integralmente nudo, nel suo ufficio all\u2019interno di uno dei \u201ccubi\u201d del campus di <a href=\"https:\/\/corsilaurea23-24.unical.it\/campus\/\">Arcavacata<\/a>. La scoperta la fa Edoardo Sansinato, il collaboratore pi\u00f9 giovane, prototipo del tipico precario accademico e prima voce a farsi sentire nel racconto. Poi, a seguire, parlano anche gli altri: Umberto Gironda, il commissario incaricato delle indagini, colpito da qualche turbamento personale e familiare; Giusy Varr\u00e0, la laureata spigliata e disinibita, e un po\u2019 senza scrupoli, che ambisce al dottorato e ha pi\u00f9 di una doppia vita; Gianfranco Ferretti, il tesista anarchico e fuori corso, sospetto perfetto per la mentalit\u00e0 pi\u00f9 stereotipata; Giulio Badiani, l\u2019allievo anziano, tanto formato e rispettato, quanto frustrato dalla lunga attesa dell\u2019ordinariato; Angela Musso, il p.m. che segue la vicenda, anch\u2019essa (per cos\u00ec dire) un po\u2019 turbata \u00e8 un po\u2019 alla ricerca; lo stesso Lorenzo De Vitis, il docente deceduto, che passo dopo passo rivela qualcosa di s\u00e9; e infine Nadia Gironda, figlia del commissario e amica di Giusy.\u00a0<\/p>\n\n\n\n<p>La storia &#8211; che si dipana a cavallo delle festivit\u00e0 natalizie del 2018 &#8211; non pu\u00f2 essere integralmente svelata, si rischia lo spoiler. Ma \u00e8 sufficiente dire che nell\u2019avvicendarsi delle versioni dei singoli si avvertono distintamente molteplici ingredienti: la specifica caratterizzazione, assai realistica, di alcune figure accademiche; il legame, ben tracciato, tra una certa idea (tramontata) di universit\u00e0 e il sogno di riscatto (anch\u2019esso frustrato) di un intero territorio (come testimoniato dall\u2019esplicita ispirazione al magnetico libro di <a href=\"https:\/\/www.ibs.it\/arcavacante-storia-di-anarchici-lupi-libro-renato-nistico\/e\/9788881783502\">Renato Nistic\u00f2<\/a>: lettura obbligata e opera di un vero <a href=\"https:\/\/www.donzelli.it\/libro\/9788868436797\">poeta<\/a>); un sentimento &#8211; reso altrettanto efficacemente &#8211; di diffuso, trasversale e intergenerazionale, sfarinamento, nelle convinzioni individuali come nei legami intersoggettivi e nei ruoli istituzionali; l\u2019espediente, riuscito, di collocare la soluzione del caso in una sorta di beffa ultimativa del sistema, a suggello ironico, ma amaro, di un\u2019orizzonte ormai definitivamente ripiegato su se stesso e dunque improduttivo.\u00a0<em>Mistero al cubo<\/em>\u00a0si lascia apprezzare anche per un altro profilo. \u00c8 l\u2019ennesima prova di una grande tradizione letteraria, quella calabrese, che in anni recenti, da <a href=\"http:\/\/fulviocortese.it\/?p=760\">Carmine Abate<\/a> a <a href=\"https:\/\/www.lafeltrinelli.it\/libri\/autori\/domenico-dara?gclid_CjwKCAjwsvujBhAXEiwA_UXnAG6ibdIKqwespQhevUpl0CoxmOTxJQgIa_knLF-tjuT4jZ5r4rAFMRoCDV4QAvD_BwE&amp;awaid=9507&amp;gclid=CjwKCAjwsvujBhAXEiwA_UXnAG6ibdIKqwespQhevUpl0CoxmOTxJQgIa_knLF-tjuT4jZ5r4rAFMRoCDV4QAvD_BwE\">Domenico Dara<\/a>, da <a href=\"https:\/\/www.store.rubbettinoeditore.it\/catalogo\/tredici-gol-dalla-bandierina\/\">Ettore Castagna<\/a> a <a href=\"http:\/\/fulviocortese.it\/?p=8121\">Gioacchino Criaco<\/a> e (al meno conosciuto, ma talentuoso) Salvatore Conaci (per citarne soltanto <a href=\"https:\/\/www.pangea.news\/nuove-voci-calabria-grandinetti\/\">alcuni<\/a>\u2026) sta conferendo al patrimonio nazionale ottime prove di scrittura e vitalit\u00e0, emotiva e socio-culturale. In proposito devo ringraziare i colleghi e amici\u00a0<em>nativi<\/em>, che da tempo mi sollecitano a scoprire l\u2019energia di un intero giacimento territoriale. Quando posso, dunque, do piena fiducia cartacea a questo invito. Prima o poi, per\u00f2, dovr\u00f2 seguire le orme di <a href=\"https:\/\/www.repubblica.it\/cultura\/2023\/04\/12\/news\/la_calabria_magica_di_giuseppe_berto-395726324\/\">Giuseppe Berto<\/a>, che da veneto ha saputo trovare nella natura della Calabria un inaspettato e prolifico centro di gravit\u00e0. Giuridicamente, del resto, lo \u00e8 gi\u00e0, e finalmente, dopo qualche anno di pausa, la felice consuetudine del <a href=\"http:\/\/www.aipda.it\/wp-content\/uploads\/2023\/05\/copanello-2023-programma-def-1.pdf\">convegno di Copanello<\/a> torna a farsi viva.<\/p>\n","protected":false},"excerpt":{"rendered":"<p>Dopo aver letto\u00a0La ricreazione \u00e8 finita\u00a0riesce spontaneo rileggere\u00a0Mistero al cubo. Se il primo ha finalmente riaperto un po\u2019 di dibattito sui\u00a0campus novel, non c\u2019\u00e8 dubbio che il secondo rappresenta una delle tante, possibili e riuscite sperimentazioni del genere. Che va visto in tutte le sue potenzialit\u00e0, dai classici di David Lodge al pionieristico\u00a0Quando studiavamo in <a href='http:\/\/fulviocortese.it\/?p=9054'>[&#8230;]<\/a><\/p>\n","protected":false},"author":1,"featured_media":0,"comment_status":"closed","ping_status":"open","sticky":false,"template":"","format":"standard","meta":{"footnotes":""},"categories":[1,171],"tags":[223,175,38,289],"class_list":["post-9054","post","type-post","status-publish","format-standard","hentry","category-biblio","category-iuridica","tag-calabria","tag-giallo","tag-romanzo","tag-universita","category-1-id","category-171-id","post-seq-1","post-parity-odd","full-content"],"_links":{"self":[{"href":"http:\/\/fulviocortese.it\/index.php?rest_route=\/wp\/v2\/posts\/9054","targetHints":{"allow":["GET"]}}],"collection":[{"href":"http:\/\/fulviocortese.it\/index.php?rest_route=\/wp\/v2\/posts"}],"about":[{"href":"http:\/\/fulviocortese.it\/index.php?rest_route=\/wp\/v2\/types\/post"}],"author":[{"embeddable":true,"href":"http:\/\/fulviocortese.it\/index.php?rest_route=\/wp\/v2\/users\/1"}],"replies":[{"embeddable":true,"href":"http:\/\/fulviocortese.it\/index.php?rest_route=%2Fwp%2Fv2%2Fcomments&post=9054"}],"version-history":[{"count":15,"href":"http:\/\/fulviocortese.it\/index.php?rest_route=\/wp\/v2\/posts\/9054\/revisions"}],"predecessor-version":[{"id":9069,"href":"http:\/\/fulviocortese.it\/index.php?rest_route=\/wp\/v2\/posts\/9054\/revisions\/9069"}],"wp:attachment":[{"href":"http:\/\/fulviocortese.it\/index.php?rest_route=%2Fwp%2Fv2%2Fmedia&parent=9054"}],"wp:term":[{"taxonomy":"category","embeddable":true,"href":"http:\/\/fulviocortese.it\/index.php?rest_route=%2Fwp%2Fv2%2Fcategories&post=9054"},{"taxonomy":"post_tag","embeddable":true,"href":"http:\/\/fulviocortese.it\/index.php?rest_route=%2Fwp%2Fv2%2Ftags&post=9054"}],"curies":[{"name":"wp","href":"https:\/\/api.w.org\/{rel}","templated":true}]}}