{"id":8939,"date":"2023-04-05T14:34:35","date_gmt":"2023-04-05T13:34:35","guid":{"rendered":"http:\/\/fulviocortese.it\/?p=8939"},"modified":"2023-04-05T14:35:13","modified_gmt":"2023-04-05T13:35:13","slug":"v13-emmanuel-carrere","status":"publish","type":"post","link":"http:\/\/fulviocortese.it\/?p=8939","title":{"rendered":"V13 (Emmanuel Carr\u00e8re)"},"content":{"rendered":"\n<div class=\"wp-block-image\"><figure class=\"alignleft is-resized\"><img loading=\"lazy\" decoding=\"async\" src=\"https:\/\/www.adelphi.it\/spool\/cover__id13036_w600_t1677066000.jpg&amp;.jpg\" alt=\"\" width=\"218\" height=\"342\"\/><\/figure><\/div>\n\n\n\n<p>V13 \u00e8 la sigla di un noto processo svoltosi a Parigi per gli attentati terroristici di <a href=\"https:\/\/it.wikipedia.org\/wiki\/Attentati_di_Parigi_del_13_novembre_2015#Vittime\">venerd\u00ec 13 novembre 2015<\/a>. Quel giorno un gruppo di giovani islamici radicalizzati e armati, partiti in auto da Bruxelles e operanti nel nome dell\u2019ISIS, ha messo in atto una serie di azioni omicide: al di fuori dello Stade de France; dentro la sala del Bataclan, dove si stava svolgendo un concerto rock; davanti ad alcuni noti, e affollati, locali e caff\u00e8. Tra i killer c\u2019\u00e8 stato anche chi si \u00e8 fatto saltare in aria, azionando cinture esplosive. Alla fine sono morte 130 persone. Ma le vittime (feriti, invalidi, persone in vario modo traumatizzate\u2026) sono state molte di pi\u00f9. Come inviato freelance di un <a href=\"https:\/\/www.nouvelobs.com\/journaliste\/206\/emmanuel-carrere.html\">periodico<\/a>, Carr\u00e8re ha seguito tutto l\u2019iter processuale, dalla prima udienza alla lettura della sentenza, pubblicando a puntate una serie di resoconti settimanali, che ora sono stati raccolti in volume e ordinati in tre parti: le vittime; gli imputati; la corte. <\/p>\n\n\n\n<p>Nella prima parte lo scrittore spiega la struttura del giudizio e il relativo programma, dedicando, poi, apposito e ampio spazio alle voci e alle storie di chi ha subito l\u2019attentato. \u00c8 una galleria costellata di vite improvvisamente interrotte, di dolori profondi e paralizzanti, di immagini di sangue e di ferite, di sensazioni strazianti, e di rapporti che Carr\u00e8re costruisce empaticamente anche con i familiari di chi \u00e8 morto. La seconda parte, invece, \u00e8 dedicata agli accusati, o meglio a chi non \u00e8 esploso ed \u00e8 stato infine catturato. \u00c8 percorsa dal desiderio di <em>capire<\/em>, di ricostruire per quanto possibile i contesti familiari e sociali, e la psicologia, degli imputati, visti in azione nei mesi, nelle settimane, nei giorni e nelle ore antecedenti agli eventi. Ne esce un quadro contraddittorio, disegnato da un intreccio di silenzi e di dichiarazioni occasionali, e raffigurante, in larga parte, un complesso di traiettorie personali tanto sbandate quanto indecifrabili. La terza parte, infine, \u00e8 quella delle arringhe di accusa e difesa, dell\u2019analisi delle rispettive strategie e dell\u2019attesa del verdetto. Carr\u00e8re si sofferma bene sia sull\u2019eloquenza degli avvocati, sia sulle capacit\u00e0 degli accusatori, sia &#8211; ancora &#8211; su specifici snodi tecnici di alcune questioni giuridiche (che dimostra di descrivere assai bene). \u00c8 la fase in cui emerge nel modo pi\u00f9 palpabile la speciale sensibilit\u00e0 che l\u2019Autore manifesta sin dalle prime pagine per le dinamiche della giustizia. <\/p>\n\n\n\n<p>Tutto il libro \u00e8 percorso da interrogativi fondamentali, talvolta espliciti, talaltra impliciti, ma inequivocabilmente presupposti: a che cosa <em>serve<\/em> il giudizio? Qual \u00e8 il <em>ruolo<\/em> dei soggetti che sono chiamati ad animarlo? Si possono difendere degli <em>indifendibili<\/em>? Si pu\u00f2 davvero ristorare il <em>dolore<\/em> patito? Del processo, in realt\u00e0, lo scrittore avverte &#8211; si direbbe &#8211; una funzione catartica: come luogo privilegiato per il riconoscimento che le vittime cercano o per l\u2019incontro che proprio l\u00ec possono fare con i loro carnefici e con i rispettivi parenti, e che pu\u00f2 preludere anche percorsi esistenziali riparativi, particolarmente articolati; ma anche come margine istituzionale comunque necessario, in cui riaffermare le radici della convivenza e le ragioni di un nuovo inizio, perch\u00e9, in questa prospettiva, il processo \u00e8 il modo \u201cper trasformare l\u2019emotivit\u00e0 in diritto\u201d ed evitare che \u201cvada persa\u201d senza frutto. Pi\u00f9, e forse meglio, di altri e tanti testi <em>V13<\/em> dimostra plasticamente come e quanto la giustizia dello stato di diritto e la sua ritualit\u00e0, pur non riuscendo a risolvere ogni cosa, possano farsi filtro efficace di pulsioni pericolose o autodistruttive. E contribuiscano, dunque, in maniera determinante, a rilegittimare i poteri pubblici e a rinnovare il patto sociale. <\/p>\n\n\n\n<p>Recensioni (di <a href=\"https:\/\/www.avvenire.it\/agora\/pagine\/carrre-come-si-pu-processare-lorror-db6b0c295d014b3e943fb501bc149dcc\">M. Cecchetti<\/a>; <a href=\"https:\/\/www.criticaletteraria.org\/2023\/03\/emmanuel-carrere-recensione.html\">C. Consoli<\/a>; <a href=\"https:\/\/www.rivistastudio.com\/v13-carrere\/\">D. Coppo<\/a>; <a href=\"https:\/\/www.iltascabile.com\/letterature\/emmanuel-carrere-processo-secolo\/\">V. Latronico<\/a>; <a href=\"https:\/\/www.doppiozero.com\/v13-carrere-davanti-ai-terroristi\">A. Mittone<\/a>; <a href=\"https:\/\/www.minimaetmoralia.it\/wp\/letteratura\/e-per-questo-che-siamo-qui-su-v13-di-emmanuel-carrere\/\">M. Moca<\/a>; <a href=\"https:\/\/www.esquire.com\/it\/cultura\/libri\/a12233728\/emmanuel-carrere-libro-v-13\/\">G. Silvano<\/a>; <a href=\"https:\/\/www.ilfoglio.it\/esteri\/2022\/09\/02\/news\/arriva-il-libro-di-carre-re-che-ripercorre-il-processo-del-secolo-al-terrorismo-islamico-4380901\/\">M. Zanon<\/a>)<\/p>\n\n\n\n<p><a href=\"https:\/\/www.vanityfair.it\/article\/emmanuel-carrere-intervista\">Un&#8217;intervista all&#8217;Autore<\/a><\/p>\n","protected":false},"excerpt":{"rendered":"<p>V13 \u00e8 la sigla di un noto processo svoltosi a Parigi per gli attentati terroristici di venerd\u00ec 13 novembre 2015. Quel giorno un gruppo di giovani islamici radicalizzati e armati, partiti in auto da Bruxelles e operanti nel nome dell\u2019ISIS, ha messo in atto una serie di azioni omicide: al di fuori dello Stade de <a href='http:\/\/fulviocortese.it\/?p=8939'>[&#8230;]<\/a><\/p>\n","protected":false},"author":1,"featured_media":0,"comment_status":"closed","ping_status":"open","sticky":false,"template":"","format":"standard","meta":{"footnotes":""},"categories":[1,171],"tags":[61,147,80,81,58,165,529],"class_list":["post-8939","post","type-post","status-publish","format-standard","hentry","category-biblio","category-iuridica","tag-diritto","tag-francia","tag-giustizia","tag-processo","tag-saggio","tag-terrorismo","tag-vittime","category-1-id","category-171-id","post-seq-1","post-parity-odd","full-content"],"_links":{"self":[{"href":"http:\/\/fulviocortese.it\/index.php?rest_route=\/wp\/v2\/posts\/8939","targetHints":{"allow":["GET"]}}],"collection":[{"href":"http:\/\/fulviocortese.it\/index.php?rest_route=\/wp\/v2\/posts"}],"about":[{"href":"http:\/\/fulviocortese.it\/index.php?rest_route=\/wp\/v2\/types\/post"}],"author":[{"embeddable":true,"href":"http:\/\/fulviocortese.it\/index.php?rest_route=\/wp\/v2\/users\/1"}],"replies":[{"embeddable":true,"href":"http:\/\/fulviocortese.it\/index.php?rest_route=%2Fwp%2Fv2%2Fcomments&post=8939"}],"version-history":[{"count":17,"href":"http:\/\/fulviocortese.it\/index.php?rest_route=\/wp\/v2\/posts\/8939\/revisions"}],"predecessor-version":[{"id":8956,"href":"http:\/\/fulviocortese.it\/index.php?rest_route=\/wp\/v2\/posts\/8939\/revisions\/8956"}],"wp:attachment":[{"href":"http:\/\/fulviocortese.it\/index.php?rest_route=%2Fwp%2Fv2%2Fmedia&parent=8939"}],"wp:term":[{"taxonomy":"category","embeddable":true,"href":"http:\/\/fulviocortese.it\/index.php?rest_route=%2Fwp%2Fv2%2Fcategories&post=8939"},{"taxonomy":"post_tag","embeddable":true,"href":"http:\/\/fulviocortese.it\/index.php?rest_route=%2Fwp%2Fv2%2Ftags&post=8939"}],"curies":[{"name":"wp","href":"https:\/\/api.w.org\/{rel}","templated":true}]}}