{"id":8913,"date":"2023-03-19T21:24:32","date_gmt":"2023-03-19T20:24:32","guid":{"rendered":"http:\/\/fulviocortese.it\/?p=8913"},"modified":"2023-03-19T21:25:58","modified_gmt":"2023-03-19T20:25:58","slug":"dalla-vita-daniele-gorret","status":"publish","type":"post","link":"http:\/\/fulviocortese.it\/?p=8913","title":{"rendered":"Dalla vita (Daniele Gorret)"},"content":{"rendered":"\n<div class=\"wp-block-image\"><figure class=\"alignleft is-resized\"><img loading=\"lazy\" decoding=\"async\" src=\"https:\/\/ronzanieditore.it\/wp-content\/uploads\/2022\/12\/Gorret_fronte.jpg\" alt=\"\" width=\"253\" height=\"361\"\/><\/figure><\/div>\n\n\n\n<p>La voce che d\u00e0 corpo alle poesie di questa raccolta disegna i pensieri di un uomo, pensieri che provengono dalla sua vita e che, per\u00f2, si soffermano sulla vita in generale, e sul mondo. \u00c8 un uomo anziano, che sa di essere solo, e che <i>percepisce<\/i> e <i>soppesa<\/i>: i suoni del mattino, le sagome nere delle montagne, il potere intrinseco delle parole, le aggressioni del vociare televisivo, il passare degli anni e delle stagioni\u2026 Le sue frasi sono pacate, tristi e felici allo stesso tempo, e talvolta ironiche. Di fronte a tutto ci\u00f2 che incontra, l\u2019uomo alterna riflessioni amare, qualche sorriso e ricordi lontani, quasi cercando momenti di sollievo &#8211; un <i>resiliente<\/i> sollievo &#8211; nell\u2019eco di grandi poeti e nell\u2019elogio di ci\u00f2 che \u00e8 pi\u00f9 piccolo, pi\u00f9 laterale, meno appariscente; o pi\u00f9 fisiologico, come sono i costumi di un tempo, oggi perduti, o la pura natura delle cose, la pi\u00f9 semplice e spontanea. Sembra che tra certe cose e certi costumi vi sia un nesso, uno snodo in cui si custodiscono la verit\u00e0 e l\u2019onest\u00e0, una forza che si anima per contrasto: \u201cMentre i potenti pensano gli affari \/ (da farsi in altre sedi, non vicino a noi), l\u2019uomo considera il vecchio pentolino \/ e pi\u00f9 lo guarda pi\u00f9 lodando ammira\u201d (p. 47). I migliori compagni di quest\u2019uomo, alla fine, non sono gli altri uomini, sono gli animali, la cui sofferenza lo fa star male. Non lo attirano soltanto le creature pi\u00f9 domestiche o consuete, il merlo Cantovivo, ad esempio, o il cane incontrato a passeggio in citt\u00e0. Anche un verme gli suscita empatia. E cos\u00ec la betulla, il ciliegio, i vegetali dell\u2019orto, il biancospino, un pino, il tarassaco, un pesco, l\u2019albero di natale.\u00a0<\/p>\n\n\n\n<p>Come suggerisce la chiusa della prefazione che introduce questo libro, il mondo descritto da Daniele Gorret \u00e8 quello migliore che esisterebbe se gli uomini avessero compiuto, <i>\u00e0 la<\/i> Borges, un adeguato \u201cabuso di letteratura\u201d. Ci\u00f2 significa, innanzitutto, che l\u2019Autore di questa silloge &#8211; che di letteratura vive per lungo, costante e disciplinato esercizio: ne ha senz\u2019altro \u201cabusato\u201d &#8211; \u00e8 dotato di una speciale ipersensibilit\u00e0. \u00c8 una capacit\u00e0 che lo mette facilmente a contatto con la realt\u00e0. Che gli consente, come \u00e8 proprio di un sacerdote di un culto, di sintonizzarsi meglio di chiunque altro con l\u2019<i>essenziale<\/i>, e di indicare una strada, una via da percorrere per un\u2019esistenza buona. Tanto che a primavera, verso pasqua, pensa di risorgere, nel senso che \u201cgli \u00e8 lecito sperare: in sogno di tentare \/ cambio di specie per una notte o due; \/ farsi albero o fiore o addirittura \/ ape che impollina, rondine che vola\u201d (p. 21). Si pu\u00f2 anche affermare che Gorret \u00e8 poeta per eccellenza. Il suo verso, per nulla scontato, conduce a un pacato disorientamento, intimo ma quasi filosofico, premessa creativa di interrogazioni profonde come di intuizioni consolatorie. \u00c8 tanto pi\u00f9 vero quanto semplici e ordinarie sono le immagini evocate. Al poeta, d\u2019altra parte, come ricordava anche Orazio, <i>difficile est proprie communia dicere<\/i>. Ebbene, in Gorret non si avverte alcuna difficolt\u00e0. E questa \u00e8 davvero una bella scoperta.<\/p>\n\n\n\n<p>L\u2019Autore a <a href=\"https:\/\/youtu.be\/aRrIj9USow4\"><i>Il posto delle parole<\/i><\/a><\/p>\n","protected":false},"excerpt":{"rendered":"<p>La voce che d\u00e0 corpo alle poesie di questa raccolta disegna i pensieri di un uomo, pensieri che provengono dalla sua vita e che, per\u00f2, si soffermano sulla vita in generale, e sul mondo. \u00c8 un uomo anziano, che sa di essere solo, e che percepisce e soppesa: i suoni del mattino, le sagome nere <a href='http:\/\/fulviocortese.it\/?p=8913'>[&#8230;]<\/a><\/p>\n","protected":false},"author":1,"featured_media":0,"comment_status":"closed","ping_status":"open","sticky":false,"template":"","format":"standard","meta":{"footnotes":""},"categories":[8],"tags":[242,122,17],"class_list":["post-8913","post","type-post","status-publish","format-standard","hentry","category-poesia","tag-condizione-umana","tag-natura","tag-poesia-2","category-8-id","post-seq-1","post-parity-odd","full-content"],"_links":{"self":[{"href":"http:\/\/fulviocortese.it\/index.php?rest_route=\/wp\/v2\/posts\/8913","targetHints":{"allow":["GET"]}}],"collection":[{"href":"http:\/\/fulviocortese.it\/index.php?rest_route=\/wp\/v2\/posts"}],"about":[{"href":"http:\/\/fulviocortese.it\/index.php?rest_route=\/wp\/v2\/types\/post"}],"author":[{"embeddable":true,"href":"http:\/\/fulviocortese.it\/index.php?rest_route=\/wp\/v2\/users\/1"}],"replies":[{"embeddable":true,"href":"http:\/\/fulviocortese.it\/index.php?rest_route=%2Fwp%2Fv2%2Fcomments&post=8913"}],"version-history":[{"count":10,"href":"http:\/\/fulviocortese.it\/index.php?rest_route=\/wp\/v2\/posts\/8913\/revisions"}],"predecessor-version":[{"id":8923,"href":"http:\/\/fulviocortese.it\/index.php?rest_route=\/wp\/v2\/posts\/8913\/revisions\/8923"}],"wp:attachment":[{"href":"http:\/\/fulviocortese.it\/index.php?rest_route=%2Fwp%2Fv2%2Fmedia&parent=8913"}],"wp:term":[{"taxonomy":"category","embeddable":true,"href":"http:\/\/fulviocortese.it\/index.php?rest_route=%2Fwp%2Fv2%2Fcategories&post=8913"},{"taxonomy":"post_tag","embeddable":true,"href":"http:\/\/fulviocortese.it\/index.php?rest_route=%2Fwp%2Fv2%2Ftags&post=8913"}],"curies":[{"name":"wp","href":"https:\/\/api.w.org\/{rel}","templated":true}]}}