{"id":856,"date":"2013-01-06T11:44:14","date_gmt":"2013-01-06T10:44:14","guid":{"rendered":"http:\/\/fulviocortese.it\/?p=856"},"modified":"2013-01-06T11:44:14","modified_gmt":"2013-01-06T10:44:14","slug":"titolo-autore","status":"publish","type":"post","link":"http:\/\/fulviocortese.it\/?p=856","title":{"rendered":"Titolo (Autore)"},"content":{"rendered":"<p><a href=\"http:\/\/fulviocortese.it\/wp-content\/uploads\/2013\/01\/Autore2.jpeg\"><img loading=\"lazy\" decoding=\"async\" class=\"alignleft size-medium wp-image-859\" title=\"Autore\" src=\"http:\/\/fulviocortese.it\/wp-content\/uploads\/2013\/01\/Autore2-e1357468764724-224x300.jpeg\" alt=\"\" width=\"224\" height=\"300\" srcset=\"http:\/\/fulviocortese.it\/wp-content\/uploads\/2013\/01\/Autore2-e1357468764724-224x300.jpeg 224w, http:\/\/fulviocortese.it\/wp-content\/uploads\/2013\/01\/Autore2-e1357468764724-764x1024.jpeg 764w, http:\/\/fulviocortese.it\/wp-content\/uploads\/2013\/01\/Autore2-e1357468764724.jpeg 1936w\" sizes=\"auto, (max-width: 224px) 100vw, 224px\" \/><\/a>Prima di riuscire ad apprezzare, il 2 gennaio, una leggera spruzzata di neve, il 30 dicembre, durante una breve passeggiata montana, sono stato sospinto in un\u2019atmosfera tutta novembrina, complici\u00a0 i sorprendenti \u201ccaldi\u201d di questi giorni invernali di festa. Non c\u2019era atmosfera pi\u00f9 adatta per abbordare questo singolare libretto, le cui poesie sono in gran parte di ispirazione autunnale.<\/p>\n<p>Il piccolo fascicolo \u00e8 formalmente votato all\u2019anonimato pi\u00f9 assoluto e la quarta di copertina, autoironica e quasi farsesca, potrebbe anche farci pensare alla dimensione dello <em>scherzo<\/em>. Nonostante ci\u00f2, la poesia di questo Autore <em>non scherza<\/em>: c\u2019\u00e8 del mestiere, e ci sono anche immagini e filoni tradizionali e sperimentati, che dimostrano una particolare consapevolezza. Si pu\u00f2 anche arrivare a dire di pi\u00f9: dei diciannove pezzi brevi che compongono la raccolta \u00e8 difficile individuare quello meno riuscito degli altri. Che cosa importa, quindi, dell&#8217;identit\u00e0 di chi scrive?<\/p>\n<p>Come si sarebbe detto in altri tempi, l\u2019<em>aura<\/em> di questi componimenti \u00e8 tutta pervasa da un clima di malinconia e di insoddisfazione, di stupore inappagato per una perfezione che \u00e8 delle cose e che, tuttavia, nessun interprete umano pu\u00f2 raggiungere. L\u2019ambientazione autunnale non fa altro che enfatizzare questi sentimenti, anche se talvolta la combinazione tra la fascinazione assoluta per un ordine segreto e l\u2019ambizione frustrata dell\u2019artista si trasformano in rabbia determinata, in invettiva nei confronti dell\u2019ineffabile ma aggrovigliata semplicit\u00e0 della terra. I pezzi su Dino Campana e Vincent Van Gogh rivelano che la pazzia pu\u00f2 essere un canale privilegiato, un modo di assimilarsi integralmente e con successo, finalmente, alla sorprendente ed agghiacciante follia della natura. Alla fine, sono gli affetti, come sempre, a non tradire, a permettere un minimo conforto: un bacio rubato nel freddo e nel buio pu\u00f2 dare il pi\u00f9 grande e forse unico sollievo, e l\u2019istintiva attenzione per i propri figli \u00e8 il segno che almeno loro possono avere ancora l\u2019illusione di capire e cambiare il mondo.<\/p>\n<p><a href=\"http:\/\/www.sinopiaonlus.org\">L&#8217;Editore<\/a><\/p>\n<p><em>Due poesie scelte&#8230;<\/em><\/p>\n<p>Odio madre natura, mi fa schifo.<\/p>\n<p>Te, quel poco di sterco e qualche poesia<\/p>\n<p>che riesci a produrre con grande fatica<\/p>\n<p>li tieni da conto come fossero oro.<\/p>\n<p>Lei abbonda di ogni tesoro<\/p>\n<p>e lo spreca, lo butta.<\/p>\n<p>Miliardi di pigne, conchiglie,<\/p>\n<p>pietre bianche, rotonde, nere.<\/p>\n<p>Fiori da riempire all\u2019orlo<\/p>\n<p>mille petroliere.<\/p>\n<p>Li butta, la stolta. Ha le mani bucate,<\/p>\n<p>l\u2019orrenda mignotta, sfondate.<\/p>\n<p>E il vento, le onde, non si fermano mai.<\/p>\n<p>E le nevi perenni, la luce del sole,<\/p>\n<p>e la notte e il giorno, la pioggia che cade.<\/p>\n<p>Gli atomi eterni, un milione d\u2019inverni.<\/p>\n<p>I falchi, le balene, i ghiri,<\/p>\n<p>l\u2019acqua che bevi, l\u2019aria che respiri.<\/p>\n<p>&#8212;&#8212;&#8212;&#8212;&#8212;&#8212;&#8212;&#8212;&#8212;&#8212;&#8211;<\/p>\n<p>Il sole si abbassa,<\/p>\n<p>si piega a leccare la strada.<\/p>\n<p>La massa di foglie secche<\/p>\n<p>\u00e8 un cane senza padrone.<\/p>\n<p>Non c\u2019importa<\/p>\n<p>il freddo dell\u2019androne,<\/p>\n<p>la porta nera di legno vecchio.<\/p>\n<p>Fuori tutto scurisce, secca.<\/p>\n<p>Tienimi stretto.<\/p>\n<p>Sei l\u2019unica nota intonata<\/p>\n<p>nell\u2019orribile stecca.<\/p>\n","protected":false},"excerpt":{"rendered":"<p>Prima di riuscire ad apprezzare, il 2 gennaio, una leggera spruzzata di neve, il 30 dicembre, durante una breve passeggiata montana, sono stato sospinto in un\u2019atmosfera tutta novembrina, complici\u00a0 i sorprendenti \u201ccaldi\u201d di questi giorni invernali di festa. Non c\u2019era atmosfera pi\u00f9 adatta per abbordare questo singolare libretto, le cui poesie sono in gran parte <a href='http:\/\/fulviocortese.it\/?p=856'>[&#8230;]<\/a><\/p>\n","protected":false},"author":1,"featured_media":0,"comment_status":"closed","ping_status":"open","sticky":false,"template":"","format":"image","meta":{"footnotes":""},"categories":[1],"tags":[241,172,242,122,17],"class_list":["post-856","post","type-post","status-publish","format-image","hentry","category-biblio","tag-anonimo","tag-arte","tag-condizione-umana","tag-natura","tag-poesia-2","post_format-post-format-image","category-1-id","post-seq-1","post-parity-odd","full-content"],"_links":{"self":[{"href":"http:\/\/fulviocortese.it\/index.php?rest_route=\/wp\/v2\/posts\/856","targetHints":{"allow":["GET"]}}],"collection":[{"href":"http:\/\/fulviocortese.it\/index.php?rest_route=\/wp\/v2\/posts"}],"about":[{"href":"http:\/\/fulviocortese.it\/index.php?rest_route=\/wp\/v2\/types\/post"}],"author":[{"embeddable":true,"href":"http:\/\/fulviocortese.it\/index.php?rest_route=\/wp\/v2\/users\/1"}],"replies":[{"embeddable":true,"href":"http:\/\/fulviocortese.it\/index.php?rest_route=%2Fwp%2Fv2%2Fcomments&post=856"}],"version-history":[{"count":2,"href":"http:\/\/fulviocortese.it\/index.php?rest_route=\/wp\/v2\/posts\/856\/revisions"}],"predecessor-version":[{"id":861,"href":"http:\/\/fulviocortese.it\/index.php?rest_route=\/wp\/v2\/posts\/856\/revisions\/861"}],"wp:attachment":[{"href":"http:\/\/fulviocortese.it\/index.php?rest_route=%2Fwp%2Fv2%2Fmedia&parent=856"}],"wp:term":[{"taxonomy":"category","embeddable":true,"href":"http:\/\/fulviocortese.it\/index.php?rest_route=%2Fwp%2Fv2%2Fcategories&post=856"},{"taxonomy":"post_tag","embeddable":true,"href":"http:\/\/fulviocortese.it\/index.php?rest_route=%2Fwp%2Fv2%2Ftags&post=856"}],"curies":[{"name":"wp","href":"https:\/\/api.w.org\/{rel}","templated":true}]}}