{"id":836,"date":"2012-12-26T16:51:46","date_gmt":"2012-12-26T15:51:46","guid":{"rendered":"http:\/\/fulviocortese.it\/?p=836"},"modified":"2012-12-26T16:52:42","modified_gmt":"2012-12-26T15:52:42","slug":"trans-europa-express-paolo-rumiz","status":"publish","type":"post","link":"http:\/\/fulviocortese.it\/?p=836","title":{"rendered":"Trans Europa Express (Paolo Rumiz)"},"content":{"rendered":"<p><a href=\"http:\/\/www.lafeltrinelli.it\/products\/9788807019272\/Trans_Europa_Express\/Paolo_Rumiz.html\"><img loading=\"lazy\" decoding=\"async\" class=\"alignleft\" title=\"rumiz\" src=\"http:\/\/static.lafeltrinelli.it\/static\/images-1\/l\/101\/3755101.jpg \" alt=\"\" width=\"142\" height=\"220\" \/><\/a>Un esperto giornalista \u2013 che \u00e8 da tempo un instancabile viaggiatore, come provano i tanti <em>reportage<\/em> su <em>Repubblica<\/em> \u2013 propone una visione <em>verticale<\/em> dell\u2019Europa, dall\u2019estremo Nord di Kirkenes, in Norvegia, fino allo stretto del Bosforo, alle porte di Istanbul e del Mediterraneo. L\u2019equipaggiamento \u00e8 essenziale; l\u2019idea \u00e8 quella di muoversi, se possibile, soltanto con i mezzi pubblici. Disagi e contrattempi, infatti, non costituiscono necessariamente un problema, ma la chiave per incontri e scoperte altrimenti inaccessibili.<\/p>\n<p>L\u2019itinerario di Rumiz \u00e8 il risultato di un\u2019aspirazione di ricerca progettata quasi con ostinazione: \u00e8 vero, la cortina di ferro non c\u2019\u00e8 pi\u00f9, ma il <em>confine<\/em> pu\u00f2 essere ancora un elemento indispensabile; \u00e8 per questo che occorre seguirne le tracce e gli spostamenti, e non c\u2019\u00e8 niente di meglio, per capire che cosa \u00e8 stata e che cosa pu\u00f2 essere oggi l\u2019Europa, che \u201cbuttarsi\u201d alle sue pi\u00f9 tormentate estremit\u00e0 e percorrerne i contorni pi\u00f9 frastagliati e desolati, pi\u00f9 carichi di ogni pi\u00f9 forte <em>sensazione<\/em>, naturale o artificiale che sia. \u00c8 in questo tipo di intuizioni che si pu\u00f2 saggiare il gusto, il senso e la profondit\u00e0 di un\u2019eredit\u00e0 culturale che, nel centro del Continente, non \u00e8 pi\u00f9 disponibile, sommersa da un <em>lifestyle<\/em> sempre pi\u00f9 uniforme ed omologante.<\/p>\n<p>Negli appunti dello scrittorie triestino \u2013 aedo del meticciato culturale, per diritto di nascita orgogliosamente ribadito \u2013 curiosit\u00e0 e momenti salienti non mancano. Sono molto suggestive le descrizioni delle Penisola di Kola, della Carelia e degli uomini che la abitano, cos\u00ec come delle <a href=\"http:\/\/www.solovki.ca\/english\/camp.php\">Isole Soloveckij<\/a> e dell\u2019intensa e primordiale religiosit\u00e0 ortodossa che pervade, anima e <em>spiega<\/em> lande ancora selvagge. Dopo il pezzo sulle <em>Terre di mezzo<\/em> (Estonia, Lituania e Lettonia), il capitolo migliore, probabilmente, \u00e8 quello sulla \u201ccitt\u00e0 di Kappa\u201d, Kaliningrad. Anche molte immagini restano facilmente impresse, come quelle dei treni russi, popolosi universi che si muovono costanti ed inesorabili (bellissima la descrizione di una carrozza-tipo a p. 72).<\/p>\n<p>Tuttavia, ci\u00f2 che pi\u00f9 colpisce \u00e8 il modo con cui l\u2019autore raccoglie le testimonianze, dirette o indirette, dell\u2019immenso, diffuso e silenzioso lascito dell\u2019ebraismo in una fascia territoriale incerta ed attraversata da un dinamismo storicamente instancabile e crudele, capace, tra pogrom, guerre, Shoah e persecuzioni staliniste, di travolgere e cancellare una <em>magna pars<\/em> del cuore europeo e dell\u2019anima che l\u2019ha fatto pulsare per secoli. \u201cLa memoria: ecco il tema chiave\u201d (p. 120). Ecco, in definitiva, l\u2019antidoto, per evitare anche oggi che ignoranza e vuoti nazionalismi riportino alla luce terribili reticolati di violenza e spingano l\u2019Europa a superare confini che non vorrebbe mai pi\u00f9 oltrepassare.<\/p>\n<p><a href=\"http:\/\/www.radio3.rai.it\/dl\/radio3\/programmi\/puntata\/ContentItem-c07eca82-a4ec-4839-9d12-41534751f0e7.html\">L\u2019Autore a <em>Fahrenheit <\/em>(Radio3)<\/a><\/p>\n<p>Da leggere (dello stesso Autore): <a href=\"http:\/\/www.feltrinellieditore.it\/SchedaLibro?id_volume=5000797\"><em>La leggenda dei monti naviganti<\/em><\/a><\/p>\n","protected":false},"excerpt":{"rendered":"<p>Un esperto giornalista \u2013 che \u00e8 da tempo un instancabile viaggiatore, come provano i tanti reportage su Repubblica \u2013 propone una visione verticale dell\u2019Europa, dall\u2019estremo Nord di Kirkenes, in Norvegia, fino allo stretto del Bosforo, alle porte di Istanbul e del Mediterraneo. L\u2019equipaggiamento \u00e8 essenziale; l\u2019idea \u00e8 quella di muoversi, se possibile, soltanto con i <a href='http:\/\/fulviocortese.it\/?p=836'>[&#8230;]<\/a><\/p>\n","protected":false},"author":1,"featured_media":0,"comment_status":"closed","ping_status":"open","sticky":false,"template":"","format":"image","meta":{"footnotes":""},"categories":[1],"tags":[239,34,182,39,126],"class_list":["post-836","post","type-post","status-publish","format-image","hentry","category-biblio","tag-confini","tag-memoria","tag-paesaggio","tag-politica-e-liberta","tag-viaggio","post_format-post-format-image","category-1-id","post-seq-1","post-parity-odd","full-content"],"_links":{"self":[{"href":"http:\/\/fulviocortese.it\/index.php?rest_route=\/wp\/v2\/posts\/836","targetHints":{"allow":["GET"]}}],"collection":[{"href":"http:\/\/fulviocortese.it\/index.php?rest_route=\/wp\/v2\/posts"}],"about":[{"href":"http:\/\/fulviocortese.it\/index.php?rest_route=\/wp\/v2\/types\/post"}],"author":[{"embeddable":true,"href":"http:\/\/fulviocortese.it\/index.php?rest_route=\/wp\/v2\/users\/1"}],"replies":[{"embeddable":true,"href":"http:\/\/fulviocortese.it\/index.php?rest_route=%2Fwp%2Fv2%2Fcomments&post=836"}],"version-history":[{"count":3,"href":"http:\/\/fulviocortese.it\/index.php?rest_route=\/wp\/v2\/posts\/836\/revisions"}],"predecessor-version":[{"id":839,"href":"http:\/\/fulviocortese.it\/index.php?rest_route=\/wp\/v2\/posts\/836\/revisions\/839"}],"wp:attachment":[{"href":"http:\/\/fulviocortese.it\/index.php?rest_route=%2Fwp%2Fv2%2Fmedia&parent=836"}],"wp:term":[{"taxonomy":"category","embeddable":true,"href":"http:\/\/fulviocortese.it\/index.php?rest_route=%2Fwp%2Fv2%2Fcategories&post=836"},{"taxonomy":"post_tag","embeddable":true,"href":"http:\/\/fulviocortese.it\/index.php?rest_route=%2Fwp%2Fv2%2Ftags&post=836"}],"curies":[{"name":"wp","href":"https:\/\/api.w.org\/{rel}","templated":true}]}}