{"id":7941,"date":"2021-01-09T08:25:17","date_gmt":"2021-01-09T07:25:17","guid":{"rendered":"http:\/\/fulviocortese.it\/?p=7941"},"modified":"2021-01-09T08:25:19","modified_gmt":"2021-01-09T07:25:19","slug":"cane-bianco-romain-gary","status":"publish","type":"post","link":"http:\/\/fulviocortese.it\/?p=7941","title":{"rendered":"Cane bianco (Romain Gary)"},"content":{"rendered":"\n<div class=\"wp-block-image\"><figure class=\"alignleft is-resized\"><img loading=\"lazy\" decoding=\"async\" src=\"https:\/\/s3.eu-central-1.amazonaws.com\/cms-fornace\/public\/photos\/5ad4ba768f45d225e251daa2\/libri\/crops\/Cane%20bianco%20B.jpg?r=394361672\" alt=\"\" width=\"214\" height=\"314\"\/><\/figure><\/div>\n\n\n\n<p>Tra i libri letti negli ultimi tempi, questo \u00e8 il migliore. Ed \u00e8 la conferma che su Gary si pu\u00f2 sempre puntare. Diplomatico, militare ed eroe, scrittore, sceneggiatore e regista: \u00e8 una figura poliedrica e inclassificabile, sempre ostinatamente protesa verso esperienze<em> larger than life<\/em>. Eppure, anche nelle sue opinioni pi\u00f9 abrasive e anticonformiste (o forse proprio per questo), Gary &#8211; il figlio di immigrati lituani, il poliglotta, il prodotto dell\u2019intreccio di una serie di etnie e tradizioni &#8211; \u00e8 un mirabile prototipo dell\u2019uomo del Novecento. Come in altre sue opere, anche in <em>Cane bianco<\/em> autobiografia, saggio e fiction si intrecciano. La storia, che \u00e8 ambientata nel 1968 (il romanzo \u00e8 stato scritto nel 1969 e pubblicato l\u2019anno successivo), comincia a Hollywood, sullo sfondo dei moti e dei vasti disordini metropolitani che attraversano gli Stati Uniti dopo la morte di Martin Luther King. Gary si trova nella casa in cui abita assieme alla moglie, l\u2019attrice <a href=\"https:\/\/www.ilpost.it\/2020\/08\/03\/foto-darchivio-96\/jean-seberg-2\/\">Jean Seberg<\/a>, che tanto si prodiga per la causa antirazzista e per il sostegno all\u2019azione di molte e diverse fazioni del movimento black. Caso vuole che un giorno il cane di Gary si presenti davanti alla porta di ingresso seguito da un altro cane, un pastore tedesco tutto bianco. \u00c8 un cane particolare, che si affeziona subito alla sua nuova dimora e a chi ci vive. Ma ha un problema. Quando si avvicina una persona di colore, sembra perdere la testa, ringhia furiosamente e diventa molto aggressivo. Lo shock di Gary \u00e8 grande, tanto che decide di rivolgersi a un amico, titolare di un rinomato zoo californiano. L\u00ec apprende che Batka &#8211; questo il nome russo che ha dato alla bestia: \u201cpiccolo padre\u201d &#8211; \u00e8 un <em>white dog<\/em>, un cane addestrato a cacciare uomini di colore, come accadeva un tempo negli Stati del Sud: un cane che tutti danno per irrecuperabile. Ma un certo Keys, che lavora allo zoo ed \u00e8 nero, si offre sorprendentemente di rieducarlo. Nel frattempo Gary, turbato dalla situazione surreale di essersi imbattuto in un cane razzista, osserva critico e disincantato tutto ci\u00f2 che accade attorno a lui e stigmatizza il perbenismo e l\u2019attivismo antirazzista del bel mondo dello spettacolo. Soprattutto, abbatte uno per uno gli stereotipi e i pregiudizi che si nascondono nelle vene dell\u2019America bianca, ed anche le proiezioni illusorie che animano i progetti degli attivisti di colore. La sua \u00e8 un\u2019intelligenza corrosiva, volutamente provocatoria, che non si allinea a ci\u00f2 che oggi chiameremmo politicamente corretto e che, tuttavia, non scade neanche in ci\u00f2 che si potrebbe considerare semplicemente scorretto (il libro \u00e8 disseminato di intuizioni folgoranti e giudizi illuminanti, oltre che adeguati alla pi\u00f9 scottante attualit\u00e0). \u00c8 un patriota gollista, reduce della guerra contro il nazismo e il fascismo, ed \u00e8 convinto che la democrazia debba dischiudere un orizzonte in cui tutti possano diventare pi\u00f9 nobili: non sopporta che un paese &#8211; gli Stati Uniti, ma anche la Francia, che in quel momento ribolle per le rivolte studentesche &#8211; si arrenda al dominio della retorica e alla paradossale ripetizione delle dinamiche ricorsive della diseguaglianza. Per questa ragione, attacca i meccanismi imitativi e intrinsecamente conflittuali della societ\u00e0 americana, raffigurata come modello di una perfetta e inguaribile \u201csociet\u00e0 della provocazione\u201d, in cui l\u2019esaltazione delle differenze, specie da parte di chi ha successo, pone costanti presupposti per la diffusione di sentimenti rivali. Ma in questo romanzo c\u2019\u00e8 anche dell\u2019altro: la crisi di una relazione sentimentale; la storia di due fratelli tanto diversi e al contempo tanto vicini; la lite (con tanto di calci bene assestati) con un divo del cinema; un incontro con Bob Kennedy&#8230; Ovviamente c\u2019\u00e8 anche l\u2019epilogo della storia del cane. Che l\u2019odio possa rivelarsi un male davvero inguaribile, \u00e8 un insegnamento che anche Gary \u00e8 costretto a verificare proprio nel terribile e scioccante <em>nuovo corso<\/em> &#8211; tutto da scoprire&#8230; &#8211; cui il <em>white dog<\/em> \u00e8 stato ammaestrato. <\/p>\n\n\n\n<p>Una recensione (di <a href=\"https:\/\/nonsoloproust.wordpress.com\/2011\/12\/17\/cane-bianco-romain-gary\/\">G. Al\u00f9<\/a>)<\/p>\n\n\n\n<p><em>White dog<\/em>, il <a href=\"https:\/\/it.wikipedia.org\/wiki\/Cane_bianco\">film<\/a> del 1982<\/p>\n\n\n\n<p><a href=\"https:\/\/www.rivistastudio.com\/nizza-romain-gary\/\">A Nizza con Gary<\/a><\/p>\n\n\n\n<p><a href=\"https:\/\/ricerca.repubblica.it\/repubblica\/archivio\/repubblica\/2020\/05\/16\/la-vita-esagerata-di-romain-garyRobinson12.html\">Sulla sua &#8220;autobiografia&#8221;<\/a><\/p>\n\n\n\n<p><a href=\"https:\/\/www.lastampa.it\/cultura\/2016\/12\/07\/news\/romain-gary-padre-di-tutte-le-ferrante-1.34778895\">Gary \u201cpadre di tutte le Ferrante\u201d<\/a><\/p>\n\n\n\n<p>I suoi due libri pi\u00f9 belli: <em><a href=\"https:\/\/neripozza.it\/libri\/educazione-europea\">Educazione europea<\/a><\/em> e <em><a href=\"https:\/\/neripozza.it\/libri\/la-promessa-dellalba\">La promessa dell\u2019alba<\/a><\/em><\/p>\n","protected":false},"excerpt":{"rendered":"<p>Tra i libri letti negli ultimi tempi, questo \u00e8 il migliore. Ed \u00e8 la conferma che su Gary si pu\u00f2 sempre puntare. Diplomatico, militare ed eroe, scrittore, sceneggiatore e regista: \u00e8 una figura poliedrica e inclassificabile, sempre ostinatamente protesa verso esperienze larger than life. Eppure, anche nelle sue opinioni pi\u00f9 abrasive e anticonformiste (o forse <a href='http:\/\/fulviocortese.it\/?p=7941'>[&#8230;]<\/a><\/p>\n","protected":false},"author":1,"featured_media":0,"comment_status":"closed","ping_status":"open","sticky":false,"template":"","format":"standard","meta":{"footnotes":""},"categories":[1],"tags":[147,39,473,38,119],"class_list":["post-7941","post","type-post","status-publish","format-standard","hentry","category-biblio","tag-francia","tag-politica-e-liberta","tag-razzismo","tag-romanzo","tag-stati-uniti","category-1-id","post-seq-1","post-parity-odd","full-content"],"_links":{"self":[{"href":"http:\/\/fulviocortese.it\/index.php?rest_route=\/wp\/v2\/posts\/7941","targetHints":{"allow":["GET"]}}],"collection":[{"href":"http:\/\/fulviocortese.it\/index.php?rest_route=\/wp\/v2\/posts"}],"about":[{"href":"http:\/\/fulviocortese.it\/index.php?rest_route=\/wp\/v2\/types\/post"}],"author":[{"embeddable":true,"href":"http:\/\/fulviocortese.it\/index.php?rest_route=\/wp\/v2\/users\/1"}],"replies":[{"embeddable":true,"href":"http:\/\/fulviocortese.it\/index.php?rest_route=%2Fwp%2Fv2%2Fcomments&post=7941"}],"version-history":[{"count":6,"href":"http:\/\/fulviocortese.it\/index.php?rest_route=\/wp\/v2\/posts\/7941\/revisions"}],"predecessor-version":[{"id":7947,"href":"http:\/\/fulviocortese.it\/index.php?rest_route=\/wp\/v2\/posts\/7941\/revisions\/7947"}],"wp:attachment":[{"href":"http:\/\/fulviocortese.it\/index.php?rest_route=%2Fwp%2Fv2%2Fmedia&parent=7941"}],"wp:term":[{"taxonomy":"category","embeddable":true,"href":"http:\/\/fulviocortese.it\/index.php?rest_route=%2Fwp%2Fv2%2Fcategories&post=7941"},{"taxonomy":"post_tag","embeddable":true,"href":"http:\/\/fulviocortese.it\/index.php?rest_route=%2Fwp%2Fv2%2Ftags&post=7941"}],"curies":[{"name":"wp","href":"https:\/\/api.w.org\/{rel}","templated":true}]}}