{"id":7803,"date":"2020-10-02T15:53:13","date_gmt":"2020-10-02T14:53:13","guid":{"rendered":"http:\/\/fulviocortese.it\/?p=7803"},"modified":"2020-10-17T16:07:29","modified_gmt":"2020-10-17T15:07:29","slug":"il-viaggio-dellorsa-vincenzo-pardini","status":"publish","type":"post","link":"http:\/\/fulviocortese.it\/?p=7803","title":{"rendered":"Il viaggio dell\u2019orsa (Vincenzo Pardini)"},"content":{"rendered":"\n<div class=\"wp-block-image\"><figure class=\"alignleft is-resized\"><img loading=\"lazy\" decoding=\"async\" src=\"http:\/\/www.tecalibri.info\/P\/I\/PARDINI-V_orsa1.jpg\" alt=\"\" width=\"221\" height=\"332\"\/><\/figure><\/div>\n\n\n\n<p>Scrivere racconti \u00e8 difficilissimo. Trovarne un maestro \u00e8 qualcosa di raro. Ma con Pardini &#8211; gi\u00e0 saggiato con piacere in altro <a href=\"http:\/\/fulviocortese.it\/?p=7139\">momento<\/a> &#8211; non si sbaglia e questo libro lo dimostra. I suoi protagonisti sono uomini e animali, vivi e tenaci pi\u00f9 che mai. Come lo stile che li rappresenta, che \u00e8 diretto, asciutto, tonico e alimentato da un linguaggio chiaro. Il gusto complessivo, tuttavia, sa di antico, come si addice al tipo tradizionale della novella. Due storie sono semplicemente meravigliose: quella che d\u00e0 il titolo alla raccolta, e che apre il volume; e <em>La vendetta del gufo<\/em>, che lo chiude. In entrambe &#8211; la prima \u00e8 ambientata nel \u2018500, la seconda ai nostri giorni &#8211; ci sono animali che rispondono con estrema determinazione ai soprusi degli uomini. Manifestano un senso di giustizia e un\u2019alleanza che vanno ben al di l\u00e0 della rappresaglia ferina e paiono proiettati a ristabilire un elementare ordine morale e sociale. \u00c8 cos\u00ec anche nel <em>Fratello del lupo<\/em>. Nel <em>Gatto<\/em> e in <em>Serague<\/em> emerge anche l\u2019idea di una fratellanza che non \u00e8 fatta soltanto di buoni sentimenti, ma dell\u2019abbraccio di un comune destino di violenze e di miserie, e di una misteriosa forza di resistenza vitale. <em>La sfida e la pantera<\/em> porta la rappresentazione di questo orizzonte ad un grado di esemplarit\u00e0 ancor maggiore, in un intreccio di vicende in cui uomini e animali si incontrano, si scontrano e condividono dolori, rivincite e un singolare destino di lotta e di adattamento costanti. C\u2019\u00e8 dell\u2019altro, per\u00f2. In questi racconti il meccanismo di antropomorfizzazione cui le &#8220;bestie&#8221; sono sottoposte \u00e8 ridotto al minimo. Difatti non serve ad alludere, in chiave meramente simbolica, a un modello umano alternativo; serve a renderci familiare ci\u00f2 che gli animali ancora custodiscono. Ci\u00f2 per cui essi lottano con tutte le forze, come nella <em>Picciona etrusca<\/em>, dove il legame con l\u2019uomo, forse non a caso, \u00e8 tenuto da un sacerdote di divinit\u00e0 destinate a scomparire. In tutto il libro vi \u00e8 un solo racconto a fare eccezione al quadro complessivo: <em>La pistolera<\/em>, che \u00e8 una sorta di spin-off di <em><a href=\"https:\/\/www.amazon.it\/Jodo-Cartamigli-Vincenzo-Pardini\/dp\/8817210803 \">Jodo Cartamigli<\/a><\/em>, noto e fortunato romanzo western dello stesso Autore. A guardar bene questa storia si nutre di un\u2019ispirazione presente anche nelle altre: di quella percezione dell\u2019esistenza, come infinita avventura, che tanto caratterizza le atmosfere create da Pardini. <\/p>\n\n\n\n<p>Recensioni (di <a href=\"https:\/\/www.carmillaonline.com\/2011\/09\/17\/vincenzo-pardini-il-viaggio-dellorsa\/\">M. Magliani<\/a>; di <a href=\"http:\/\/temi.repubblica.it\/repubblicafirenze-scrittura-mista\/2011\/09\/12\/il-viaggio-dellorsa-di-vincenzo-pardini\/\">S. Fortuna<\/a>; di <a href=\"https:\/\/www.ilgiornale.it\/news\/vincenzo-pardini-antimoderno-o-no-dei-nostri-pochi-veri.html\">A. Picca<\/a>; di <a href=\"https:\/\/www.gazzettadiparma.it\/archivio\/2011\/08\/03\/news\/natura_mistero_sacro-722162\/\">C. Bacchini<\/a>; di <a href=\"http:\/\/omardimonopoli.blogspot.com\/2012\/04\/la-prosa-intagliata-nel-legno-di.html\">O. Di Monopoli<\/a>)<\/p>\n\n\n\n<p><a href=\"http:\/\/www.sulromanzo.it\/blog\/raccontami-6-il-viaggio-dell-orsa-di-vincenzo-pardini\">Un&#8217;intervista all&#8217;Autore <\/a><\/p>\n","protected":false},"excerpt":{"rendered":"<p>Scrivere racconti \u00e8 difficilissimo. Trovarne un maestro \u00e8 qualcosa di raro. Ma con Pardini &#8211; gi\u00e0 saggiato con piacere in altro momento &#8211; non si sbaglia e questo libro lo dimostra. I suoi protagonisti sono uomini e animali, vivi e tenaci pi\u00f9 che mai. Come lo stile che li rappresenta, che \u00e8 diretto, asciutto, tonico <a href='http:\/\/fulviocortese.it\/?p=7803'>[&#8230;]<\/a><\/p>\n","protected":false},"author":1,"featured_media":0,"comment_status":"closed","ping_status":"open","sticky":false,"template":"","format":"standard","meta":{"footnotes":""},"categories":[1],"tags":[443,468,230,29,442],"class_list":["post-7803","post","type-post","status-publish","format-standard","hentry","category-biblio","tag-animali","tag-garfagnana","tag-italia","tag-racconti","tag-toscana","category-1-id","post-seq-1","post-parity-odd","full-content"],"_links":{"self":[{"href":"http:\/\/fulviocortese.it\/index.php?rest_route=\/wp\/v2\/posts\/7803","targetHints":{"allow":["GET"]}}],"collection":[{"href":"http:\/\/fulviocortese.it\/index.php?rest_route=\/wp\/v2\/posts"}],"about":[{"href":"http:\/\/fulviocortese.it\/index.php?rest_route=\/wp\/v2\/types\/post"}],"author":[{"embeddable":true,"href":"http:\/\/fulviocortese.it\/index.php?rest_route=\/wp\/v2\/users\/1"}],"replies":[{"embeddable":true,"href":"http:\/\/fulviocortese.it\/index.php?rest_route=%2Fwp%2Fv2%2Fcomments&post=7803"}],"version-history":[{"count":7,"href":"http:\/\/fulviocortese.it\/index.php?rest_route=\/wp\/v2\/posts\/7803\/revisions"}],"predecessor-version":[{"id":7816,"href":"http:\/\/fulviocortese.it\/index.php?rest_route=\/wp\/v2\/posts\/7803\/revisions\/7816"}],"wp:attachment":[{"href":"http:\/\/fulviocortese.it\/index.php?rest_route=%2Fwp%2Fv2%2Fmedia&parent=7803"}],"wp:term":[{"taxonomy":"category","embeddable":true,"href":"http:\/\/fulviocortese.it\/index.php?rest_route=%2Fwp%2Fv2%2Fcategories&post=7803"},{"taxonomy":"post_tag","embeddable":true,"href":"http:\/\/fulviocortese.it\/index.php?rest_route=%2Fwp%2Fv2%2Ftags&post=7803"}],"curies":[{"name":"wp","href":"https:\/\/api.w.org\/{rel}","templated":true}]}}