{"id":775,"date":"2012-10-10T18:24:38","date_gmt":"2012-10-10T17:24:38","guid":{"rendered":"http:\/\/fulviocortese.it\/?p=775"},"modified":"2012-10-10T18:24:38","modified_gmt":"2012-10-10T17:24:38","slug":"festa-di-piazza-gian-mauro-costa","status":"publish","type":"post","link":"http:\/\/fulviocortese.it\/?p=775","title":{"rendered":"Festa di piazza (Gian Mauro Costa)"},"content":{"rendered":"<p><em><a href=\"http:\/\/www.sellerio.it\/it\/catalogo\/Festa-Piazza\/Costa\/5240\"><img loading=\"lazy\" decoding=\"async\" class=\"alignleft\" title=\"costa\" src=\"http:\/\/www.sellerio.it\/upload\/assets\/files\/841,it,5240\/2714-3.jpg\" alt=\"\" width=\"224\" height=\"313\" \/><\/a>Il secondo \u00e8 importantissimo, forse pi\u00f9 del primo, perch\u00e9 preannuncia la possibilit\u00e0 della conferma definitiva, che non potr\u00e0 che arrivare, per\u00f2, solo con il terzo&#8230;<\/em> Non \u00e8 un indovinello: \u00e8 che, quando uno scrittore coglie nel segno anche con l\u2019opera \u201cseconda\u201d, c\u2019\u00e8 da essere davvero speranzosi di poter godere di prossime e soddisfacenti letture. Il palermitano Enzo Baiamonte, radiotecnico ormai pentito e investigatore per diletto, era personaggio gi\u00e0 ampiamente promosso ne <a href=\"http:\/\/www.sellerio.it\/it\/catalogo\/Libro-Legno\/Costa\/921\"><em>Il libro di legno<\/em><\/a>, precedente e sottile avventura d\u2019esordio. Ora si ripete e, anzi, \u201cdebutta in societ\u00e0\u201d: ha il coraggio di mostrarsi in pubblico anche con la sua graziosa e riservata compagna, la sarta Rosa; ma, soprattutto, ha deciso di munirsi di un ufficiale \u201cpatentino\u201d da detective, per imboccare la strada di una vita nuova e palpitante, oltre che (incrociamo le dita e diamolo gi\u00e0 per certo&#8230;) di una fortunata serie letteraria.<\/p>\n<p>Non \u00e8 un caso che Gian Mauro Costa sia stato <a href=\"http:\/\/www.repubblica.it\/mobile-rep\/venerdi\/2012\/07\/13\/news\/festa_di_piazza_con_duplice_delitto-39001152\/\">affiancato a Sciascia e a Camilleri<\/a>. Di quest\u2019ultimo ha assunto la disposizione \u201ccolorita\u201d per l\u2019uso di espressioni dialettali e il compiacimento divertito per una sicilianit\u00e0 bonaria e a suo modo solida e moralmente integra. Dello scrittore di Racalmuto ha mutuato il profondo interesse per l\u2019analisi socio-culturale e per la decostruzione dei modelli, delle prassi e delle abitudini su cui si sono costruiti e vicendevolmente rafforzati degrado civile e malavita mafiosa. Questi sono anche i due poli attorno ai quali ruota la nuova avventura di Baiamonte, che un po\u2019 suo malgrado, un po\u2019 per la singolare ed ostinata umanit\u00e0 che lo contraddistingue, si trova ad organizzare le \u201cluminarie\u201d di una sagra rionale gestita dai boss locali e, nel contempo, a ricostruire le strane ed allucinate vicende di un giovane garzone disadattato. Le due strade, naturalmente, si incontreranno, tra le stucchevoli (ma sofisticate ed allusive) canzoni neomelodiche della festa di piazza, le \u201cammazzatine\u201d dei clan e i traffici di droga, le tombe del cimitero cittadino e i conti (da saldare) di una vecchia e drammatica rapina&#8230;<\/p>\n<p>Come sempre, comunque, ci\u00f2 che rende <em>valida<\/em> una <em>figura<\/em> alla Baiamonte non \u00e8 una trama od un soggetto; Baiamonte piace, e non pu\u00f2 che essere cos\u00ec, perch\u00e9, in tutta la sua \u201csplendida\u201d mezza et\u00e0, legge fumetti, gioca a carte con gli amici, ascolta musica beat ed \u00e8 un \u201cgiovanotto\u201d inguaribilmente scanzonato. Difficile non affezionarsi.<\/p>\n<p><a href=\"http:\/\/reteuno.rsi.ch\/home\/networks\/reteuno\/Volare-tra-le-pagine\/2012\/05\/31\/gio-28-giugno.html#Audio\">Un approfondimento sull\u2019Autore<\/a><\/p>\n","protected":false},"excerpt":{"rendered":"<p>Il secondo \u00e8 importantissimo, forse pi\u00f9 del primo, perch\u00e9 preannuncia la possibilit\u00e0 della conferma definitiva, che non potr\u00e0 che arrivare, per\u00f2, solo con il terzo&#8230; Non \u00e8 un indovinello: \u00e8 che, quando uno scrittore coglie nel segno anche con l\u2019opera \u201cseconda\u201d, c\u2019\u00e8 da essere davvero speranzosi di poter godere di prossime e soddisfacenti letture. Il <a href='http:\/\/fulviocortese.it\/?p=775'>[&#8230;]<\/a><\/p>\n","protected":false},"author":1,"featured_media":0,"comment_status":"closed","ping_status":"open","sticky":false,"template":"","format":"image","meta":{"footnotes":""},"categories":[1],"tags":[228,38,227],"class_list":["post-775","post","type-post","status-publish","format-image","hentry","category-biblio","tag-palermo","tag-romanzo","tag-sicilia","post_format-post-format-image","category-1-id","post-seq-1","post-parity-odd","full-content"],"_links":{"self":[{"href":"http:\/\/fulviocortese.it\/index.php?rest_route=\/wp\/v2\/posts\/775","targetHints":{"allow":["GET"]}}],"collection":[{"href":"http:\/\/fulviocortese.it\/index.php?rest_route=\/wp\/v2\/posts"}],"about":[{"href":"http:\/\/fulviocortese.it\/index.php?rest_route=\/wp\/v2\/types\/post"}],"author":[{"embeddable":true,"href":"http:\/\/fulviocortese.it\/index.php?rest_route=\/wp\/v2\/users\/1"}],"replies":[{"embeddable":true,"href":"http:\/\/fulviocortese.it\/index.php?rest_route=%2Fwp%2Fv2%2Fcomments&post=775"}],"version-history":[{"count":4,"href":"http:\/\/fulviocortese.it\/index.php?rest_route=\/wp\/v2\/posts\/775\/revisions"}],"predecessor-version":[{"id":779,"href":"http:\/\/fulviocortese.it\/index.php?rest_route=\/wp\/v2\/posts\/775\/revisions\/779"}],"wp:attachment":[{"href":"http:\/\/fulviocortese.it\/index.php?rest_route=%2Fwp%2Fv2%2Fmedia&parent=775"}],"wp:term":[{"taxonomy":"category","embeddable":true,"href":"http:\/\/fulviocortese.it\/index.php?rest_route=%2Fwp%2Fv2%2Fcategories&post=775"},{"taxonomy":"post_tag","embeddable":true,"href":"http:\/\/fulviocortese.it\/index.php?rest_route=%2Fwp%2Fv2%2Ftags&post=775"}],"curies":[{"name":"wp","href":"https:\/\/api.w.org\/{rel}","templated":true}]}}