{"id":760,"date":"2012-09-21T21:20:42","date_gmt":"2012-09-21T20:20:42","guid":{"rendered":"http:\/\/fulviocortese.it\/?p=760"},"modified":"2012-09-21T21:20:42","modified_gmt":"2012-09-21T20:20:42","slug":"la-collina-del-vento-carmine-abate","status":"publish","type":"post","link":"http:\/\/fulviocortese.it\/?p=760","title":{"rendered":"La collina del vento (Carmine Abate)"},"content":{"rendered":"<p><a href=\"http:\/\/www.librimondadori.it\/web\/mondadori\/scheda-libro?isbn=978880460876&amp;autoreUUID=0840accc-9ea9-11dc-9517-454a8637094f\"><img loading=\"lazy\" decoding=\"async\" class=\"alignleft\" title=\"abate\" src=\"http:\/\/www.carmineabate.net\/images\/collina.jpg\" alt=\"\" width=\"282\" height=\"408\" \/><\/a>\u00c8 il libro che quest\u2019anno ha vinto il <a href=\"http:\/\/www.premiocampiello.org\/confindustria\/campiello\/istituzionale.nsf\/($linkacross)\/77FE8F4272041CF6C1257A700054F722?opendocument&amp;language=IT\">Premio Campiello<\/a> e che senz\u2019altro pu\u00f2 appagare una sensibilit\u00e0 trasversale a diverse fasce di lettori. Gli ingredienti <em>giusti<\/em> ci sono tutti: \u00e8 una saga di famiglia, ambientata in una terra piena di contrasti e storicamente difficile; \u00e8 un racconto di passioni, sentimenti e rivendicazioni socio-culturali; \u00e8 un viaggio alla ricerca delle proprie radici e dei misteri su cui poggiano; \u00e8 un dialogo tra un padre ed un figlio; \u00e8 un esperimento di mescolanza linguistica e di sinergia semantica; \u00e8 un atto d\u2019amore nei confronti delle ricchezze straordinarie che l\u2019Italia custodisce nella profondit\u00e0 del suo passato.<\/p>\n<p>La genealogia degli Arcuri \u00e8 ripercorsa dalle parole dell\u2019ultimo maschio della stirpe, la chiara voce dello stesso Autore, anch\u2019egli originario della Calabria e trapiantato in Trentino. Ma il <em>personaggio<\/em> principale \u00e8 il Rossarco, una collina profumata che la determinazione della famiglia ha reso fertile nel corso dei decenni. Sul Rossarco, ed alla sua ombra, accadono tutti i principali fatti del romanzo, ed \u00e8 il Rossarco, infatti, ad attirare le attenzioni di <a href=\"http:\/\/www.treccani.it\/enciclopedia\/paolo-orsi\/\">Paolo Orsi<\/a>, uno dei pi\u00f9 importanti archeologi dell\u2019Italia unita. La sua ricerca, quella dell\u2019antico insediamento di <a href=\"http:\/\/www.archeologiapetelina.it\/krimisa.html\">Krimisa<\/a> e dei tesori della Magna Graecia, si intreccia in modo decisivo con la vita di Michelangelo, il padre dell\u2019io narrante, e di sua sorella Ninabella. Sono molti gli accadimenti, tristi e felici, che i due si trovano ad affrontare, sullo sfondo di una societ\u00e0 ancora arretrata, che, tuttavia, ambisce a migliorarsi e \u201criscattarsi\u201d, nonostante povert\u00e0, ignoranza, sfruttamento e prevaricazione sembrino cifre immodificabili di una condizione destinata a ripetersi anche nel futuro. La rivelazione conclusiva, dovuta ad un improvviso e rovinoso evento, suggella il vero e diretto lascito del libro, anticipato, sin dall\u2019inizio (p. 20), dalle parole del colto e attento Orsi: \u201cQuesti luoghi sono ricchi fuori e dentro. Solo chi \u00e8 capace di amarli sa capirli e apprezzarne la bellezza e i tesori nascosti. Gli altri sono ciechi e ignoranti. O disonesti e malandrini che pensano solo alle loro tasche\u201d.<\/p>\n<p>Forse la lettura pu\u00f2 ispirare un senso di <em>d\u00e9j\u00e0 vu<\/em> (o sarebbe meglio dire di <em>d\u00e9j\u00e0 lu<\/em>). Eppure la sintesi di istinto, cuore, fervore ideale e politico <em>tiene<\/em>. L\u2019Autore, infatti, si abbevera del migliore meridionalismo, personificato anche nella figura di <a href=\"http:\/\/archiviostorico.corriere.it\/2003\/novembre\/25\/Zanotti_Bianco_apostolo_laico_del_co_0_031125061.shtml \">Umberto Zanotti Bianco<\/a>, fatto interagire direttamente con i protagonisti della narrazione, e quindi del tentativo di coniugare crescita civile ed economica con crescita culturale e morale, saldandole entrambe alle radici di un impegno collettivo e diffuso che esige da secoli di trovare credibili punti di approdo. La lezione, naturalmente, non vale soltanto per il Sud; vale per tutta l\u2019Italia.<\/p>\n<p><a href=\"http:\/\/www.carmineabate.net\/collina.htm\">Una lunga serie di recensioni (dal sito dell\u2019Autore)<\/a><\/p>\n","protected":false},"excerpt":{"rendered":"<p>\u00c8 il libro che quest\u2019anno ha vinto il Premio Campiello e che senz\u2019altro pu\u00f2 appagare una sensibilit\u00e0 trasversale a diverse fasce di lettori. Gli ingredienti giusti ci sono tutti: \u00e8 una saga di famiglia, ambientata in una terra piena di contrasti e storicamente difficile; \u00e8 un racconto di passioni, sentimenti e rivendicazioni socio-culturali; \u00e8 un <a href='http:\/\/fulviocortese.it\/?p=760'>[&#8230;]<\/a><\/p>\n","protected":false},"author":1,"featured_media":0,"comment_status":"closed","ping_status":"open","sticky":false,"template":"","format":"image","meta":{"footnotes":""},"categories":[1],"tags":[222,223,221,182,39,118],"class_list":["post-760","post","type-post","status-publish","format-image","hentry","category-biblio","tag-archeologia","tag-calabria","tag-mezzogiorno","tag-paesaggio","tag-politica-e-liberta","tag-storia","post_format-post-format-image","category-1-id","post-seq-1","post-parity-odd","full-content"],"_links":{"self":[{"href":"http:\/\/fulviocortese.it\/index.php?rest_route=\/wp\/v2\/posts\/760","targetHints":{"allow":["GET"]}}],"collection":[{"href":"http:\/\/fulviocortese.it\/index.php?rest_route=\/wp\/v2\/posts"}],"about":[{"href":"http:\/\/fulviocortese.it\/index.php?rest_route=\/wp\/v2\/types\/post"}],"author":[{"embeddable":true,"href":"http:\/\/fulviocortese.it\/index.php?rest_route=\/wp\/v2\/users\/1"}],"replies":[{"embeddable":true,"href":"http:\/\/fulviocortese.it\/index.php?rest_route=%2Fwp%2Fv2%2Fcomments&post=760"}],"version-history":[{"count":2,"href":"http:\/\/fulviocortese.it\/index.php?rest_route=\/wp\/v2\/posts\/760\/revisions"}],"predecessor-version":[{"id":762,"href":"http:\/\/fulviocortese.it\/index.php?rest_route=\/wp\/v2\/posts\/760\/revisions\/762"}],"wp:attachment":[{"href":"http:\/\/fulviocortese.it\/index.php?rest_route=%2Fwp%2Fv2%2Fmedia&parent=760"}],"wp:term":[{"taxonomy":"category","embeddable":true,"href":"http:\/\/fulviocortese.it\/index.php?rest_route=%2Fwp%2Fv2%2Fcategories&post=760"},{"taxonomy":"post_tag","embeddable":true,"href":"http:\/\/fulviocortese.it\/index.php?rest_route=%2Fwp%2Fv2%2Ftags&post=760"}],"curies":[{"name":"wp","href":"https:\/\/api.w.org\/{rel}","templated":true}]}}