{"id":755,"date":"2012-09-12T21:16:31","date_gmt":"2012-09-12T20:16:31","guid":{"rendered":"http:\/\/fulviocortese.it\/?p=755"},"modified":"2012-09-12T21:16:31","modified_gmt":"2012-09-12T20:16:31","slug":"lesattore-petros-markaris","status":"publish","type":"post","link":"http:\/\/fulviocortese.it\/?p=755","title":{"rendered":"L&#8217;esattore (Petros Markaris)"},"content":{"rendered":"<p><a href=\"http:\/\/bompiani.rcslibri.corriere.it\/libro\/7037_l_esattore_markaris.html\"><img loading=\"lazy\" decoding=\"async\" class=\"alignleft\" title=\"markaris\" src=\"http:\/\/bompiani.rcslibri.corriere.it\/shared_libri\/cover\/medium\/4527037_0.jpg\" alt=\"\" width=\"251\" height=\"350\" \/><\/a>Leggo Petros Markaris dai tempi di <em>Difesa a zona<\/em>. Mi riesce naturale essergli fedele, perch\u00e9 \u00e8 davvero facile appassionarsi ad un commissario come Kostas Charitos, che nelle difficolt\u00e0 del mestiere, cos\u00ec come in quelle familiari, si aggrappa al vocabolario e riflette sulle parole. Se non ci capisce pi\u00f9 nulla, sfoglia il Dimitrakos; se fosse Montalbano, al quale da molti viene accostato, sfoglierebbe il Devoto-Oli, e la cosa mi fa sempre sorridere. Charitos, poi, \u00e8 dotato di una pazienza, di una franchezza e di un\u2019umanit\u00e0 che, alla lunga, ne rappresentano le doti che gli permettono di risolvere i pasticci su cui deve indagare e che lo rendono anche incredibilmente simpatico, come poliziotto dall\u2019innato buon senso e dal radicato realismo.<\/p>\n<p>Nell\u2019ultima \u201cavventura\u201d il commissario ellenico \u00e8 alle prese con una vicenda tanto grottesca quanto adeguata alle tragiche contingenze dell\u2019attuale crisi economica: un misterioso Esattore nazionale uccide gli evasori fiscali che non si pentono e che non versano il dovuto nelle casse del poverissimo erario greco. Cos\u00ec per Charitos riprende l\u2019ordinario <em>calembour<\/em> di ipotesi e ricerche, supportato dalla sua squadra e, soprattutto, \u201csballottato\u201d tra le vie di un\u2019Atene in disarmo, costantemente in sciopero e in protesta, e le ansie della figlia Caterina, morsa dallo sconforto che, come abbiamo recentemente tematizzato nel nostro Paese, attanaglia tutta la \u201cgenerazione perduta\u201d. Sul primo versante, rischia di giocarsi una promozione insperata; sul secondo, teme che la sua \u201cpiccola\u201d, da poco sposata, lasci per sempre la Grecia.<\/p>\n<p>Naturalmente Markaris regala dettagli avvincenti e lascia che la nostra immaginazione scorrazzi tra siti archeologici, poemi classici e \u201cvelenosi\u201d ricordi filosofici. Ma il <em>quid pluris<\/em> della storia \u00e8 tutto nella descrizione del contesto, quello di uno Stato e di una societ\u00e0 alla corda, non solo dal punto di vista economico, ma anche da quello morale. Nel ritrovato e conclusivo coraggio di Caterina, tuttavia, c\u2019\u00e8 sicuramente un segnale di speranza; ed \u00e8 bello, peraltro, che quel coraggio nasca dalla testimonianza di un amor di patria tenace, che viene da un passato di oppressione e di resistenza. Del resto, questa volta, si ha la sensazione che Charitos sia \u201cstanco\u201d, che anche il caso non venga risolto direttamente da lui e che ci\u00f2 corrisponda ad una chiara scelta di Markaris: i genitori non possono combattere da soli crisi e corruzione; devono lasciare \u201cla palla\u201d anche ai propri figli, ai giovani, provando ad indicargli, se possibile, le migliori fonti d\u2019ispirazione e creando, cos\u00ec, in <em>verticale<\/em> prima che in <em>orizzontale<\/em>, i presupposti per un nuovo \u201cpatto sociale\u201d.<\/p>\n<p><a href=\"http:\/\/www.youtube.com\/watch?v=kTr-7KG3MX8\">Petros Markaris sulle tendenze del <em>crime novel<\/em> in Europa<\/a><\/p>\n","protected":false},"excerpt":{"rendered":"<p>Leggo Petros Markaris dai tempi di Difesa a zona. Mi riesce naturale essergli fedele, perch\u00e9 \u00e8 davvero facile appassionarsi ad un commissario come Kostas Charitos, che nelle difficolt\u00e0 del mestiere, cos\u00ec come in quelle familiari, si aggrappa al vocabolario e riflette sulle parole. Se non ci capisce pi\u00f9 nulla, sfoglia il Dimitrakos; se fosse Montalbano, <a href='http:\/\/fulviocortese.it\/?p=755'>[&#8230;]<\/a><\/p>\n","protected":false},"author":1,"featured_media":0,"comment_status":"closed","ping_status":"open","sticky":false,"template":"","format":"image","meta":{"footnotes":""},"categories":[1],"tags":[217,219,218,129,30,38],"class_list":["post-755","post","type-post","status-publish","format-image","hentry","category-biblio","tag-crisi","tag-fisco","tag-grecia","tag-noir","tag-resistenza","tag-romanzo","post_format-post-format-image","category-1-id","post-seq-1","post-parity-odd","full-content"],"_links":{"self":[{"href":"http:\/\/fulviocortese.it\/index.php?rest_route=\/wp\/v2\/posts\/755","targetHints":{"allow":["GET"]}}],"collection":[{"href":"http:\/\/fulviocortese.it\/index.php?rest_route=\/wp\/v2\/posts"}],"about":[{"href":"http:\/\/fulviocortese.it\/index.php?rest_route=\/wp\/v2\/types\/post"}],"author":[{"embeddable":true,"href":"http:\/\/fulviocortese.it\/index.php?rest_route=\/wp\/v2\/users\/1"}],"replies":[{"embeddable":true,"href":"http:\/\/fulviocortese.it\/index.php?rest_route=%2Fwp%2Fv2%2Fcomments&post=755"}],"version-history":[{"count":2,"href":"http:\/\/fulviocortese.it\/index.php?rest_route=\/wp\/v2\/posts\/755\/revisions"}],"predecessor-version":[{"id":757,"href":"http:\/\/fulviocortese.it\/index.php?rest_route=\/wp\/v2\/posts\/755\/revisions\/757"}],"wp:attachment":[{"href":"http:\/\/fulviocortese.it\/index.php?rest_route=%2Fwp%2Fv2%2Fmedia&parent=755"}],"wp:term":[{"taxonomy":"category","embeddable":true,"href":"http:\/\/fulviocortese.it\/index.php?rest_route=%2Fwp%2Fv2%2Fcategories&post=755"},{"taxonomy":"post_tag","embeddable":true,"href":"http:\/\/fulviocortese.it\/index.php?rest_route=%2Fwp%2Fv2%2Ftags&post=755"}],"curies":[{"name":"wp","href":"https:\/\/api.w.org\/{rel}","templated":true}]}}