{"id":7253,"date":"2019-06-16T08:40:16","date_gmt":"2019-06-16T07:40:16","guid":{"rendered":"http:\/\/fulviocortese.it\/?p=7253"},"modified":"2024-09-08T10:31:08","modified_gmt":"2024-09-08T09:31:08","slug":"sogni-e-favole-emanuele-trevi","status":"publish","type":"post","link":"http:\/\/fulviocortese.it\/?p=7253","title":{"rendered":"Sogni e favole (Emanuele Trevi)"},"content":{"rendered":"\n<div class=\"wp-block-image\"><figure class=\"alignleft\"><img decoding=\"async\" src=\"http:\/\/img.illibraio.it\/images\/9788862208512_0_170_255_0.jpg \" alt=\"\"\/><\/figure><\/div>\n\n\n\n<p>Dal ricordo di una Roma e di una giovinezza ormai scomparse l&#8217;Autore fa riemergere il suo primo incontro con <a href=\"https:\/\/ricerca.repubblica.it\/repubblica\/archivio\/repubblica\/2005\/12\/17\/patten-il-ritrattista-dei-siciliani.html \">Arthur Patten<\/a>, Arturo, avvenuto in un cineclub nel quale si proiettava un film di Tarkovskij. \u00c8 l&#8217;inizio del racconto commosso di una amicizia e di una frequentazione durature, ma anche di una lunga riflessione itinerante, il cui perno \u00e8 l&#8217;interpretazione di un <a href=\"https:\/\/it.m.wikisource.org\/wiki\/Sogni_e_favole_io_fingo \">sonetto di Metastasio<\/a>, che d\u00e0 anche il titolo al libro. Trevi, in particolare, si muove tra alcune vie e alcuni edifici del centro storico della Capitale: da Via dei Cappellari, dove c&#8217;\u00e8 la <a href=\"http:\/\/www.specchioromano.it\/Fondamentali\/Lespigolature\/2012\/AGOSTO\/La%20casa%20di%20Metastasio%20all\u2019Arco%20dei%20Cappellari.htm \">casa natale<\/a> del famoso poeta e drammaturgo, a Piazza della Chiesa Nuova, dov&#8217;\u00e8 collocata una sua statua, fino a Via del Corallo, dove ha abitato <a href=\"https:\/\/www.alfabeta2.it\/categorie\/amelia-rosselli\/ \">Amelia Rosselli<\/a>, e nei cui pressi si trovava anche la dimora romana di Arturo. Proprio in compagnia di Arturo, Emanuele conosce <a href=\"http:\/\/www.minimaetmoralia.it\/wp\/dieci-anni-senza-garboli\/ \">Cesare Garboli<\/a>, nel corso di una fortuita conversazione notturna vicino a Santa Maria della Pace: il momento esatto in cui il problema di Metastasio e del suo sonetto irrompono a tutti gli effetti, per la prima volta, nell&#8217;universo dell&#8217;Autore. Ma qual \u00e8 l&#8217;enigma? <em>Difficile dictu<\/em>, almeno dal punto di vista filologico. In fondo le letture possono essere veramente tante. Trevi fornisce una possibile lezione in un paio di punti: a p. 62, con un richiamo della bellissima <em><a href=\"https:\/\/www.corriere.it\/cultura\/eventi\/2011\/secolo-poesia\/notizie\/pessoa-autopsicografia_416f4f4c-406d-11e1-a5d2-75a8a88b1277.shtml \">Autopsicografia<\/a><\/em> di Pessoa; e alle pp. 207-209, in una delle appendici, con un rinvio ad una tesi di Cesare Galimberti. Metastasio si sorprende di quanto sia la sua stessa arte, frutto di pura fantasia, a scuoterlo. E nel sorprendersi si rende conto che, forse, \u00e8 la vita stessa una favola, una menzogna addirittura pi\u00f9 grande di quelle che lui stesso si sforza di creare. Quindi, anche se non coincide col Vero, l&#8217;arte pu\u00f2 essere meno falsa, pi\u00f9 profonda della realt\u00e0; in un certo senso, giacch\u00e9 la sua esperienza consente di acquisire questa consapevolezza, l&#8217;arte \u00e8 ci\u00f2 che pi\u00f9 si avvicina al Vero prima di poter immaginare di riuscire ad afferrarlo. Ecco, allora, qual \u00e8 il senso del libro di Trevi: nel parlare dell&#8217;imprinting che ha ricevuto in prima persona dall&#8217;arte e da alcuni suoi grandi testimoni &#8211; qui raffigurati e seguiti fedelmente nei luoghi e nelle ossessioni che li hanno resi iconici &#8211; non vuole soltanto ammaliarsi e perci\u00f2 ritrovarsi; vuole anche darci l&#8217;opportunit\u00e0 di capire che cosa tutto questo possa significare, se solo lo vogliamo, per la vita di ciascuno di noi.<\/p>\n\n\n\n<p>Recensioni (di <a href=\"https:\/\/www.doppiozero.com\/materiali\/luso-dellarte \">Paolo Gervasi<\/a>, <a href=\"https:\/\/www.corriere.it\/cultura\/19_gennaio_09\/emanuele-trevi-nuovo-libro-sogni-favole-apprendistato-b1bd7578-1430-11e9-a1d4-fccd11181ebe.shtml \">Daniele Giglioli<\/a>, <a href=\"https:\/\/www.alfabeta2.it\/2019\/01\/20\/la-realta-straniata-di-emanuele-trevi\/ \">Angelo Guglielmi<\/a>, <a href=\"https:\/\/www.lindiceonline.com\/letture\/emanuele-trevi-sogni-favole\/ \">Beatrice Manetti<\/a>, <a href=\"https:\/\/www.nazioneindiana.com\/2019\/04\/29\/sogni-e-favole-di-emanuele-trevi\/ \">Marco Renzi<\/a>, <a href=\"http:\/\/www.minimaetmoralia.it\/wp\/sogni-favole-emanuele-trevi\/ \">Gianluigi Simonetti<\/a>, <a href=\"https:\/\/www.rivistastudio.com\/emanuele-trevi-sogni-favole\/ \">Fabrizio Spinelli<\/a>)<\/p>\n\n\n\n<p><em><a href=\"https:\/\/www.raiplayradio.it\/audio\/2019\/01\/FAHRENHEIT---IL-LIBRO-DEL-GIORNO-Emanuele-Trevi-Sogni-e-favole-Ponte-alle-grazie-aa4bc1c4-231d-4d41-bb38-3ce63c56aca1.html \">Sogni e favole<\/a><\/em><a href=\"https:\/\/www.raiplayradio.it\/audio\/2019\/01\/FAHRENHEIT---IL-LIBRO-DEL-GIORNO-Emanuele-Trevi-Sogni-e-favole-Ponte-alle-grazie-aa4bc1c4-231d-4d41-bb38-3ce63c56aca1.html \"> a <\/a><em><a href=\"https:\/\/www.raiplayradio.it\/audio\/2019\/01\/FAHRENHEIT---IL-LIBRO-DEL-GIORNO-Emanuele-Trevi-Sogni-e-favole-Ponte-alle-grazie-aa4bc1c4-231d-4d41-bb38-3ce63c56aca1.html \">Fahrenheit<\/a><\/em><\/p>\n\n\n\n<p><a href=\"https:\/\/www.iltascabile.com\/letterature\/nostro-piu-grande-desiderio\/ \">Un&#8217;intervista all&#8217;Autore<\/a><\/p>\n","protected":false},"excerpt":{"rendered":"<p>Dal ricordo di una Roma e di una giovinezza ormai scomparse l&#8217;Autore fa riemergere il suo primo incontro con Arthur Patten, Arturo, avvenuto in un cineclub nel quale si proiettava un film di Tarkovskij. \u00c8 l&#8217;inizio del racconto commosso di una amicizia e di una frequentazione durature, ma anche di una lunga riflessione itinerante, il <a href='http:\/\/fulviocortese.it\/?p=7253'>[&#8230;]<\/a><\/p>\n","protected":false},"author":1,"featured_media":0,"comment_status":"closed","ping_status":"open","sticky":false,"template":"","format":"standard","meta":{"footnotes":""},"categories":[1,568],"tags":[172,127,17,186],"class_list":["post-7253","post","type-post","status-publish","format-standard","hentry","category-biblio","category-roma","tag-arte","tag-letteratura","tag-poesia-2","tag-roma","category-1-id","category-568-id","post-seq-1","post-parity-odd","full-content"],"_links":{"self":[{"href":"http:\/\/fulviocortese.it\/index.php?rest_route=\/wp\/v2\/posts\/7253","targetHints":{"allow":["GET"]}}],"collection":[{"href":"http:\/\/fulviocortese.it\/index.php?rest_route=\/wp\/v2\/posts"}],"about":[{"href":"http:\/\/fulviocortese.it\/index.php?rest_route=\/wp\/v2\/types\/post"}],"author":[{"embeddable":true,"href":"http:\/\/fulviocortese.it\/index.php?rest_route=\/wp\/v2\/users\/1"}],"replies":[{"embeddable":true,"href":"http:\/\/fulviocortese.it\/index.php?rest_route=%2Fwp%2Fv2%2Fcomments&post=7253"}],"version-history":[{"count":7,"href":"http:\/\/fulviocortese.it\/index.php?rest_route=\/wp\/v2\/posts\/7253\/revisions"}],"predecessor-version":[{"id":7260,"href":"http:\/\/fulviocortese.it\/index.php?rest_route=\/wp\/v2\/posts\/7253\/revisions\/7260"}],"wp:attachment":[{"href":"http:\/\/fulviocortese.it\/index.php?rest_route=%2Fwp%2Fv2%2Fmedia&parent=7253"}],"wp:term":[{"taxonomy":"category","embeddable":true,"href":"http:\/\/fulviocortese.it\/index.php?rest_route=%2Fwp%2Fv2%2Fcategories&post=7253"},{"taxonomy":"post_tag","embeddable":true,"href":"http:\/\/fulviocortese.it\/index.php?rest_route=%2Fwp%2Fv2%2Ftags&post=7253"}],"curies":[{"name":"wp","href":"https:\/\/api.w.org\/{rel}","templated":true}]}}