{"id":7203,"date":"2019-04-28T09:12:50","date_gmt":"2019-04-28T08:12:50","guid":{"rendered":"http:\/\/fulviocortese.it\/?p=7203"},"modified":"2019-04-28T09:16:26","modified_gmt":"2019-04-28T08:16:26","slug":"eymerich-e-ormai-tornato-ed-e-come-sempre-imperdibile","status":"publish","type":"post","link":"http:\/\/fulviocortese.it\/?p=7203","title":{"rendered":"Eymerich \u00e8 ormai tornato ed \u00e8 come sempre&#8230; imperdibile!"},"content":{"rendered":"\n<p>Dopo una serie di dieci fortunatissimi romanzi, seguiti da un periodo di silenzio, a sua volta intervallato dalla composizione di altri due cicli narrativi (uno sulla mafia italoamericana e uno sulle origini del socialismo italiano), <a href=\"http:\/\/www.eymerich.com\/biografia\/\">Valerio Evangelisti<\/a> rimette le vesti del suo pi\u00f9 noto e apprezzato eroe: Nicolas Eymerich da Gerona, padre domenicano e spietato e sottilissimo inquisitore; un personaggio realmente esistito e operante nella seconda met\u00e0 del Trecento, autore di quel monumentale <em><a href=\"https:\/\/archive.org\/details\/bub_gb_RJQY6qZZ95sC\/page\/n4\">Directorium inquisitorum<\/a><\/em>, manuale teorico-pratico per i procedimenti contro gli eretici, che si pone anche alle origini del diritto del processo inquisitorio canonico. Le ultime due puntate della <a href=\"https:\/\/www.staynerd.com\/ciclo-eymerich-saga-storia-leggenda\/\">saga<\/a> &#8211; che aveva debuttato nel 1994 ed \u00e8 collocata in pieno Medioevo, pur essendo raccontata con intermezzi distopici e fantascientifici, che spesso interagiscono in modo essenziale con la trama della storia principale &#8211; sono <em>Eymerich risorge<\/em> (2017) e <em>Il fantasma di Eymerich<\/em> (2018). Questo secondo titolo ufficializza a tutti gli effetti l&#8217;avvio di un nuovo ciclo.<\/p>\n\n\n\n<div class=\"wp-block-image\"><figure class=\"alignleft is-resized\"><img loading=\"lazy\" decoding=\"async\" src=\"https:\/\/www.librimondadori.it\/content\/uploads\/2017\/05\/978880466786HIG-311x480.jpg\" alt=\"\" width=\"145\" height=\"224\"\/><\/figure><\/div>\n\n\n\n<p>Nel primo romanzo (ambientato nel 1374) Eymerich \u00e8 alle\nprese con un movimento eretico apparentemente indecifrabile, su espresso\nmandato di Papa Gregorio XI. Succedono cose strane tra la Provenza e il\nPiemonte: incendi improvvisi e apparizioni misteriose, di luci ma anche di\nuomini; su tutti, di Francesc Roma, francescano di rango e potente e astuto\nconsigliere di Pietro d&#8217;Aragona, antico avversario di Eymerich. Non c&#8217;\u00e8 nulla\ndi meglio, dunque, per stimolare la determinazione del dotto e terribile\ninquisitore, che con l&#8217;aiuto dei suoi pi\u00f9 fidati compagni &#8211; padre Jacinto\nCorona, il notaio De Berjavel e mastro Gombau &#8211; si lancia alla caccia di un\nculto enigmatico. Sembra che il mistero si celi tra le montagne, e che sia\ndifeso dalle comunit\u00e0 valdesi. Ma si tratta di qualcosa di molto pi\u00f9 profondo e\ntemibile, tanto che Eymerich, oltre a doversi confrontare con campioni della\npi\u00f9 varia umanit\u00e0, affronta pure la morte, ritrovandosi improvvisamente, e\ninspiegabilmente, risorto. Anche in questo caso la verit\u00e0 \u00e8 nascosta nelle\npieghe di un lontano futuro, in cui le ricerche sorprendenti del dottor Marcus\nFrullifer spiegano quali siano le oscure forze che nell&#8217;universo agiscono, e\nche si manifestano anche attraverso l&#8217;operato ultratemporale di un lontanissimo\ne potentissimo magister, assiso sulla Luna.<\/p>\n\n\n\n<div class=\"wp-block-image\"><figure class=\"alignleft is-resized\"><img loading=\"lazy\" decoding=\"async\" src=\"https:\/\/www.librimondadori.it\/content\/uploads\/2018\/10\/978880470224HIG-312x480.jpg\" alt=\"\" width=\"152\" height=\"234\"\/><\/figure><\/div>\n\n\n\n<p>Nel secondo romanzo (che colloca la storia tra il 1377 e il 1378) l&#8217;inquisitore, liberatosi dalla prigionia cui lo aveva costretto un suo acerrimo nemico, fugge dalla penisola iberica per dirigersi via mare a Roma, dove conferisce con il pontefice. Gregorio XI, infatti, ha spostato la sede del Papato da Avignone all&#8217;antica ma degradata capitale dell&#8217;Impero. Sta morendo e confida a Eymerich che il sottosuolo della citt\u00e0 eterna nasconde luoghi e riti pagani e minacciosi. L&#8217;indomito domenicano prende la palla al balzo e, districandosi tra volgari caporioni, prelati-guerrieri e sante in estasi, comincia ad indagare. Nel frattempo, attorno a lui, succede di tutto: viene eletto un nuovo Papa, Urbano VI, gradito al volgo romano, ma la sua lotta contro la simonia si fa quasi eccessiva, tanto da coalizzare per l&#8217;elezione di un nuovo pontefice la maggioranza dello stesso clero che lo aveva scelto. Si va incontro, cos\u00ec, all&#8217;intronizzazione di Clemente VII e al grande e grave scisma d&#8217;Occidente, mentre Eymerich non guarda in faccia a nessuno e sfida e sconfigge la setta che vuole reintrodurre il culto di Mitra. In questa lotta non \u00e8 solo, non tanto perch\u00e9 a seguirlo c&#8217;\u00e8 sempre padre Corona, ma anche perch\u00e9 c&#8217;\u00e8 il suo alter ego, il magister venuto dal futuro, a metterlo sulla strada giusta. Anche questa volta gli oscuri segreti di queste comunicazioni intertemporali si intrecciano con le eccentriche avventure del dottor Frullifer. <\/p>\n\n\n\n<p>Che cosa c&#8217;\u00e8, di imperdibile, nell&#8217;epopea Eymerich? Intanto c&#8217;\u00e8 Eymerich stesso, uomo machiavellico <em>ante litteram<\/em>: implacabile contro chi ritenga colpevole di eresia e crudele, all&#8217;occorrenza, ma sempre aggrappato alla logica come arma invincibile, e capace di una graffiante ironia. \u00c8 il paradigma di ci\u00f2 che si definisce un personaggio a tutto tondo: icona di un Medioevo <em>medievalissimo<\/em>, truce e a tinte forti e nette; massimo esempio della razionalit\u00e0 del suo tempo e di ci\u00f2 che di quel patrimonio culturale \u00e8 transitato fino a noi. Chi non vorrebbe essere saldo e forte come Eymerich? Un altro tratto speciale dei cicli creati da Evangelisti \u00e8 la sintesi pi\u00f9 che riuscita tra romanzo storico, thriller e fantascienza: una ricetta nella quale l&#8217;ultimo, e apparentemente eccentrico, ingrediente \u00e8 dosato quanto basta. Non \u00e8 funzionale, infatti, alla creazione di una sovrapposizione di generi; non \u00e8, cio\u00e8, un espediente narrativo. \u00c8 il medium di una visione totalizzante della letteratura, nel senso dell&#8217;idea di <em>universo<\/em> che si vuole raccontare, ma specialmente nel senso della dimostrazione che \u00e8 possibile, con la letteratura, e vale a dire a partire dalla sua dimensione, <em>cambiare la realt\u00e0<\/em> storica. Innanzitutto quella presente.<\/p>\n\n\n\n<p><a href=\"http:\/\/www.rainews.it\/dl\/rainews\/media\/inquisitore-Eymerich-morto-ma-risorge-Intervista-allo-scrittore-cult-Valerio-Evangelisti-7cac88fc-cdae-4d84-b0b4-93f93ad7d16f.html\">Un&#8217;intervista all&#8217;Autore<\/a><\/p>\n\n\n\n<p><a href=\"https:\/\/ojs.uniroma1.it\/index.php\/mediascapes\/article\/download\/13751\/13531\">Un&#8217;analisi linguistico-stilistica su Eymerich<\/a><\/p>\n","protected":false},"excerpt":{"rendered":"<p>Dopo una serie di dieci fortunatissimi romanzi, seguiti da un periodo di silenzio, a sua volta intervallato dalla composizione di altri due cicli narrativi (uno sulla mafia italoamericana e uno sulle origini del socialismo italiano), Valerio Evangelisti rimette le vesti del suo pi\u00f9 noto e apprezzato eroe: Nicolas Eymerich da Gerona, padre domenicano e spietato <a href='http:\/\/fulviocortese.it\/?p=7203'>[&#8230;]<\/a><\/p>\n","protected":false},"author":1,"featured_media":0,"comment_status":"closed","ping_status":"open","sticky":false,"template":"","format":"standard","meta":{"footnotes":""},"categories":[73],"tags":[397,147,127,322,40,186,38],"class_list":["post-7203","post","type-post","status-publish","format-standard","hentry","category-imperdibili","tag-fantascienza","tag-francia","tag-letteratura","tag-medioevo","tag-religione","tag-roma","tag-romanzo","category-73-id","post-seq-1","post-parity-odd","full-content"],"_links":{"self":[{"href":"http:\/\/fulviocortese.it\/index.php?rest_route=\/wp\/v2\/posts\/7203","targetHints":{"allow":["GET"]}}],"collection":[{"href":"http:\/\/fulviocortese.it\/index.php?rest_route=\/wp\/v2\/posts"}],"about":[{"href":"http:\/\/fulviocortese.it\/index.php?rest_route=\/wp\/v2\/types\/post"}],"author":[{"embeddable":true,"href":"http:\/\/fulviocortese.it\/index.php?rest_route=\/wp\/v2\/users\/1"}],"replies":[{"embeddable":true,"href":"http:\/\/fulviocortese.it\/index.php?rest_route=%2Fwp%2Fv2%2Fcomments&post=7203"}],"version-history":[{"count":14,"href":"http:\/\/fulviocortese.it\/index.php?rest_route=\/wp\/v2\/posts\/7203\/revisions"}],"predecessor-version":[{"id":7218,"href":"http:\/\/fulviocortese.it\/index.php?rest_route=\/wp\/v2\/posts\/7203\/revisions\/7218"}],"wp:attachment":[{"href":"http:\/\/fulviocortese.it\/index.php?rest_route=%2Fwp%2Fv2%2Fmedia&parent=7203"}],"wp:term":[{"taxonomy":"category","embeddable":true,"href":"http:\/\/fulviocortese.it\/index.php?rest_route=%2Fwp%2Fv2%2Fcategories&post=7203"},{"taxonomy":"post_tag","embeddable":true,"href":"http:\/\/fulviocortese.it\/index.php?rest_route=%2Fwp%2Fv2%2Ftags&post=7203"}],"curies":[{"name":"wp","href":"https:\/\/api.w.org\/{rel}","templated":true}]}}