{"id":7009,"date":"2019-01-07T21:17:30","date_gmt":"2019-01-07T20:17:30","guid":{"rendered":"http:\/\/fulviocortese.it\/?p=7009"},"modified":"2019-04-27T19:25:35","modified_gmt":"2019-04-27T18:25:35","slug":"la-funesta-docilita-salvatore-silvano-nigro","status":"publish","type":"post","link":"http:\/\/fulviocortese.it\/?p=7009","title":{"rendered":"La funesta docilit\u00e0 (Salvatore Silvano Nigro)"},"content":{"rendered":"\n<div class=\"wp-block-image\"><figure class=\"alignleft\"><a href=\"https:\/\/sellerio.it\/it\/catalogo\/Funesta-Docilita\/Nigro\/11012\"><img decoding=\"async\" src=\"https:\/\/sellerio.it\/upload\/assets\/files\/841,it,11012\/9382-3.jpg\" alt=\"\"\/><\/a><\/figure><\/div>\n\n\n\n<p>Il libro \u00e8 una felice raccolta di estratti di colta e preziosa critica letteraria. \u00c8 diviso in due parti, precedute da un &#8220;Viatico&#8221; e seguite da un&#8217;Appendice. Fanno da cornice due gallerie, con un apparato iconografico variamente collegato alle riflessioni svolte dall&#8217;Autore. L&#8217;oggetto &#8211; nulla di strano per Nigro, che ne \u00e8 un vero esperto &#8211; \u00e8 Alessandro Manzoni, e precisamente la singolare e profonda, e tormentata, tensione pedagogica che percorre I promessi sposi, qui analizzati sulla base dell&#8217;edizione illustrata del 1840-1842, quella accompagnata dalla Storia della colonna infame. Nel &#8220;Viatico&#8221;, infatti, Nigro chiarisce di volersi inserire all&#8217;interno del filone interpretativo che valorizza la Storia come la lente ideale per comprendere il significato del romanzo. Non a caso, la prima parte del volume, che ne costituisce il cuore, si mette sulle tracce di &#8220;quella funesta docilit\u00e0 degli animi appassionati all&#8217;affermare appassionato degli altri&#8221;: espressione che \u00e8 stata usata dal Manzoni nel <a href=\"https:\/\/it.m.wikisource.org\/wiki\/I_promessi_sposi_(1840)\/Capitolo_XIII\">capitolo XIII del romanzo<\/a>, dove si narra dell&#8217;assalto popolare alla residenza del vicario durante la rivolta del pane. A lungo Leonardo Sciascia aveva interrogato la frase in parola. Era alla ricerca di una chiave esplicita per dimostrare il rimorso segreto del grande scrittore, se non il tentativo tardivo di una qualche inquieta giustificazione, di fronte alla freddezza che lo stesso aveva tenuto nei confronti del linciaggio, compiuto proprio davanti alla sua casa, di <a href=\"http:\/\/lanostrastoria.corriere.it\/2017\/09\/06\/giuseppe-prina-un-delitto-politico\/\">Giuseppe Prina<\/a>, ministro delle finanze dell&#8217;ultimo governo napoleonico di Milano. Perch\u00e9 &#8211; e questo \u00e8 il fulcro della seconda parte del libro, che confronta gli itinerari manzoniani di Sciascia con quelli di Mario Pomilio e di Natalia Ginzburg &#8211; l&#8217;opera di Manzoni non pu\u00f2 essere mai eccessivamente monumentalizzata, n\u00e9 confinata in un tranquillizzante messaggio pastorale di redenzione o in un intreccio di ragioni sentimentali o personali: il turbamento la pervade sempre, al punto da farla sembrare in ogni caso spiazzante, per i laici come per i cattolici, e comunque per gli italiani. L&#8217;Appendice, animandosi delle immagini contenute nella seconda galleria, coltiva nuovamente le suggestioni del tema iconografico, divagando elegantemente tra i tratti di Renato Guttuso e quelli di Mimmo Paladino.<\/p>\n\n\n\n<p>Capire se sia o meno verosimile che proprio la lenta metabolizzazione della disgraziata vicenda del Prina avrebbe fornito al patriota Manzoni l&#8217;ispirazione per gli approfondimenti morali e civili sottesi al racconto del seicentesco tumulto di S. Martino &#8211; come alla ricostruzione filologica della sventura dei presunti untori della <em>Colonna infame<\/em> &#8211; non \u00e8 la cosa pi\u00f9 importante di questo libro. Mi preme esprimere un&#8217;urgenza diversa, in parte personale, in parte pi\u00f9 oggettiva; ma legata comunque alla <em>Colonna infame<\/em>. La ricordo ancora nell\u2019esperienza della prima lettura, dopo la scoperta del volumetto sugli scaffali della libreria di casa. Stava accanto ad altri volumetti di una stessa collana, formata da alcune edizioni speciali ed economiche di <a href=\"https:\/\/www.abebooks.it\/Storia-colonna-infame-Alessandro-Manzoni-intr\/22774989476\/bd\">Bompiani<\/a>, vendute con L&#8217;Espresso e acquistate da mio padre, che allora era abbonato al settimanale. Riportava un&#8217;introduzione di Sciascia. Il libro di Nigro &#8211; che \u00e8 esplicitamente ispirato alle pagine dell&#8217;autore siciliano &#8211; risveglia la gioia di quell\u2019originario contatto, e del confronto, forse per la prima volta, con una riflessione difficile, obliqua, eppure appagante. Richiama anche il piacere &#8211; pure quello provato, forse, per la prima volta &#8211; di voler continuare la scoperta, leggendo gli altri titoli di quella stessa collana (su tutti, <em>Tifone<\/em> di Conrad e <em>Candido<\/em> di Voltaire), con pari soddisfazione. Poi c&#8217;\u00e8, naturalmente, al di l\u00e0 del ricordo di un momento molto formativo, anche il profilo sostanziale, di merito. Riguarda l&#8217;importanza di un messaggio che invita a guardare al grande romanzo italiano per eccellenza come ad una cosa <em>spessa<\/em>, complessa e al contempo forte ed efficace nella persuasione che pu\u00f2 produrre anche soltanto nella lettura pi\u00f9 immediata e appassionata. \u00c8 uno sprone, dunque, a non avere paura di questo genere di complessit\u00e0, perch\u00e9 \u00e8 fattore di grande consapevolezza. Ma \u00e8 anche una sollecitazione a riconsiderare Manzoni un vero maestro della &#8220;moralistica&#8221; europea, a intenderlo, cio\u00e8, innanzitutto, nel suo lato francese, non solo in quello lombardo. Non \u00e8 male rammentarsi di poter collocare don Lisander ben al di l\u00e0 delle glosse e delle parafrasi anguste che gli sono di solito riservate dai nostalgici della pi\u00f9 stanca tradizione scolastica.<\/p>\n\n\n\n<p>Recensione (di <a href=\"https:\/\/ilmanifesto.it\/il-rimorso-del-manzoni-svelato-da-una-vignetta\/\">Raffaele Manica<\/a>; di <a href=\"http:\/\/www.succedeoggi.it\/2019\/04\/manzoni-in-giallo\/\">Adriano Napoli<\/a>)<\/p>\n","protected":false},"excerpt":{"rendered":"<p>Il libro \u00e8 una felice raccolta di estratti di colta e preziosa critica letteraria. \u00c8 diviso in due parti, precedute da un &#8220;Viatico&#8221; e seguite da un&#8217;Appendice. Fanno da cornice due gallerie, con un apparato iconografico variamente collegato alle riflessioni svolte dall&#8217;Autore. L&#8217;oggetto &#8211; nulla di strano per Nigro, che ne \u00e8 un vero esperto <a href='http:\/\/fulviocortese.it\/?p=7009'>[&#8230;]<\/a><\/p>\n","protected":false},"author":1,"featured_media":0,"comment_status":"closed","ping_status":"open","sticky":false,"template":"","format":"standard","meta":{"footnotes":""},"categories":[1],"tags":[230,127,439,58,440],"class_list":["post-7009","post","type-post","status-publish","format-standard","hentry","category-biblio","tag-italia","tag-letteratura","tag-manzoni","tag-saggio","tag-sciascia","category-1-id","post-seq-1","post-parity-odd","full-content"],"_links":{"self":[{"href":"http:\/\/fulviocortese.it\/index.php?rest_route=\/wp\/v2\/posts\/7009","targetHints":{"allow":["GET"]}}],"collection":[{"href":"http:\/\/fulviocortese.it\/index.php?rest_route=\/wp\/v2\/posts"}],"about":[{"href":"http:\/\/fulviocortese.it\/index.php?rest_route=\/wp\/v2\/types\/post"}],"author":[{"embeddable":true,"href":"http:\/\/fulviocortese.it\/index.php?rest_route=\/wp\/v2\/users\/1"}],"replies":[{"embeddable":true,"href":"http:\/\/fulviocortese.it\/index.php?rest_route=%2Fwp%2Fv2%2Fcomments&post=7009"}],"version-history":[{"count":11,"href":"http:\/\/fulviocortese.it\/index.php?rest_route=\/wp\/v2\/posts\/7009\/revisions"}],"predecessor-version":[{"id":7202,"href":"http:\/\/fulviocortese.it\/index.php?rest_route=\/wp\/v2\/posts\/7009\/revisions\/7202"}],"wp:attachment":[{"href":"http:\/\/fulviocortese.it\/index.php?rest_route=%2Fwp%2Fv2%2Fmedia&parent=7009"}],"wp:term":[{"taxonomy":"category","embeddable":true,"href":"http:\/\/fulviocortese.it\/index.php?rest_route=%2Fwp%2Fv2%2Fcategories&post=7009"},{"taxonomy":"post_tag","embeddable":true,"href":"http:\/\/fulviocortese.it\/index.php?rest_route=%2Fwp%2Fv2%2Ftags&post=7009"}],"curies":[{"name":"wp","href":"https:\/\/api.w.org\/{rel}","templated":true}]}}