{"id":6984,"date":"2018-12-29T10:23:08","date_gmt":"2018-12-29T09:23:08","guid":{"rendered":"http:\/\/fulviocortese.it\/?p=6984"},"modified":"2018-12-29T10:23:10","modified_gmt":"2018-12-29T09:23:10","slug":"il-secondo-cavaliere-alex-beer","status":"publish","type":"post","link":"http:\/\/fulviocortese.it\/?p=6984","title":{"rendered":"Il secondo cavaliere (Alex Beer)"},"content":{"rendered":"\n<div class=\"wp-block-image\"><figure class=\"alignleft is-resized\"><a href=\"https:\/\/www.edizionieo.it\/book\/9788866329749\/il-secondo-cavaliere\" target=\"_blank\" rel=\"noreferrer noopener\"><img loading=\"lazy\" decoding=\"async\" src=\"https:\/\/www.edizionieo.it\/spool\/cover_9788866329749_2617_600.jpg\" alt=\"\" width=\"211\" height=\"330\"\/><\/a><\/figure><\/div>\n\n\n\n<p>Nella Vienna post-imperiale e repubblicana del 1919, attanagliata dai disagi e dalla povert\u00e0 di un dopoguerra durissimo, l&#8217;ispettore August Emmerich si imbatte nella morte misteriosa di tre reduci del fronte orientale. C&#8217;\u00e8 qualcosa di strano che lega i decessi ed Emmerich, ex soldato lui stesso, \u00e8 convinto, a dispetto di ci\u00f2 che pensa il medico legale, che vi sia in circolazione un pericoloso assassino. Scortato dal giovane collega Winter, decide di abbandonare le indagini sulla borsa nera, pi\u00f9 attiva che mai, e cerca di mettersi sulla pista del giallo, alla ricerca della verit\u00e0, ma anche di una promozione a lungo sperata. Il destino, per\u00f2, sembra cospirare a suo sfavore. Una vecchia ferita lo tormenta in modo insopportabile e il suo superiore gli \u00e8 caparbiamente ostile. A capo dei borsaneristi, inoltre, c&#8217;\u00e8 lo spregiudicato Veit Kolja, vecchia conoscenza e vecchia canaglia: di l\u00ec non si passa; gli tocca pure di far buon viso a cattivo gioco. Per di pi\u00f9, nel frattempo, nel torno di pochi giorni, Emmerich perde la compagna, resta senza casa, viene completamente derubato ed \u00e8 addirittura arrestato, accusato della morte di una giovane donna. Naturalmente se la caver\u00e0, facendo ricorso a tutta la sua tenacia. Scoprir\u00e0, tuttavia, che l&#8217;onda lunga del conflitto non si \u00e8 abbattuta su Vienna soltanto con i morsi della fame e della crisi, e che i suoi pi\u00f9 terribili e innominabili artigli sono ancora vivi e vegeti, e molto vicini.<\/p>\n\n\n\n<p>August Emmerich \u00e8 un investigatore che appartiene alla serie degli empatici; assomiglia pi\u00f9 a Marlowe che a Dupin, e infatti la sua arma segreta, quella che lo aiuta a togliersi d&#8217;impaccio, sta in un istintivo senso del rischio anzich\u00e9 in una particolare propensione alla cultura della razionalit\u00e0. Anche l&#8217;ambientazione storica coopera in questo senso, tanto che larga, se non massima, parte della narrazione non \u00e8 altro che un affresco realistico delle macerie &#8211; materiali, morali, politiche e sociali &#8211; dell&#8217;impero austroungarico sconfitto: lo scenario perfetto per un eroe che non ha alcuna paura di sporcarsi pur di raggiungere il risultato di giustizia che gli sta a cuore. Il finale, che forse \u00e8 un po&#8217; troppo compresso (anche se l&#8217;effetto sorpresa ne riesce indubbiamente enfatizzato), fa presagire che Emmerich promette di dare battaglia non solo ai criminali, di guerra o comuni che siano, ma ad un intero contesto di degrado, frammentazione e abbrutimento, che costituisce il reale bersaglio dell&#8217;atto d&#8217;accusa che l&#8217;<a href=\"https:\/\/www.alex-beer.com\/\">Autrice<\/a> ha messo in scena, e che rappresenta il pericolo concreto verso il quale, per ragioni diverse, tendiamo sempre a scivolare, anche alle soglie del 2019.<\/p>\n\n\n\n<p>Recensioni (di <a href=\"https:\/\/www.ilfoglio.it\/una-fogliata-di-libri\/2018\/12\/12\/news\/il-secondo-cavaliere-alex-beer-una-fogliata-di-libri-228806\/\">Alessandro Mosc\u00e8<\/a>; di <a href=\"https:\/\/www.pressreader.com\/italy\/corriere-della-sera-la-lettura\/20180729\/281762745058769\">Ranieri Polese<\/a>)<\/p>\n","protected":false},"excerpt":{"rendered":"<p>Nella Vienna post-imperiale e repubblicana del 1919, attanagliata dai disagi e dalla povert\u00e0 di un dopoguerra durissimo, l&#8217;ispettore August Emmerich si imbatte nella morte misteriosa di tre reduci del fronte orientale. C&#8217;\u00e8 qualcosa di strano che lega i decessi ed Emmerich, ex soldato lui stesso, \u00e8 convinto, a dispetto di ci\u00f2 che pensa il medico <a href='http:\/\/fulviocortese.it\/?p=6984'>[&#8230;]<\/a><\/p>\n","protected":false},"author":1,"featured_media":0,"comment_status":"closed","ping_status":"open","sticky":false,"template":"","format":"standard","meta":{"footnotes":""},"categories":[1],"tags":[216,246,38],"class_list":["post-6984","post","type-post","status-publish","format-standard","hentry","category-biblio","tag-austria","tag-grande-guerra","tag-romanzo","category-1-id","post-seq-1","post-parity-odd","full-content"],"_links":{"self":[{"href":"http:\/\/fulviocortese.it\/index.php?rest_route=\/wp\/v2\/posts\/6984","targetHints":{"allow":["GET"]}}],"collection":[{"href":"http:\/\/fulviocortese.it\/index.php?rest_route=\/wp\/v2\/posts"}],"about":[{"href":"http:\/\/fulviocortese.it\/index.php?rest_route=\/wp\/v2\/types\/post"}],"author":[{"embeddable":true,"href":"http:\/\/fulviocortese.it\/index.php?rest_route=\/wp\/v2\/users\/1"}],"replies":[{"embeddable":true,"href":"http:\/\/fulviocortese.it\/index.php?rest_route=%2Fwp%2Fv2%2Fcomments&post=6984"}],"version-history":[{"count":7,"href":"http:\/\/fulviocortese.it\/index.php?rest_route=\/wp\/v2\/posts\/6984\/revisions"}],"predecessor-version":[{"id":6993,"href":"http:\/\/fulviocortese.it\/index.php?rest_route=\/wp\/v2\/posts\/6984\/revisions\/6993"}],"wp:attachment":[{"href":"http:\/\/fulviocortese.it\/index.php?rest_route=%2Fwp%2Fv2%2Fmedia&parent=6984"}],"wp:term":[{"taxonomy":"category","embeddable":true,"href":"http:\/\/fulviocortese.it\/index.php?rest_route=%2Fwp%2Fv2%2Fcategories&post=6984"},{"taxonomy":"post_tag","embeddable":true,"href":"http:\/\/fulviocortese.it\/index.php?rest_route=%2Fwp%2Fv2%2Ftags&post=6984"}],"curies":[{"name":"wp","href":"https:\/\/api.w.org\/{rel}","templated":true}]}}