{"id":6918,"date":"2018-10-07T10:27:54","date_gmt":"2018-10-07T09:27:54","guid":{"rendered":"http:\/\/fulviocortese.it\/?p=6918"},"modified":"2018-10-07T10:27:54","modified_gmt":"2018-10-07T09:27:54","slug":"unodissea-un-padre-un-figlio-e-unepopea-daniel-mendelsohn","status":"publish","type":"post","link":"http:\/\/fulviocortese.it\/?p=6918","title":{"rendered":"Un&#8217;Odissea. Un padre, un figlio e un&#8217;epopea (Daniel Mendelsohn)"},"content":{"rendered":"<p><a href=\"http:\/\/www.einaudi.it\/libri\/libro\/daniel-mendelsohn\/un-odissea\/978880623148\"><img loading=\"lazy\" decoding=\"async\" class=\"alignleft size-medium\" src=\"http:\/\/www.einaudi.it\/media\/img\/978880623148GRA.jpg\" width=\"250\" height=\"396\" \/><\/a>L&#8217;Autore si occupa di cultura e letteratura classiche; insegna al <a href=\"http:\/\/www.bard.edu\/faculty\/details\/?id=1785\">Bard College<\/a>, vicino a New York. Questo libro \u00e8 il resoconto di un suo corso, dedicato interamente all&#8217;Odissea. Ma non si \u00e8 trattato di tenere un corso come gli altri: vi ha partecipato anche suo padre Jay &#8211; un matematico ottantenne &#8211; e lo ha fatto in modo attivo, esprimendosi con franchezza e partecipando alla discussione con gli studenti. In questo modo, la rievocazione e l&#8217;analisi del viaggio di Ulisse si sono subito trasformati nell&#8217;occasione per compiere un altro viaggio, alla riscoperta di ci\u00f2 che \u00e8 il rapporto tra un padre e un figlio, scavando nelle motivazioni che hanno spinto il vecchio Jay ad essere l\u00ec, nella sua storia personale e nelle storie della famiglia Mendelsohn. Nel racconto l&#8217;itinerario dell&#8217;eroe omerico e la decifrazione dei suoi tanti significati si alternano costantemente al dialogo tra Daniel e Jay. Per i due protagonisti l&#8217;Odissea assume un significato cos\u00ec grande da spingerli a mettersi davvero sulle tracce del re di Itaca, imbarcandosi in una crociera nel Mediterraneo. A ben vedere, anche la rilettura del poema si colora integralmente di questa prospettiva: Telemaco si istruisce e diventa adulto sulle orme del padre, apprendendo che cos&#8217;\u00e8 veramente una famiglia; poi, solo in un secondo momento, entra in scena Ulisse, che prima di poter ritornare a casa deve sperimentare tutti i limiti della sua ambizione individuale, rigenerandosi di quella consapevolezza che \u00e8 indispensabile al ricongiungimento; quindi comincia il tema del ritorno e del riconoscimento, e della vendetta, che si consuma collettivamente, al solo scopo di ricostruire un&#8217;unit\u00e0 originaria, in cui Ulisse, finalmente, ritrova non solo il figlio e la sposa, ma anche suo padre Laerte.<\/p>\n<p><img loading=\"lazy\" decoding=\"async\" class=\"alignleft \" src=\"https:\/\/www.iltermopolio.com\/uploads\/7\/2\/7\/5\/72754285\/daniel-e-jay-mendelsohn_orig.jpg\" width=\"271\" height=\"147\" \/>Dopo la monumentale prova de <a href=\"http:\/\/www.neripozza.it\/collane_dett.php?id_coll=3&amp;id_lib=405\"><em>Gli scomparsi<\/em><\/a>, ormai diventato una pietra miliare del suo genere, Mendelsohn continua a convincere. Un&#8217;Odissea, infatti, \u00e8 un libro efficacissimo, specialmente quando fornisce momenti di divulgazione alta e suggestiva: su che cosa sia la filologia; sulla rilevanza e sulla continuit\u00e0, tra gli accademici, della relazione tra maestri e allievi; su quanto sia importante, nell&#8217;interpretazione di un classico, il confronto continuo tra lettori nuovi e lettori esperti; su quanto questa interazione stimoli intuizioni capaci di indicare significati ancora sconosciuti; e soprattutto su come l&#8217;esperienza del rapporto personale con la grande letteratura, se presa sul serio, riesca a dirci molto sulla nostra vita. Quest&#8217;ultima prospettiva \u00e8 il perno su cui Mendelsohn fa ruotare tutto il racconto. Ci\u00f2 che gli interessa, infatti, \u00e8 l&#8217;interazione con il padre, e il poema omerico ne \u00e8 il catalizzatore ideale, che gli permette di interrogarsi a fondo e di indagare nel passato e nel presente, alla conquista di una dimensione intima mai veramente compresa. Ad un <em>masterpiece<\/em> della tradizione antica si pu\u00f2 chiedere anche questo, ed \u00e8 tale virt\u00f9 taumaturgica a renderne la lettura tuttora impareggiabile: abbandonarvisi \u00e8 come ritrovarsi. L&#8217;Odissea, di recente, va forte proprio per questo: nel libro di Mendelsohn gli interrogativi che pone l&#8217;\u00e8pos tracciano la strada per un percorso psicanalitico; nel bestseller pressoch\u00e9 coevo di Sylvain Tesson (<a href=\"http:\/\/www.rizzoli.eu\/libri\/unestate-con-omero\/\"><em>Un&#8217;estate con Omero<\/em><\/a>) le avventure dell&#8217;astuto re di Itaca costituiscono la migliore compagnia per un vero romitaggio mediterraneo. Di questi tempi, evidentemente, gli scrittori, pur parlando di s\u00e9, danno prova di essere ottimi <em>stregoni<\/em>: forse lo smarrimento diffuso che ci circonda, se preso <em>sul serio<\/em>, se guardato, cio\u00e8, dal <em>didentro<\/em>, pu\u00f2 dare l&#8217;opportunit\u00e0 di ritrovare la tanto agognata strada di casa.<\/p>\n<p>Recensioni (di <a href=\"http:\/\/www.lavoroculturale.org\/odissea-mendelsohn\/\">Lorenzo Alunni<\/a>; <a href=\"https:\/\/ilmanifesto.it\/un-classico-per-sciogliere-i-nodi-della-vita\/\">Massimiliano De Villa<\/a>; <a href=\"http:\/\/www.bresciaoggi.it\/home\/cultura\/libri\/la-rivincita-di-odisseo-1.6406027\">Giulio Galetto<\/a>; <a href=\"https:\/\/www.nytimes.com\/2017\/09\/18\/books\/review\/review-an-odyssey-daniel-mendelsohn.html\">Dwight Garner<\/a>; <a href=\"https:\/\/www.linkiesta.it\/it\/article\/2018\/06\/20\/unodissea-il-rapporto-tra-le-generazioni-secondo-daniel-mendehlson\/38523\/\">Marta Pellegrini<\/a>; <a href=\"https:\/\/www.theguardian.com\/books\/2017\/sep\/13\/an-odyssey-a-father-a-son-and-an-epic-by-daniel-mendelsohn-review\">Emily Wilson<\/a>)<\/p>\n<p><a href=\"http:\/\/www.repubblica.it\/cultura\/2017\/09\/28\/news\/daniel_mendelsohn_grazie_papa_insieme_a_te_ho_capito_chi_era_ulisse_-176734842\/\">Un&#8217;intervista all&#8217;Autore<\/a><\/p>\n","protected":false},"excerpt":{"rendered":"<p>L&#8217;Autore si occupa di cultura e letteratura classiche; insegna al Bard College, vicino a New York. Questo libro \u00e8 il resoconto di un suo corso, dedicato interamente all&#8217;Odissea. Ma non si \u00e8 trattato di tenere un corso come gli altri: vi ha partecipato anche suo padre Jay &#8211; un matematico ottantenne &#8211; e lo ha <a href='http:\/\/fulviocortese.it\/?p=6918'>[&#8230;]<\/a><\/p>\n","protected":false},"author":1,"featured_media":0,"comment_status":"closed","ping_status":"open","sticky":false,"template":"","format":"standard","meta":{"footnotes":""},"categories":[1],"tags":[438,218,127,119,289],"class_list":["post-6918","post","type-post","status-publish","format-standard","hentry","category-biblio","tag-filologia","tag-grecia","tag-letteratura","tag-stati-uniti","tag-universita","category-1-id","post-seq-1","post-parity-odd","full-content"],"_links":{"self":[{"href":"http:\/\/fulviocortese.it\/index.php?rest_route=\/wp\/v2\/posts\/6918","targetHints":{"allow":["GET"]}}],"collection":[{"href":"http:\/\/fulviocortese.it\/index.php?rest_route=\/wp\/v2\/posts"}],"about":[{"href":"http:\/\/fulviocortese.it\/index.php?rest_route=\/wp\/v2\/types\/post"}],"author":[{"embeddable":true,"href":"http:\/\/fulviocortese.it\/index.php?rest_route=\/wp\/v2\/users\/1"}],"replies":[{"embeddable":true,"href":"http:\/\/fulviocortese.it\/index.php?rest_route=%2Fwp%2Fv2%2Fcomments&post=6918"}],"version-history":[{"count":10,"href":"http:\/\/fulviocortese.it\/index.php?rest_route=\/wp\/v2\/posts\/6918\/revisions"}],"predecessor-version":[{"id":6940,"href":"http:\/\/fulviocortese.it\/index.php?rest_route=\/wp\/v2\/posts\/6918\/revisions\/6940"}],"wp:attachment":[{"href":"http:\/\/fulviocortese.it\/index.php?rest_route=%2Fwp%2Fv2%2Fmedia&parent=6918"}],"wp:term":[{"taxonomy":"category","embeddable":true,"href":"http:\/\/fulviocortese.it\/index.php?rest_route=%2Fwp%2Fv2%2Fcategories&post=6918"},{"taxonomy":"post_tag","embeddable":true,"href":"http:\/\/fulviocortese.it\/index.php?rest_route=%2Fwp%2Fv2%2Ftags&post=6918"}],"curies":[{"name":"wp","href":"https:\/\/api.w.org\/{rel}","templated":true}]}}