{"id":552,"date":"2012-05-06T21:34:44","date_gmt":"2012-05-06T20:34:44","guid":{"rendered":"http:\/\/fulviocortese.it\/?p=552"},"modified":"2012-05-06T21:34:44","modified_gmt":"2012-05-06T20:34:44","slug":"quando-lautomobile-uccise-la-cavalleria-giorgio-caponetti","status":"publish","type":"post","link":"http:\/\/fulviocortese.it\/?p=552","title":{"rendered":"Quando l\u2019automobile uccise la cavalleria (Giorgio Caponetti)"},"content":{"rendered":"<p><a href=\"http:\/\/www.marcosymarcos.com\/quando_l_automobile\/uccise_la_cavalleria.html\"><img loading=\"lazy\" decoding=\"async\" class=\"alignleft\" title=\"caponetti\" src=\"http:\/\/www.marcosymarcos.com\/quando_l_automobile\/immagini\/Quando-l%27automobile-uccise-la-cavalleria.gif\" alt=\"\" width=\"150\" height=\"239\" \/><\/a>Sia pur nel contesto di un racconto forse un po\u2019 troppo lungo (pp. 486), Giorgio Caponetti offre al pubblico un\u2019opera prima di tutto rispetto. Non \u00e8 solo la storia di un\u2019amicizia <em>d\u2019altri tempi<\/em>, tra un grande cavallerizzo italiano, Federigo Caprilli, e il nobile ed integerrimo mecenate idealista cui si deve la fondazione della F.I.A.T. e dell\u2019Automobile Club, il conte Emanuele Cacherano di Bricherasio. \u00c8 l\u2019affresco di un momento di grandi trasformazioni, nella societ\u00e0 come nella tecnica, nei valori come nella politica, nelle citt\u00e0 come nel lavoro, nell\u2019economia come nell\u2019impresa.<\/p>\n<p>In quest\u2019ultima direzione, poi, il titolo non \u00e8 soltanto una metafora. \u00c8 anche la descrizione romanzata di eventi tanto noti quanto rimasti pur sempre ambigui: del fallimento della F.I.A.T. e \u2013 come dice l\u2019Autore, una volta caduti i \u201cpuntini\u201d \u2013 della fondazione della Fiat; delle conseguenti e crescenti fortune di Giovanni Agnelli, nonostante il difficile processo in cui era rimasto coinvolto proprio in seguito alle \u201cstranezze\u201d del crack cui era incorsa l\u2019originaria compagine societaria dell\u2019azienda; della morte misteriosa di Bricherasio, prima, e di Caprilli, poi; di un esiziale intreccio tra affari privati, politiche pubbliche e attivit\u00e0 spionistiche, a ricordo di quante volte, sin dai primi passi dell\u2019Unit\u00e0, i nostri governanti sono stati attratti da speculazioni non sempre virtuose. E di come, a farne le spese, di solito, non sono soltanto talune importanti e lungimiranti figure, ma, assieme alla cosa pubblica, i comuni ed inconsapevoli cittadini, meri spettatori di rivoluzioni dirette da pochi interessati.<\/p>\n<p>Complessivamente, si tratta di una bella lettura, che poggia anche su di un espediente letterario parzialmente riuscito: la voce dell\u2019io narrante che \u201capre\u201d il volume resta sempre presente, poich\u00e9, accanto alle vicende cronologicamente ordinate, ma sovrapposte, di Caprilli, Bricherasio e Agnelli, si snodano i ricordi immaginari dello scrittore bambino, il cui nonno, oltre ad insegnargli molte cose \u201cda grandi\u201d, si rivela pagina dopo pagina come uno degli attori principali sullo scenario della \u201cStoria\u201d che viene narrata. Ma il libro \u00e8 interessante anche per le frequenti digressioni in dettagliate rievocazioni di fatti e di eventi salienti, oltre che di diversi e significativi personaggi della Torino dell\u2019inizio del XX Secolo; cos\u00ec come per la costante ripresa dell\u2019epopea del cavallo, per la quale l\u2019Autore, pur indulgendovi per lunghi tratti, dimostra una passione solida e autentica, suscitando cos\u00ec curiosit\u00e0 anche nel pi\u00f9 sprovveduto dei profani.<\/p>\n<p>Ad ogni modo, il messaggio di questo nuovo romanziere \u00e8 chiaro: la tecnologia pu\u00f2 essere un vero strumento di emancipazione e di progresso, a condizione che la &#8220;cavalleria&#8221; e l&#8217;armonioso comporsi di virt\u00f9 private e di virt\u00f9 civili di cui essa pu\u00f2 essere un valido simbolo non vengano oscurate dall&#8217;etica scivolosa dell&#8217;arricchimento soltanto egoistico o del tornaconto brutalmente personale.<\/p>\n<p><a href=\"http:\/\/www.youtube.com\/watch?v=7xQIQJTPIC8\">L\u2019Autore a <em>Radio Capital<\/em><\/a><\/p>\n","protected":false},"excerpt":{"rendered":"<p>Sia pur nel contesto di un racconto forse un po\u2019 troppo lungo (pp. 486), Giorgio Caponetti offre al pubblico un\u2019opera prima di tutto rispetto. Non \u00e8 solo la storia di un\u2019amicizia d\u2019altri tempi, tra un grande cavallerizzo italiano, Federigo Caprilli, e il nobile ed integerrimo mecenate idealista cui si deve la fondazione della F.I.A.T. e <a href='http:\/\/fulviocortese.it\/?p=552'>[&#8230;]<\/a><\/p>\n","protected":false},"author":1,"featured_media":0,"comment_status":"closed","ping_status":"open","sticky":false,"template":"","format":"image","meta":{"footnotes":""},"categories":[1],"tags":[184,38,168,183],"class_list":["post-552","post","type-post","status-publish","format-image","hentry","category-biblio","tag-cavallo","tag-romanzo","tag-tecnica","tag-torino","post_format-post-format-image","category-1-id","post-seq-1","post-parity-odd","full-content"],"_links":{"self":[{"href":"http:\/\/fulviocortese.it\/index.php?rest_route=\/wp\/v2\/posts\/552","targetHints":{"allow":["GET"]}}],"collection":[{"href":"http:\/\/fulviocortese.it\/index.php?rest_route=\/wp\/v2\/posts"}],"about":[{"href":"http:\/\/fulviocortese.it\/index.php?rest_route=\/wp\/v2\/types\/post"}],"author":[{"embeddable":true,"href":"http:\/\/fulviocortese.it\/index.php?rest_route=\/wp\/v2\/users\/1"}],"replies":[{"embeddable":true,"href":"http:\/\/fulviocortese.it\/index.php?rest_route=%2Fwp%2Fv2%2Fcomments&post=552"}],"version-history":[{"count":2,"href":"http:\/\/fulviocortese.it\/index.php?rest_route=\/wp\/v2\/posts\/552\/revisions"}],"predecessor-version":[{"id":554,"href":"http:\/\/fulviocortese.it\/index.php?rest_route=\/wp\/v2\/posts\/552\/revisions\/554"}],"wp:attachment":[{"href":"http:\/\/fulviocortese.it\/index.php?rest_route=%2Fwp%2Fv2%2Fmedia&parent=552"}],"wp:term":[{"taxonomy":"category","embeddable":true,"href":"http:\/\/fulviocortese.it\/index.php?rest_route=%2Fwp%2Fv2%2Fcategories&post=552"},{"taxonomy":"post_tag","embeddable":true,"href":"http:\/\/fulviocortese.it\/index.php?rest_route=%2Fwp%2Fv2%2Ftags&post=552"}],"curies":[{"name":"wp","href":"https:\/\/api.w.org\/{rel}","templated":true}]}}