{"id":5506,"date":"2016-01-17T11:25:44","date_gmt":"2016-01-17T10:25:44","guid":{"rendered":"http:\/\/fulviocortese.it\/?p=5506"},"modified":"2017-01-16T22:08:56","modified_gmt":"2017-01-16T21:08:56","slug":"non-luogo-a-procedere-claudio-magris","status":"publish","type":"post","link":"http:\/\/fulviocortese.it\/?p=5506","title":{"rendered":"Non luogo a procedere (Claudio Magris)"},"content":{"rendered":"<p><a href=\"http:\/\/www.garzanti.it\/libri\/claudio-magris-non-luogo-a-procedere-9788811672463\/\"><img loading=\"lazy\" decoding=\"async\" class=\"alignleft size-medium\" src=\"http:\/\/www.lindiceonline.com\/wp-content\/uploads\/2016\/03\/magris-non-luogo-a-procedere.jpg\" width=\"310\" height=\"475\" \/><\/a>Un eccentrico collezionista d&#8217;armi di Trieste muore in un misterioso incendio, scoppiato nel suo magazzino. Si salvano molti appunti, oscuri e disordinati; altri vanno irrimediabilmente distrutti. Luisa Brooks \u00e8 colei che \u00e8 stata incaricata dalle istituzioni locali di curare il museo che il defunto avrebbe sempre voluto realizzare in nome della Pace: sala dopo sala, arma dopo arma, la giovane curatrice ricostruisce la vita, i ricordi e gli enigmi di una figura apparentemente inafferrabile. Ma nel frattempo Luisa &#8211; di famiglia ebraica e di padre afroamericano &#8211; racconta anche la sua storia, quella dei suoi cari, dei loro amori, grandi e sfortunati, e di una citt\u00e0 spazzata via dalle guerre, dal vento e dagli orrori dell&#8217;occupazione nazifascista, del collaborazionismo e dei conflitti interetnici. Quello strano collezionista, del resto, li ha vissuti quei drammatici giorni: le spiate, le deportazioni, gli indicibili affari degli aguzzini e di molti benestanti. Soprattutto, pare che quel singolare individuo, avvinto da un&#8217;irrefrenabile mania polemologica, si sia spinto nel ventre pi\u00f9 tenebroso della Risiera di San Sabba e vi abbia visto, e copiato, scritte che avrebbero dovuto essere cancellate per sempre e che alla fine sono andate disperse anche nel rogo che lo ha ucciso. &#8220;Non luogo a procedere&#8221;, dunque, perch\u00e9 ogni traccia \u00e8 scomparsa; e non ci sar\u00e0 giustizia, n\u00e9 per il defunto, n\u00e9 per il fumo\u00a0 grigio del campo di sterminio.<\/p>\n<p>L&#8217;ispirazione di Magris viene da una storia vera, quella dell&#8217;enigmatico <a href=\"http:\/\/www.museodiegodehenriquez.it\/diego-de-henriquez\/\">Diego de Henriquez<\/a>, che qui, per\u00f2, \u00e8 reinventata e <em>sezionata<\/em> nei suoi minimi e ossessivi dettagli, per essere cos\u00ec sovrapposta a quella di Luisa, punto di convergenza drammatica tra due delle pi\u00f9 grandi epopee di persecuzione e discriminazione, quella dello schiavismo e quella antisemita. Per il collezionista, come per Luisa, e per la madre di lei, la vita ha senso solo se vissuta in funzione della <em>verit\u00e0<\/em>: che l&#8217;uno non concepisce se non nell&#8217;affermazione della dimensione ontologica della guerra, come ragione cosmica; e che le altre sentono di dover cercare ostinatamente e di poter, tuttavia, superare soltanto nella disperata realizzazione di un sogno d&#8217;amore, destinato ad essere travolto dall&#8217;incombente violenza delle cose e della Storia. Magris, come sempre, \u00e8 autore di grandi libri, che sono tali perch\u00e9 sapientemente e pazientemente forgiati da un archeologo delle parole, delle passioni e della <em>Kultur<\/em> che le permea entrambe. Qui sta il punto di forza di <em>Non luogo a procedere<\/em>; nel suo essere tecnicamente impeccabile, <em>studiato<\/em>, quasi fino alla perfezione. Ci\u00f2 detto, si deve anche riconoscere che \u2013 nella sostanza \u2013 Magris non ci offre niente di particolarmente nuovo: l&#8217;estrema importanza della filologia dell&#8217;orrore \u00e8 un dato acquisito sin dal terribile e illuminante saggio di <a href=\"http:\/\/www.giuntina.it\/Schulim_Vogelmann_1\/LTI_85.html\">Klemperer<\/a>; la tipica e ricorrente situazione narrativa della vittima della Shoah, tradita in primo luogo da chi le \u00e8 pi\u00f9 vicino, sembra quasi presa da <em><a href=\"http:\/\/www.imdb.com\/title\/tt0087888\/\">Partir, revenir<\/a><\/em> di Lelouch; e dell&#8217;eterna lotta tra il Bene e il Male, alla fine, sappiamo sin dalla notte dei tempi, cos\u00ec come ci appare ancor pi\u00f9 confermata l&#8217;impressione che in Magris &#8211; memore, in questo, della lezione di Burckhardt &#8211; sia sempre possibile dare alle vicende degli uomini un significato universale e, per ci\u00f2 solo, <em>morale<\/em>. Dopodich\u00e9 al romanzo italiano contemporaneo, e allo scandalo dell&#8217;Olocausto nazionale, mancava una rappresentazione posseduta e allucinata come questa: \u00e8 qui, forse, che va individuato il merito che pu\u00f2 rendere questo libro meritevole e appetibile.<\/p>\n<p>Recensioni (di <a href=\"http:\/\/www.corriere.it\/cultura\/15_ottobre_06\/magris-non-luogo-a-procedere-recensione-stajano-57a217f4-6c01-11e5-bbf5-2aef67553e86.shtml\">Corrado Stajano<\/a>, <a href=\"http:\/\/www.lastampa.it\/2015\/10\/18\/cultura\/tuttolibri\/langelo-di-magris-non-vendicher-la-risiera-DyM1ZqX6Le5fctHm4fAnRN\/pagina.html\">Lorenzo Mondo<\/a>, <a href=\"http:\/\/spettacoliecultura.ilmessaggero.it\/libri\/claudio_magris_nuovo_romanzo_quot_non_luogo_procedere_quot_un_museo_condannare_la_guerra-1293066.html\">Renato Minore<\/a>, <a href=\"http:\/\/www.succedeoggi.it\/2015\/10\/la-tempesta-del-900\/\">Paolo Petroni<\/a>, <a href=\"http:\/\/www.libertates.com\/magris-non-luogo-a-procederenella-lettura\/\">Renato Barilli<\/a>, <a href=\"http:\/\/www.huffingtonpost.it\/giuseppe-fantasia\/un-impareggiabile-non-luogo-a-procedere-la-sentenza-di-scalfari-su-magris_b_8825960.html\">Giuseppe Fantasia<\/a>, <a href=\"http:\/\/www.iltempo.it\/cultura-spettacoli\/libri\/2015\/11\/09\/il-non-luogo-a-procedere-contro-l-indifferenza-al-male-1.1477073\">Antonio Sacc\u00e0<\/a>, <a href=\"http:\/\/www.gazzettadiparma.it\/news\/cultura\/310541\/Magris--e-il-volto-buio.html\">Giuseppe Marchetti<\/a>, <a href=\"http:\/\/www.ilmanifestobologna.it\/wp\/2015\/10\/non-luogo-a-procedere-una-voce-fuori-dal-coro-delle-solite-lodi-a-magris\/\">Claudio Cossu<\/a>, <a href=\"http:\/\/www.famigliacristiana.it\/blogpost\/la-lezione-di-claudio-magris-la-memoria-vince-la-guerra.aspx\">Paolo Perazzolo<\/a>, <a href=\"http:\/\/ricerca.repubblica.it\/repubblica\/archivio\/repubblica\/2015\/10\/27\/magris-e-le-mille-voci-della-storia-svelo-il-disordine-del-mondoFirenze08.html\">Fulvio Paloscia<\/a>, <a href=\"http:\/\/www.minimaetmoralia.it\/wp\/oltre-il-nichilismo-e-nel-delirio-leggendo-lultimo-romanzo-di-claudio-magris\/\">Edoardo Pisani<\/a>, <a href=\"http:\/\/fascinointellettuali.larionews.com\/la-storia-dimenticata-nel-nuovo-romanzo-di-claudio-magris\/\">Silvia Ferrari<\/a>, <a href=\"http:\/\/ilpiccolo.gelocal.it\/tempo-libero\/2015\/10\/22\/news\/claudio-magris-nessuno-di-noi-puo-dirsi-innocente-per-l-inferno-della-risiera-1.12310085\">Alessandro Mezzena Lona<\/a>)<\/p>\n<p><a href=\"http:\/\/www.radio3.rai.it\/dl\/portaleRadio\/media\/ContentItem-2fc254f9-f70d-4a9c-9db5-35357628862c.html\">L&#8217;Autore a <em>Fahrenheit<\/em><\/a><\/p>\n<p><a href=\"http:\/\/youtu.be\/e0u1SW3zdAA\">Magris alla Normale di Pisa<\/a><\/p>\n<p><a href=\"http:\/\/www.museodiegodehenriquez.it\/inaugurazione-museo-diego-de-henriquez\/\">Il Museo della Guerra per la Pace &#8220;Diego de Henriquez&#8221;<\/a><\/p>\n","protected":false},"excerpt":{"rendered":"<p>Un eccentrico collezionista d&#8217;armi di Trieste muore in un misterioso incendio, scoppiato nel suo magazzino. Si salvano molti appunti, oscuri e disordinati; altri vanno irrimediabilmente distrutti. Luisa Brooks \u00e8 colei che \u00e8 stata incaricata dalle istituzioni locali di curare il museo che il defunto avrebbe sempre voluto realizzare in nome della Pace: sala dopo sala, <a href='http:\/\/fulviocortese.it\/?p=5506'>[&#8230;]<\/a><\/p>\n","protected":false},"author":1,"featured_media":0,"comment_status":"closed","ping_status":"open","sticky":false,"template":"","format":"standard","meta":{"footnotes":""},"categories":[1],"tags":[242,71,80,214,230,253,141,132],"class_list":["post-5506","post","type-post","status-publish","format-standard","hentry","category-biblio","tag-condizione-umana","tag-fascismo","tag-giustizia","tag-guerra","tag-italia","tag-nazismo","tag-shoah","tag-trieste","category-1-id","post-seq-1","post-parity-odd","full-content"],"_links":{"self":[{"href":"http:\/\/fulviocortese.it\/index.php?rest_route=\/wp\/v2\/posts\/5506","targetHints":{"allow":["GET"]}}],"collection":[{"href":"http:\/\/fulviocortese.it\/index.php?rest_route=\/wp\/v2\/posts"}],"about":[{"href":"http:\/\/fulviocortese.it\/index.php?rest_route=\/wp\/v2\/types\/post"}],"author":[{"embeddable":true,"href":"http:\/\/fulviocortese.it\/index.php?rest_route=\/wp\/v2\/users\/1"}],"replies":[{"embeddable":true,"href":"http:\/\/fulviocortese.it\/index.php?rest_route=%2Fwp%2Fv2%2Fcomments&post=5506"}],"version-history":[{"count":9,"href":"http:\/\/fulviocortese.it\/index.php?rest_route=\/wp\/v2\/posts\/5506\/revisions"}],"predecessor-version":[{"id":6172,"href":"http:\/\/fulviocortese.it\/index.php?rest_route=\/wp\/v2\/posts\/5506\/revisions\/6172"}],"wp:attachment":[{"href":"http:\/\/fulviocortese.it\/index.php?rest_route=%2Fwp%2Fv2%2Fmedia&parent=5506"}],"wp:term":[{"taxonomy":"category","embeddable":true,"href":"http:\/\/fulviocortese.it\/index.php?rest_route=%2Fwp%2Fv2%2Fcategories&post=5506"},{"taxonomy":"post_tag","embeddable":true,"href":"http:\/\/fulviocortese.it\/index.php?rest_route=%2Fwp%2Fv2%2Ftags&post=5506"}],"curies":[{"name":"wp","href":"https:\/\/api.w.org\/{rel}","templated":true}]}}