{"id":5456,"date":"2016-01-04T09:32:03","date_gmt":"2016-01-04T08:32:03","guid":{"rendered":"http:\/\/fulviocortese.it\/?p=5456"},"modified":"2016-01-04T09:32:03","modified_gmt":"2016-01-04T08:32:03","slug":"lacqua-del-diavolo-cristina-lanaro","status":"publish","type":"post","link":"http:\/\/fulviocortese.it\/?p=5456","title":{"rendered":"L&#8217;acqua del diavolo (Cristina Lanaro)"},"content":{"rendered":"<p><a href=\"http:\/\/www.cristinalanaro.it\/lacqua-del-diavolo-romanzo.html \"><img loading=\"lazy\" decoding=\"async\" class=\"alignleft\" src=\"http:\/\/www.cristinalanaro.it\/uploads\/8\/5\/3\/5\/8535631\/307578.jpg?250 \" alt=\"\" width=\"250\" height=\"366\" \/><\/a>\u00c8 la seconda indagine per il maresciallo Altasi, che in tal modo torna a farsi vivo dopo il bel debutto di <em><a href=\"http:\/\/fulviocortese.it\/?p=2624\">Dove inizia la nebbia<\/a><\/em>. La scena non \u00e8 pi\u00f9 collocata nella bassa padovana; accade tutto nell&#8217;alto vicentino, a Thiene e dintorni, nuova sede di servizio del baffuto e aitante carabiniere. Vicino a una discarica viene ritrovato il corpo di un&#8217;anziana maestra e l&#8217;Arma \u00e8 chiamata a indagare. Inizialmente tutto porta a pensare che il colpevole possa individuarsi in un vicino campo nomadi. Ma Altasi &#8211; che ha subito &#8220;legato&#8221; con il vice-brigadiere Orpelli &#8211; \u00e8 perplesso. E lo \u00e8 anche Antonia, giornalista locale tanto determinata sul piano professionale quanto irrisolta su quello sentimentale. Tutto si ingarbuglia ancor di pi\u00f9 quando sopravviene un altro tragico lutto e viene scoperto pure un altro cadavere, quello di Tal, un giovane Rom con cui qualche anno addietro anche Orpelli aveva avuto qualche conto da regolare. Anche il vice-brigadiere, infatti, nasconde qualcosa. Chi sar\u00e0 mai, dunque, il responsabile di tutti questi delitti? Si nasconde addirittura tra gli inquirenti? C&#8217;\u00e8 forse di mezzo anche qualche losco traffico di armi e di rifiuti pericolosi? Per il maresciallo &#8211; confortato da un nuovo e fedele compagno e dal fascino della maestra Sara &#8211; \u00e8 tempo di decidere se fidarsi delle nuove amicizie o fermarsi di fronte alla presunta chiarezza di tanti indizi. La verit\u00e0, naturalmente, non \u00e8 mai quella pi\u00f9 facile da afferrare e l&#8217;assassino, come dice il vecchio adagio, <em>\u00e8 sempre il maggiordomo<\/em>.<\/p>\n<p>Insediamenti Rom e relativi pregiudizi; intrecci tra bassa politica, interessi imprenditoriali e indecifrabili traiettorie di personaggi sbandati; distruzione del paesaggio e avvelenamento del terreno; perdita della propria identit\u00e0 e frenesia di sicurezza; giornalisti maschilisti e giornaliste impegnate; insegnanti coraggiose e dirigenti scolastici pavidi e conformisti: gli ingredienti di questo romanzo sono tanti e, a dire il vero, cos\u00ec considerati, non prometterebbero bene. Perch\u00e9 sarebbe alto il rischio di assemblare una sintesi generica di mali fin troppo noti e di luoghi comuni altrettanto diffusi. Non che i fenomeni, gravi, cui questi mali si riferiscono non esistano; tutt&#8217;altro. E questo libro ce lo ricorda, seguendo a suo modo le tracce della tanta e feconda letteratura nera del Nord-est, in un poliziesco classico, dalla struttura circolare, per cui la soluzione si intravede sin dall\u2019inizio. All&#8217;Autrice, per\u00f2, le patologie socio-culturali servono solo per comporre il puzzle nel quale far agire il suo eroe e farne emergere al meglio le virt\u00f9. Rispetto al libro precedente, in particolare, <em>L&#8217;acqua del diavolo<\/em> &#8211; letterariamente parlando &#8211; segna il luogo della piena caratterizzazione di Altasi, vale a dire del suo assestamento credibile. Il pericolo insito nella banalit\u00e0 del contesto, dunque, viene assorbito nell&#8217;operazione, in larga misura riuscita, di far transitare il bravo carabiniere dalla fase crepuscolare (quasi fosse un&#8217;iniziazione) del primo romanzo ad un momento di crescita e di consolidamento, di familiarit\u00e0 e normalit\u00e0. In <em>Dove inizia la nebbia<\/em>, che per certi versi \u00e8 un racconto pi\u00f9 riuscito e sofisticato, Altasi emergeva come da un incubo fangoso e piovoso. Ora sappiamo che il personaggio pu\u00f2 esistere davvero e che si trova nell&#8217;anticamera di una metamorfosi ufficialmente matura, che &#8211; ci auspichiamo &#8211; si manifester\u00e0 pienamente nella risoluzione di prossimi e avvincenti casi pedemontani.<\/p>\n","protected":false},"excerpt":{"rendered":"<p>\u00c8 la seconda indagine per il maresciallo Altasi, che in tal modo torna a farsi vivo dopo il bel debutto di Dove inizia la nebbia. La scena non \u00e8 pi\u00f9 collocata nella bassa padovana; accade tutto nell&#8217;alto vicentino, a Thiene e dintorni, nuova sede di servizio del baffuto e aitante carabiniere. Vicino a una discarica <a href='http:\/\/fulviocortese.it\/?p=5456'>[&#8230;]<\/a><\/p>\n","protected":false},"author":1,"featured_media":0,"comment_status":"closed","ping_status":"open","sticky":false,"template":"","format":"standard","meta":{"footnotes":""},"categories":[1],"tags":[21,182,38,245],"class_list":["post-5456","post","type-post","status-publish","format-standard","hentry","category-biblio","tag-gialli","tag-paesaggio","tag-romanzo","tag-veneto","category-1-id","post-seq-1","post-parity-odd","full-content"],"_links":{"self":[{"href":"http:\/\/fulviocortese.it\/index.php?rest_route=\/wp\/v2\/posts\/5456","targetHints":{"allow":["GET"]}}],"collection":[{"href":"http:\/\/fulviocortese.it\/index.php?rest_route=\/wp\/v2\/posts"}],"about":[{"href":"http:\/\/fulviocortese.it\/index.php?rest_route=\/wp\/v2\/types\/post"}],"author":[{"embeddable":true,"href":"http:\/\/fulviocortese.it\/index.php?rest_route=\/wp\/v2\/users\/1"}],"replies":[{"embeddable":true,"href":"http:\/\/fulviocortese.it\/index.php?rest_route=%2Fwp%2Fv2%2Fcomments&post=5456"}],"version-history":[{"count":8,"href":"http:\/\/fulviocortese.it\/index.php?rest_route=\/wp\/v2\/posts\/5456\/revisions"}],"predecessor-version":[{"id":5464,"href":"http:\/\/fulviocortese.it\/index.php?rest_route=\/wp\/v2\/posts\/5456\/revisions\/5464"}],"wp:attachment":[{"href":"http:\/\/fulviocortese.it\/index.php?rest_route=%2Fwp%2Fv2%2Fmedia&parent=5456"}],"wp:term":[{"taxonomy":"category","embeddable":true,"href":"http:\/\/fulviocortese.it\/index.php?rest_route=%2Fwp%2Fv2%2Fcategories&post=5456"},{"taxonomy":"post_tag","embeddable":true,"href":"http:\/\/fulviocortese.it\/index.php?rest_route=%2Fwp%2Fv2%2Ftags&post=5456"}],"curies":[{"name":"wp","href":"https:\/\/api.w.org\/{rel}","templated":true}]}}