{"id":540,"date":"2012-04-26T22:01:43","date_gmt":"2012-04-26T21:01:43","guid":{"rendered":"http:\/\/fulviocortese.it\/?p=540"},"modified":"2012-04-26T22:01:43","modified_gmt":"2012-04-26T21:01:43","slug":"pecoranera-un-ragazzo-che-ha-scelto-di-vivere-nella-natura-devis-bonanni","status":"publish","type":"post","link":"http:\/\/fulviocortese.it\/?p=540","title":{"rendered":"Pecoranera. Un ragazzo che ha scelto di vivere nella natura (Devis Bonanni)"},"content":{"rendered":"<p><a href=\"http:\/\/www.marsilioeditori.it\/component\/marsilio\/libro\/3171181-pecoranera\"><img loading=\"lazy\" decoding=\"async\" class=\"alignleft\" title=\"devis\" src=\"http:\/\/www.marsilioeditori.it\/media\/libri\/3171181.jpg\" alt=\"\" width=\"127\" height=\"200\" \/><\/a>Devo dirlo subito, per evitare equivoci: non si creda che la segnalazione di questa lettura significhi necessariamente un elogio, in generale, della <em>vita nella natura<\/em> o, pi\u00f9 precisamente, dei progetti di auto-sufficienza alimentare che si vanno diffondendo assieme ai tanti <em>ecovillaggi<\/em> che se ne fanno promotori. Sarebbe troppo banale, troppo generico e, in fondo, troppo <em>buonista<\/em>. Ma sarebbe, soprattutto, ingeneroso nei confronti dell\u2019Autore, e ci\u00f2 per due ragioni.<\/p>\n<p>La prima: quella di Bonanni non \u00e8 una storia percorsa da un malinteso afflato <em>new age<\/em>. Si tratta della cronaca di un <em>percorso<\/em>, tanto precoce quanto difficile, di auto-formazione contadina e, contemporaneamente, di crescita personale e di indipendenza dai legami familiari, oltre che di graduale tirocinio alla condivisione della propria esperienza. Il giovane Devis, in altri termini, non ci parla di presunzioni cariche di verit\u00e0 naturalistiche da declamare o diffondere in modo soltanto astratto; ci parla, con grande sincerit\u00e0, di una vocazione dura e di una tenacia che pu\u00f2 conoscere anche momenti di crisi e di perplessit\u00e0, ma che dimostra, per ci\u00f2 solo, un\u2019intrinseca <em>nobilt\u00e0<\/em>. \u00c8 un racconto <em>vero<\/em>, che, anche quando strizza l\u2019occhio a suggestioni forse troppo classiche (Thoreau, London, Fukuoka&#8230;), vuole soltanto rendersi testimone di sensazioni, emozioni e riflessioni <em>radicate<\/em>, e quindi <em>universali<\/em>, anche se legate <em>soltanto<\/em> al primo orto, alla serra finalmente costruita, alla prima polenta, alla Carnia, a quei torrenti e a quei boschi, al freddo pungente dell\u2019inverno, alla passione per la bicicletta, agli errori che tutti, invariabilmente, facciamo, alla battaglia quitidiana tra sogni, aspirazioni e necessaria umilt\u00e0&#8230;<\/p>\n<p>Il secondo motivo, poi, per esprimere tutta la soddisfazione che questo libro pu\u00f2 dare \u00e8 di carattere intrinsecamente <em>letterario<\/em>: ci troviamo di fronte ad un giovane, nuovo e vero scrittore. Ed \u00e8 un evento, questo, che bisogna sempre onorare con il dovuto rispetto. Perch\u00e9 <em>Pecoranera<\/em> \u00e8 ben scritto, e le sporadiche ingenuit\u00e0 che lo percorrono, lungi dal generare delusioni improvvise e potenzialmente fatali, comprovano ulteriormente la spontaneit\u00e0 di un talento. <em>Rem tene, verba sequentur<\/em>, ammoniva Catone; e Bonanni pare aver metabolizzato del tutto la lezione, dimostrandoci che <em>sa<\/em> \u2013 verrebbe da dire, <em>sulla sua pelle<\/em> \u2013 ci\u00f2 di cui parla ed offrendoci, cos\u00ec, stile e linguaggio realmente adeguati alla materia e ai momenti in cui si articola tutto il suo complesso itinerario psicologico.<\/p>\n<p>Queste osservazioni, per\u00f2, non intendono rivolgere a Devis la stessa frase su cui si ferma a riflettere alla fine volume: \u201cSei troppo intelligente per coltivare la Terra\u201d. L\u2019Autore, infatti, \u00e8 <em>cos\u00ec<\/em> intelligente che la sua risposta sarebbe, ancora una volta, il semplice e disarmante invito che chiude il racconto (p. 199): \u201cDimenticatevi i massimi sistemi, le teorie che ci spiegano come dovrebbe andare il mondo, le prediche da fare e da subire. Non pensate a niente, se non a procurarvi pochi metri quadri di Terra, ovunque voi siate, che siano su un balcone o in mezzo ai rovi di una campagna dimenticata, da cui cominciare il vostro cambiamento. Se saranno pomodori o peperoni, mele o albicocche, fave o fagiolini, cavolfiori o biete, saranno loro, le piante, a condurvi per mano, a spiegarvi come si fa\u201d.<\/p>\n<p><a href=\"http:\/\/www.progettopecoranera.it\/\">Il <em>Progetto Pecoranera<\/em><\/a><\/p>\n","protected":false},"excerpt":{"rendered":"<p>Devo dirlo subito, per evitare equivoci: non si creda che la segnalazione di questa lettura significhi necessariamente un elogio, in generale, della vita nella natura o, pi\u00f9 precisamente, dei progetti di auto-sufficienza alimentare che si vanno diffondendo assieme ai tanti ecovillaggi che se ne fanno promotori. Sarebbe troppo banale, troppo generico e, in fondo, troppo <a href='http:\/\/fulviocortese.it\/?p=540'>[&#8230;]<\/a><\/p>\n","protected":false},"author":1,"featured_media":0,"comment_status":"closed","ping_status":"open","sticky":false,"template":"","format":"image","meta":{"footnotes":""},"categories":[1],"tags":[181,24,122],"class_list":["post-540","post","type-post","status-publish","format-image","hentry","category-biblio","tag-liberta","tag-montagna","tag-natura","post_format-post-format-image","category-1-id","post-seq-1","post-parity-odd","full-content"],"_links":{"self":[{"href":"http:\/\/fulviocortese.it\/index.php?rest_route=\/wp\/v2\/posts\/540","targetHints":{"allow":["GET"]}}],"collection":[{"href":"http:\/\/fulviocortese.it\/index.php?rest_route=\/wp\/v2\/posts"}],"about":[{"href":"http:\/\/fulviocortese.it\/index.php?rest_route=\/wp\/v2\/types\/post"}],"author":[{"embeddable":true,"href":"http:\/\/fulviocortese.it\/index.php?rest_route=\/wp\/v2\/users\/1"}],"replies":[{"embeddable":true,"href":"http:\/\/fulviocortese.it\/index.php?rest_route=%2Fwp%2Fv2%2Fcomments&post=540"}],"version-history":[{"count":2,"href":"http:\/\/fulviocortese.it\/index.php?rest_route=\/wp\/v2\/posts\/540\/revisions"}],"predecessor-version":[{"id":542,"href":"http:\/\/fulviocortese.it\/index.php?rest_route=\/wp\/v2\/posts\/540\/revisions\/542"}],"wp:attachment":[{"href":"http:\/\/fulviocortese.it\/index.php?rest_route=%2Fwp%2Fv2%2Fmedia&parent=540"}],"wp:term":[{"taxonomy":"category","embeddable":true,"href":"http:\/\/fulviocortese.it\/index.php?rest_route=%2Fwp%2Fv2%2Fcategories&post=540"},{"taxonomy":"post_tag","embeddable":true,"href":"http:\/\/fulviocortese.it\/index.php?rest_route=%2Fwp%2Fv2%2Ftags&post=540"}],"curies":[{"name":"wp","href":"https:\/\/api.w.org\/{rel}","templated":true}]}}