{"id":5037,"date":"2015-08-09T15:37:04","date_gmt":"2015-08-09T14:37:04","guid":{"rendered":"http:\/\/fulviocortese.it\/?p=5037"},"modified":"2015-08-09T15:37:04","modified_gmt":"2015-08-09T14:37:04","slug":"luomo-con-la-valigia-francesco-recami","status":"publish","type":"post","link":"http:\/\/fulviocortese.it\/?p=5037","title":{"rendered":"L&#8217;uomo con la valigia (Francesco Recami)"},"content":{"rendered":"<p><a href=\"http:\/\/sellerio.it\/it\/catalogo\/Uomo-Valigia\/Recami\/8245 \"><img loading=\"lazy\" decoding=\"async\" class=\"alignleft\" src=\"http:\/\/sellerio.it\/upload\/assets\/files\/841,it,8245\/5413-3.jpg\" alt=\"\" width=\"224\" height=\"313\" \/><\/a>Come ogni anno, Recami arriva puntuale nel momento del riposo e dello svago. Questa volta l&#8217;Amedeo Consonni &#8211; un po&#8217; pensionato, un po&#8217; appassionato di cronaca nera; ma son cose che ormai si sanno &#8211; viene coinvolto in un caso stranissimo: c&#8217;\u00e8 un delitto di mezzo, e qualcuno ha cercato di incastrarlo, riuscendo addirittura a fotografarlo con l&#8217;arma del delitto insanguinata tra le mani. E cos\u00ec \u00e8 subito fuga, con travestimenti annessi; ed \u00e8 anche indagine serrata a Milano e dintorni, tra appartamenti studenteschi, centri sociali, B&amp;B, alberghetti&#8230; Nel frattempo, tutto il suo condominio &#8211; l&#8217;ormai famosa &#8220;casa di ringhiera&#8221; &#8211; \u00e8 scosso: dalla scomparsa dell&#8217;Amedeo, certo, ma anche dalle strane manovre di due nuovi proprietari, due architetti radical chic che fanno di tutto per non nascondere le loro mire &#8220;espansionistiche&#8221; su tutti gli immobili dello stabile. Come sempre, la Mattioli, la compagna del Consonni, non ci sta, anche se questa volta proprio non riesce a capire che cosa sia accaduto al suo Amedeo. Non lo capisce nessuno, in verit\u00e0: non lo comprende la figlia Caterina, non lo sa il vispo nipotino Enrico, non lo immagina neppure quella pettegola della Mattei-Ferri. Sa qualcosa il vecchio Luis, ma deve tacere; e in fondo quello che sa glielo ha detto proprio il Consonni, che, come si chiarir\u00e0 nel concitato finale, non aveva capito niente neppure lui.<\/p>\n<p>Il ciclo della &#8220;casa di ringhiera&#8221; \u00e8 sempre divertente. Importa poco pensare che una penna d&#8217;eccezione si misuri ripetutamente in quello che ha tutti i crismi, ormai, di un successo di cassetta: anche per questo genere di cose ci vogliono continuit\u00e0 e grazia; e sono, entrambe, doti che solo un ottimo scrittore pu\u00f2 governare. Questa volta Recami si prende un po&#8217; in giro, ingannando i suoi personaggi e canzonando anche il genere giallo e gli stereotipi che lo animano, che in definitiva sono quelli, tanti, che si nascondono dormienti nel qualunquismo dell&#8217;appassionato medio, e specialmente dell&#8217;amante dell&#8217;intrigo. Durante il racconto, si pensa subito all&#8217;immarcescibile tenuta della &#8220;commedia degli equivoci&#8221;, come schema che non tradisce mai, anche quando viene utilizzato per rovesciare in un nulla di fatto lo stratagemma scenico della riunione finale a la Hercule Poirot. Ma la mente corre anche all&#8217;auspicio che di questi episodi cos\u00ec ben (e facilmente) scritti &#8211; e pubblicati tutti da Sellerio &#8211; si realizzi una bella riduzione cinematografica, magari con <a href=\"http:\/\/www.mymovies.it\/biografia\/?a=26822\">Catherine Frot<\/a> e <a href=\"http:\/\/www.mymovies.it\/biografia\/?a=6501\">Andr\u00e9 Dussollier<\/a> nei panni, rispettivamente, della Mattioli e del Consonni. La coppia semiseria di <em><a href=\"http:\/\/www.mymovies.it\/dizionario\/recensione.asp?id=43867\">Due per un delitto<\/a><\/em> \u00e8 garanzia di ironia e &#8220;movimento&#8221; anche sul grande schermo; a patto che Luis De Angelis sia interpretato da un improbabile Nino Frassica (o viceversa da un azzeccatissimo Niels Arestrup) e Caterina Consonni da una altrettanto impropria (ma deliziosamente irritante) Alba Rohrwacher. La paella di mezza estate, allora, sarebbe veramente servita e la grassa risata assicurata.<\/p>\n","protected":false},"excerpt":{"rendered":"<p>Come ogni anno, Recami arriva puntuale nel momento del riposo e dello svago. Questa volta l&#8217;Amedeo Consonni &#8211; un po&#8217; pensionato, un po&#8217; appassionato di cronaca nera; ma son cose che ormai si sanno &#8211; viene coinvolto in un caso stranissimo: c&#8217;\u00e8 un delitto di mezzo, e qualcuno ha cercato di incastrarlo, riuscendo addirittura a <a href='http:\/\/fulviocortese.it\/?p=5037'>[&#8230;]<\/a><\/p>\n","protected":false},"author":1,"featured_media":0,"comment_status":"closed","ping_status":"open","sticky":false,"template":"","format":"standard","meta":{"footnotes":""},"categories":[1],"tags":[175,78,38],"class_list":["post-5037","post","type-post","status-publish","format-standard","hentry","category-biblio","tag-giallo","tag-milano","tag-romanzo","category-1-id","post-seq-1","post-parity-odd","full-content"],"_links":{"self":[{"href":"http:\/\/fulviocortese.it\/index.php?rest_route=\/wp\/v2\/posts\/5037","targetHints":{"allow":["GET"]}}],"collection":[{"href":"http:\/\/fulviocortese.it\/index.php?rest_route=\/wp\/v2\/posts"}],"about":[{"href":"http:\/\/fulviocortese.it\/index.php?rest_route=\/wp\/v2\/types\/post"}],"author":[{"embeddable":true,"href":"http:\/\/fulviocortese.it\/index.php?rest_route=\/wp\/v2\/users\/1"}],"replies":[{"embeddable":true,"href":"http:\/\/fulviocortese.it\/index.php?rest_route=%2Fwp%2Fv2%2Fcomments&post=5037"}],"version-history":[{"count":4,"href":"http:\/\/fulviocortese.it\/index.php?rest_route=\/wp\/v2\/posts\/5037\/revisions"}],"predecessor-version":[{"id":5041,"href":"http:\/\/fulviocortese.it\/index.php?rest_route=\/wp\/v2\/posts\/5037\/revisions\/5041"}],"wp:attachment":[{"href":"http:\/\/fulviocortese.it\/index.php?rest_route=%2Fwp%2Fv2%2Fmedia&parent=5037"}],"wp:term":[{"taxonomy":"category","embeddable":true,"href":"http:\/\/fulviocortese.it\/index.php?rest_route=%2Fwp%2Fv2%2Fcategories&post=5037"},{"taxonomy":"post_tag","embeddable":true,"href":"http:\/\/fulviocortese.it\/index.php?rest_route=%2Fwp%2Fv2%2Ftags&post=5037"}],"curies":[{"name":"wp","href":"https:\/\/api.w.org\/{rel}","templated":true}]}}