{"id":491,"date":"2012-03-16T13:44:51","date_gmt":"2012-03-16T12:44:51","guid":{"rendered":"http:\/\/fulviocortese.it\/?p=491"},"modified":"2012-03-16T13:44:51","modified_gmt":"2012-03-16T12:44:51","slug":"lerba-cattiva-ago-panini","status":"publish","type":"post","link":"http:\/\/fulviocortese.it\/?p=491","title":{"rendered":"L\u2019erba cattiva (Ago Panini)"},"content":{"rendered":"<p><a href=\"http:\/\/www.indianaeditore.com\/collane\/erba-cattiva\/\"><img loading=\"lazy\" decoding=\"async\" class=\"alignleft\" title=\"panini\" src=\"http:\/\/www.indianaeditore.com\/wp-content\/uploads\/erba-cattiva1.png\" alt=\"\" width=\"244\" height=\"294\" \/><\/a>\u00c8 semplicemente un bel libro, ben scritto, rapido, evocativo. Insomma: <em>this book rocks!<\/em> Perch\u00e9 non \u00e8 solo un romanzo generazionale ed autobiografico; \u00e8 un racconto \u201cche spacca\u201d sulla forza del rock e su quella che si potrebbe definire come <em>rockness<\/em>, cifra distintiva ed inimitabile di un genere musicale tanto maledetto quanto potente, esuberante, energetico e, a suo modo, formativo.<\/p>\n<p>In effetti, <em>L\u2019erba cattiva<\/em> \u00e8 anche un romanzo di formazione, sospeso tra l\u2019inizio degli anni Ottanta e tutti gli anni Novanta, la storia di un ragazzo che, cresciuto immerso nella musica classica, alle soglie dell\u2019adolescenza \u2013 che \u00e8 sempre e rigorosamente una Rivoluzione \u2013 scopre i Clash e gli AC\/DC, compra la prima chitarra elettrica e cambia per sempre la sua vita, cambiando anche scuola, ma cambiando, in generale, il suo sguardo sul mondo, e scoprendo l\u2019amicizia e l\u2019amore, con la loro inimitabile bellezza e con la loro tragica tristezza.<\/p>\n<p>E da questo momento in poi il libro \u00e8 una lunga corsa, una colonna sonora impagabile, un <em>riff<\/em> suonato veloce, anni che si susseguono vorticosamente, come i tanti incontri surreali, i tanti \u201cpersonaggi\u201d, i tanti episodi \u201cmitici\u201d, le manifestazioni di piazza, i vari gruppi fondati e sciolti, i pi\u00f9 diversi generi musicali, le esclamazioni e lo <em>slang<\/em> della giovinezza pi\u00f9 vera. C\u2019\u00e8 anche un esame universitario sostenuto brillantemente dopo un\u2019incredibile <em>performance<\/em> notturna al Leonkavallo di Milano, ci sono molti eccessi, i <em>tour<\/em> impossibili e sgangherati, i momenti di crescita e di riflessione. C\u2019\u00e8 persino un Enzo Jannacci nella sua veste di medico (ch\u00e9 questo \u00e8 stato il suo vero mestiere). Ma al giovane protagonista e ai suoi compagni di avventura non mancano anche i clamorosi successi.<\/p>\n<p>Un\u2019esperienza dapprima amatoriale, quella tipica di tanti ragazzi e della loro <em>band<\/em>, formatasi sui banchi di scuola ed affinatasi tra parchi pubblici, feste private e centri sociali, cresce e si trasforma, con il battito pulsante e la vigoria contagiosa e distruttiva delle formazioni rock pi\u00f9 autentiche. Le<em> gigs<\/em> diventano addirittura Arezzo Wave, il concertone del Primo Maggio e un disco per la EMI; eppure tutto questo, improvvisamente, ha una fine. Che, come sempre, \u00e8 un nuovo inizio, come ben si addice, comunque, al risultato che ci porta tutti alla tanto attesa e tanto temuta maturit\u00e0: \u201cSento che ho vissuto tantissimo sin qui. Ho vissuto forte, controvento e controluce. Ci ho provato in tutti i modi a cambiare il mondo. Mi sono sentito i Clash nelle ossa e Angus nei piedi, ho sentito Miles tra le dita e Tom Waits nel naso. Sono cresciuto, le mie ossa hanno tenuto botta, non mi sono spezzato. E va bene cos\u00ec. Ascolto il lunghissimo <em>fade<\/em> di questo pezzo che non vuole finire, immagino le mani del fonico che piano, piano piano, pianissimo abbassano il volume, mentre il coro, il ritornello, il tema di fiati vanno avanti. Il volume si abbassa, ma il pezzo non finisce, si fonde con qualcosa di diverso, diventa sogno, diventa memoria. Diventa vita. Diventa amore\u201d (p. 216).<\/p>\n<p>Non \u00e8 il Brizzi di <em>Jack Frusciante \u00e8 uscito dal gruppo<\/em>; questo libro \u00e8 una cosa diversa. Ma non sarebbe male se gli arridesse la stessa fortuna. E se di questa fortuna potesse godere anche la casa editrice, esordiente, che lo ha lanciato.<\/p>\n<p><a href=\"http:\/\/erbacattiva.it\/\">Contenuti <em>extra<\/em><\/a><\/p>\n","protected":false},"excerpt":{"rendered":"<p>\u00c8 semplicemente un bel libro, ben scritto, rapido, evocativo. Insomma: this book rocks! Perch\u00e9 non \u00e8 solo un romanzo generazionale ed autobiografico; \u00e8 un racconto \u201cche spacca\u201d sulla forza del rock e su quella che si potrebbe definire come rockness, cifra distintiva ed inimitabile di un genere musicale tanto maledetto quanto potente, esuberante, energetico e, <a href='http:\/\/fulviocortese.it\/?p=491'>[&#8230;]<\/a><\/p>\n","protected":false},"author":1,"featured_media":0,"comment_status":"closed","ping_status":"open","sticky":false,"template":"","format":"image","meta":{"footnotes":""},"categories":[1],"tags":[163,55,162,38],"class_list":["post-491","post","type-post","status-publish","format-image","hentry","category-biblio","tag-adolescenza","tag-musica","tag-rock","tag-romanzo","post_format-post-format-image","category-1-id","post-seq-1","post-parity-odd","full-content"],"_links":{"self":[{"href":"http:\/\/fulviocortese.it\/index.php?rest_route=\/wp\/v2\/posts\/491","targetHints":{"allow":["GET"]}}],"collection":[{"href":"http:\/\/fulviocortese.it\/index.php?rest_route=\/wp\/v2\/posts"}],"about":[{"href":"http:\/\/fulviocortese.it\/index.php?rest_route=\/wp\/v2\/types\/post"}],"author":[{"embeddable":true,"href":"http:\/\/fulviocortese.it\/index.php?rest_route=\/wp\/v2\/users\/1"}],"replies":[{"embeddable":true,"href":"http:\/\/fulviocortese.it\/index.php?rest_route=%2Fwp%2Fv2%2Fcomments&post=491"}],"version-history":[{"count":2,"href":"http:\/\/fulviocortese.it\/index.php?rest_route=\/wp\/v2\/posts\/491\/revisions"}],"predecessor-version":[{"id":493,"href":"http:\/\/fulviocortese.it\/index.php?rest_route=\/wp\/v2\/posts\/491\/revisions\/493"}],"wp:attachment":[{"href":"http:\/\/fulviocortese.it\/index.php?rest_route=%2Fwp%2Fv2%2Fmedia&parent=491"}],"wp:term":[{"taxonomy":"category","embeddable":true,"href":"http:\/\/fulviocortese.it\/index.php?rest_route=%2Fwp%2Fv2%2Fcategories&post=491"},{"taxonomy":"post_tag","embeddable":true,"href":"http:\/\/fulviocortese.it\/index.php?rest_route=%2Fwp%2Fv2%2Ftags&post=491"}],"curies":[{"name":"wp","href":"https:\/\/api.w.org\/{rel}","templated":true}]}}