{"id":463,"date":"2012-02-19T18:56:40","date_gmt":"2012-02-19T17:56:40","guid":{"rendered":"http:\/\/fulviocortese.it\/?p=463"},"modified":"2012-02-19T18:57:48","modified_gmt":"2012-02-19T17:57:48","slug":"dostoevskij-legge-hegel-in-siberia-e-scoppia-a-piangere-lazlo-f-foldenyi","status":"publish","type":"post","link":"http:\/\/fulviocortese.it\/?p=463","title":{"rendered":"Dostoevskij legge Hegel in Siberia e scoppia a piangere (L\u00e1zl\u00f3 F. F\u00f6ld\u00e9nyi)"},"content":{"rendered":"<p><a href=\"http:\/\/www.ilmelangolo.com\/index.php?page=shop.product_details&amp;flypage=flypage.tpl&amp;product_id=3031&amp;category_id=388&amp;option=com_virtuemart&amp;Itemid=59&amp;vmcchk=1&amp;Itemid=59\"><img loading=\"lazy\" decoding=\"async\" class=\"alignleft\" title=\"dostoevskij\" src=\"http:\/\/www.ilmelangolo.com\/components\/com_virtuemart\/shop_image\/product\/resized\/Dostoevskij_legg_4c45c2e259271_90x120.jpg\" alt=\"\" width=\"78\" height=\"120\" \/><\/a>\u201cLa civilt\u00e0 contemporanea ripone tutta la fiducia nelle soluzioni pratiche e mette, anche senza dichiararlo, fra parentesi tutto quello che minaccia il proprio ottimismo. Eppure tutto l\u2019orrore non \u00e8 solo un difetto di funzionamento, ma il rovescio di quello che la civilt\u00e0 odierna ammira con tanto entusiasmo\u201d (p. 56).<\/p>\n<p>Questo \u00e8, in estrema sintesi, il messaggio che F\u00f6ld\u00e9nyi vuole veicolare in questo piccolo <em>esperimento pedagogico<\/em>. Lo definisco cos\u00ec, poich\u00e9 non \u00e8 un saggio <em>su <\/em>Hegel <em>in <\/em>Dostoevskij; poich\u00e9 \u00e8 un lavoro che intende dimostrare e trasmettere qualcosa; e poich\u00e9 muove, con una finalit\u00e0 ben precisa, da un intreccio argomentato di storia e di finzione, dall\u2019immagine, cio\u00e8, <em>quasi teatrale<\/em> di Dostoevskij condannato in Siberia (fatto reale) e sorpreso a piangere durante la lettura di alcuni passaggi delle <em>Lezioni sulla filosofia della storia<\/em> di Hegel (fatto immaginato). Una simile rappresentazione consente all\u2019Autore ungherese di dipingere in modo pressoch\u00e9 indimenticabile un\u2019idea molto forte, a sintesi delle evoluzioni pi\u00f9 profonde del pensiero occidentale. Come se ci trovassimo di fronte ad un\u2019icona.<\/p>\n<p>Che cosa fa piangere Dostoevskij? L\u2019affermazione di Hegel sulla Siberia, considerata \u201cfuori dalla storia\u201d, alla stessa stregua dell\u2019Africa, misteriosa e incomprensibile. Eppure, il sentirsi completamente trascurato dalla visione razionalistica propugnata dal filosofo tedesco e dalle sue sperimentazioni viventi e progressive, \u00e8 l\u2019occasione, per il grande scrittore russo, di un momento di intima comprensione. Ci sono luoghi, cio\u00e8, in cui neppure la ragione pu\u00f2 giungere e rispetto ai quali solo il miracolo pu\u00f2 avere un valore salvifico. Anzi, questi luoghi meritano tanto pi\u00f9 attenzione, per ascoltare ci\u00f2 che la ragione non pu\u00f2 mai travolgere, ossia per difendere uno spazio autentico di libert\u00e0: \u201cNon si pu\u00f2 parlare di libert\u00e0 se infinito e trascendenza si perdono dietro cose limitate. Il dio assoggettato alla razionalit\u00e0 non \u00e8 il dio della libert\u00e0 ma della politica, della conquista e della colonizzazione\u201d (p. 31).<\/p>\n<p>Le pagine oscure dell\u2019Occidente si spiegherebbero, dunque, alla luce del processo di secolarizzazione, che eleva la ragione e le sue manifestazioni, anche istituzionali, a misura onnicomprensiva, potenzialmente onnivora e violenta. La tesi di F\u00f6ld\u00e9nyi non \u00e8 nuova; ma il metodo della sua illustrazione \u00e8 davvero incisivo, e assicura, ben al di l\u00e0 del brevissimo tempo che occorre alla lettura, intermezzi notevoli di suggestione, riflessione e approfondimento.<\/p>\n<p><a href=\"http:\/\/editdomjan.blogspot.com\/2012\/01\/laszlo-f-foldenyi-congedo-dalla-cultura.html\">Un altro breve pezzo di L\u00e1zl\u00f3 F. F\u00f6ld\u00e9nyi (<em>Congedo dalla cultura<\/em>)<\/a><\/p>\n<p><a href=\"http:\/\/www.philosophia-online.de\/mafo\/heft2001-01\/foeldenyigespraech.htm\">Una conversazione (in tedesco) con L\u00e1zl\u00f3 F. F\u00f6ld\u00e9nyi<\/a><\/p>\n","protected":false},"excerpt":{"rendered":"<p>\u201cLa civilt\u00e0 contemporanea ripone tutta la fiducia nelle soluzioni pratiche e mette, anche senza dichiararlo, fra parentesi tutto quello che minaccia il proprio ottimismo. Eppure tutto l\u2019orrore non \u00e8 solo un difetto di funzionamento, ma il rovescio di quello che la civilt\u00e0 odierna ammira con tanto entusiasmo\u201d (p. 56). Questo \u00e8, in estrema sintesi, il <a href='http:\/\/fulviocortese.it\/?p=463'>[&#8230;]<\/a><\/p>\n","protected":false},"author":1,"featured_media":0,"comment_status":"closed","ping_status":"open","sticky":false,"template":"","format":"image","meta":{"footnotes":""},"categories":[1],"tags":[150,149,152,151],"class_list":["post-463","post","type-post","status-publish","format-image","hentry","category-biblio","tag-dostoevskij","tag-hegel","tag-ragione","tag-siberia","post_format-post-format-image","category-1-id","post-seq-1","post-parity-odd","full-content"],"_links":{"self":[{"href":"http:\/\/fulviocortese.it\/index.php?rest_route=\/wp\/v2\/posts\/463","targetHints":{"allow":["GET"]}}],"collection":[{"href":"http:\/\/fulviocortese.it\/index.php?rest_route=\/wp\/v2\/posts"}],"about":[{"href":"http:\/\/fulviocortese.it\/index.php?rest_route=\/wp\/v2\/types\/post"}],"author":[{"embeddable":true,"href":"http:\/\/fulviocortese.it\/index.php?rest_route=\/wp\/v2\/users\/1"}],"replies":[{"embeddable":true,"href":"http:\/\/fulviocortese.it\/index.php?rest_route=%2Fwp%2Fv2%2Fcomments&post=463"}],"version-history":[{"count":3,"href":"http:\/\/fulviocortese.it\/index.php?rest_route=\/wp\/v2\/posts\/463\/revisions"}],"predecessor-version":[{"id":466,"href":"http:\/\/fulviocortese.it\/index.php?rest_route=\/wp\/v2\/posts\/463\/revisions\/466"}],"wp:attachment":[{"href":"http:\/\/fulviocortese.it\/index.php?rest_route=%2Fwp%2Fv2%2Fmedia&parent=463"}],"wp:term":[{"taxonomy":"category","embeddable":true,"href":"http:\/\/fulviocortese.it\/index.php?rest_route=%2Fwp%2Fv2%2Fcategories&post=463"},{"taxonomy":"post_tag","embeddable":true,"href":"http:\/\/fulviocortese.it\/index.php?rest_route=%2Fwp%2Fv2%2Ftags&post=463"}],"curies":[{"name":"wp","href":"https:\/\/api.w.org\/{rel}","templated":true}]}}