{"id":4437,"date":"2015-03-27T11:00:38","date_gmt":"2015-03-27T10:00:38","guid":{"rendered":"http:\/\/fulviocortese.it\/?p=4437"},"modified":"2015-03-27T11:00:38","modified_gmt":"2015-03-27T10:00:38","slug":"nel-caffe-della-gioventu-perduta-patrick-modiano","status":"publish","type":"post","link":"http:\/\/fulviocortese.it\/?p=4437","title":{"rendered":"Nel caff\u00e8 della giovent\u00f9 perduta (Patrick Modiano)"},"content":{"rendered":"<p><a href=\"http:\/\/www.einaudi.it\/libri\/libro\/patrick-modiano\/nel-caff-della-giovent-perduta\/978880622599\"><img loading=\"lazy\" decoding=\"async\" class=\"alignleft\" src=\"http:\/\/www.einaudi.it\/media\/img\/978880622599GRA.jpg\" alt=\"\" width=\"250\" height=\"375\" \/><\/a>\u00c8 un romanzo molto breve, dal ritmo lento e meditativo di un classico film francese; ed \u00e8 semplicemente perfetto: nell&#8217;ambientazione parigina, nello stile evocativo, nella meccanica delle emozioni, nella rievocazione dei sogni e del destino di un&#8217;intera generazione. Vi si raccontano alcuni spezzoni della storia di una ragazza, la bella e malinconica Louki. Cos\u00ec la chiamavano gli avventori del caff\u00e8 Cond\u00e9: lo apprendiamo dalla prima delle quattro voci narranti, quella di un anonimo, anch&#8217;egli affezionato a quel crocevia di intellettuali, perdigiorno, giocatori di carte e giovani alla ricerca di s\u00e9. La seconda voce, invece, appartiene a un investigatore privato, ingaggiato dal signor Choureau affinch\u00e9 ritrovi la moglie, Jacqueline Delanque. Questo \u00e8 il vero nome di Louki, che frequentava assiduamente anche il circolo esoterico di Guy de Vere; Choureau era il capo dell&#8217;ufficio in cui lavorava, si erano sposati dopo pochi mesi dal loro primo incontro. La terza voce \u00e8 della stessa Louki, che ricorda le passeggiate notturne che faceva sin da bambina, approfittando dell&#8217;assenza della madre, di turno al Moulin Rouge. Qui veniamo informati della sua amicizia con Jeannette Gaul e dell&#8217;iniziazione a pericolose abitudini e ambigue frequentazioni. Il quarto a parlare \u00e8 Roland, un giovane e spiantato aspirante scrittore, che si era innamorato di Louki dopo averla conosciuta alle riunioni di Guy de Vere. Roland rammenta il periodo in cui hanno convissuto, peregrinando tra le camere di piccoli alberghi e aspettando di incrociare la felicit\u00e0 che il destino avrebbe potuto serbargli. I ricordi di Roland continuano anche nell&#8217;ultimo capitolo, che \u00e8 collocato, cronologicamente, molti anni dopo, e ci svela l&#8217;amaro segreto di tutta la vicenda.<\/p>\n<p>Patrick Modiano \u00e8 lo scrittore cui \u00e8 stato assegnato il <a href=\"http:\/\/www.carmillaonline.com\/2014\/11\/13\/nobel-per-letteratura-citta-parigi\/\">Nobel per la letteratura nel 2014<\/a>. Il punto forte di questo libro non \u00e8 la trama, che pure produce una certa suspense, e non \u00e8 neanche la suggestione socio-culturale, palese nell&#8217;evocazione esplicita di <a href=\"http:\/\/www.lutherblissett.net\/archive\/052_it.html\">Guy Debord<\/a>, da una cui frase (posta in principio, a mo&#8217; di dedica) \u00e8 preso il titolo del romanzo. La peculiarit\u00e0 della scrittura di Modiano \u00e8 un dolce effetto ipnotico, che discende da una padronanza assoluta della fenomenologia e della topografia del ricordo. Si sono spesi i paragoni con Proust, ma quella di Modiano \u00e8 una ricerca diversa, quasi <em>astronomica<\/em>\u00a0e <em>paradossale<\/em>, come se si dovessero, cio\u00e8, individuare, nella galassia di esistenze ineluttabilmente dirette al fallimento, i buchi neri \u00a0in cui quelle vite avrebbero potuto lasciarsi cadere, per passare, cos\u00ec, ad un&#8217;altra dimensione. \u00c8 come se si trattasse, quindi, di compiere un\u2019operazione inversa a quella che si potrebbe spontaneamente immaginare: non a caso, lo sforzo di Roland \u00e8 cercare le \u201czone neutre\u201d, i luoghi (dimenticati o sospesi) della citt\u00e0 nei quali (soli) intuisce di poter riuscire a vivere con Louki, al di fuori degli snodi della comune quotidianit\u00e0, che purtroppo pare inchiodare i due personaggi ad un non futuro. In questo c\u2019\u00e8 un invito, da parte di Modiano, a nutrirsi, quanto possibile, della sapienza degli <em>spazi propri<\/em>, l\u2019unica realt\u00e0 in cui \u00e8 verosimile riacciuffare se stessi, il proprio originario e autentico legame con le cose e con le persone che le hanno abitate, le poche opportunit\u00e0 di svolta; ma nella quale si pu\u00f2 sempre incappare nelle insidie e nei vuoti di solitudine che questa maieutica prefigura naturalmente per chiunque la voglia assecondare. Tra le tante interpretazioni di questo agile racconto, non \u00e8 mancata quella di chi, proprio facendo leva sulla minuziosa geografia ricostruita dall\u2019Autore, ha segnalato vistose e complicate ricorrenze con il viaggio dantesco della <a href=\"file:\/\/\/C:\/Users\/Fulvino\/Downloads\/127-530-5-PB.pdf\">Divina Commedia<\/a>. Forse non \u00e8 un puro gioco filologico: Modiano \u00e8 davvero impegnato in un <em>itinerarium mentis<\/em>, del tutto laico, nel quale caduta e redenzione sono attingibili allo stesso grado, e in cui il vissuto e l\u2019autocoscienza di ciascuno sono costantemente esposti alla crudeli occasioni di una scena mutevole ed eterna allo stesso tempo.<\/p>\n<p>Recensione (di <a href=\"http:\/\/ricerca.repubblica.it\/repubblica\/archivio\/repubblica\/2010\/11\/06\/patrick-modiano.html\">Fabio Gambaro<\/a>)<\/p>\n<p><a href=\"http:\/\/www.linkiesta.it\/patrick-modiano-libri-traduzione-italiana-opinione\">Modiano secondo Modiano<\/a><\/p>\n","protected":false},"excerpt":{"rendered":"<p>\u00c8 un romanzo molto breve, dal ritmo lento e meditativo di un classico film francese; ed \u00e8 semplicemente perfetto: nell&#8217;ambientazione parigina, nello stile evocativo, nella meccanica delle emozioni, nella rievocazione dei sogni e del destino di un&#8217;intera generazione. Vi si raccontano alcuni spezzoni della storia di una ragazza, la bella e malinconica Louki. Cos\u00ec la <a href='http:\/\/fulviocortese.it\/?p=4437'>[&#8230;]<\/a><\/p>\n","protected":false},"author":1,"featured_media":0,"comment_status":"closed","ping_status":"open","sticky":false,"template":"","format":"standard","meta":{"footnotes":""},"categories":[1],"tags":[316,242,147,367,38],"class_list":["post-4437","post","type-post","status-publish","format-standard","hentry","category-biblio","tag-citta","tag-condizione-umana","tag-francia","tag-parigi","tag-romanzo","category-1-id","post-seq-1","post-parity-odd","full-content"],"_links":{"self":[{"href":"http:\/\/fulviocortese.it\/index.php?rest_route=\/wp\/v2\/posts\/4437","targetHints":{"allow":["GET"]}}],"collection":[{"href":"http:\/\/fulviocortese.it\/index.php?rest_route=\/wp\/v2\/posts"}],"about":[{"href":"http:\/\/fulviocortese.it\/index.php?rest_route=\/wp\/v2\/types\/post"}],"author":[{"embeddable":true,"href":"http:\/\/fulviocortese.it\/index.php?rest_route=\/wp\/v2\/users\/1"}],"replies":[{"embeddable":true,"href":"http:\/\/fulviocortese.it\/index.php?rest_route=%2Fwp%2Fv2%2Fcomments&post=4437"}],"version-history":[{"count":12,"href":"http:\/\/fulviocortese.it\/index.php?rest_route=\/wp\/v2\/posts\/4437\/revisions"}],"predecessor-version":[{"id":4449,"href":"http:\/\/fulviocortese.it\/index.php?rest_route=\/wp\/v2\/posts\/4437\/revisions\/4449"}],"wp:attachment":[{"href":"http:\/\/fulviocortese.it\/index.php?rest_route=%2Fwp%2Fv2%2Fmedia&parent=4437"}],"wp:term":[{"taxonomy":"category","embeddable":true,"href":"http:\/\/fulviocortese.it\/index.php?rest_route=%2Fwp%2Fv2%2Fcategories&post=4437"},{"taxonomy":"post_tag","embeddable":true,"href":"http:\/\/fulviocortese.it\/index.php?rest_route=%2Fwp%2Fv2%2Ftags&post=4437"}],"curies":[{"name":"wp","href":"https:\/\/api.w.org\/{rel}","templated":true}]}}