{"id":4329,"date":"2015-03-02T21:31:07","date_gmt":"2015-03-02T20:31:07","guid":{"rendered":"http:\/\/fulviocortese.it\/?p=4329"},"modified":"2015-03-18T14:48:09","modified_gmt":"2015-03-18T13:48:09","slug":"la-piccola-eguaglianza-michele-ainis","status":"publish","type":"post","link":"http:\/\/fulviocortese.it\/?p=4329","title":{"rendered":"La piccola eguaglianza (Michele Ainis)"},"content":{"rendered":"<p><a href=\"http:\/\/www.einaudi.it\/libri\/libro\/michele-ainis\/la-piccola-eguaglianza\/978880622040\"><img loading=\"lazy\" decoding=\"async\" class=\"alignleft\" src=\"http:\/\/www.einaudi.it\/media\/img\/978880622040GRA.jpg\" alt=\"\" width=\"250\" height=\"431\" \/><\/a>Questo breve saggio sul principio di eguaglianza e su ci\u00f2 che lo mette in crisi si articola in sei capitoli. Il primo chiama subito in causa la disperante concretezza del tema e si risolve in una carrellata di esempi, tratti dalla cronaca, su quale sia, nel nostro paese, la varia e diffusa fenomenologia della discriminazione. Il secondo capitolo spiega preliminarmente quale sia l\u2019approccio migliore per garantire l\u2019eguaglianza, suggerendo che il principio possa garantirsi in modo credibile solo in una prospettiva <em>relativa<\/em> \u2013 definita dall\u2019Autore come \u201cmolecolare\u201d \u2013 e quindi resistendo alla tentazione di \u201calzare gli occhi al cielo\u201d e di voler realizzare un\u2019impossibile eguaglianza assoluta. Proprio in questa direzione, il terzo capitolo chiarisce in modo sintetico, ma efficace, come la dottrina costituzionalistica e la Corte costituzionale abbiano elaborato e consolidato precise tecniche di analisi per verificare il puntuale rispetto del principio da parte del legislatore. Il quarto capitolo si domanda se esitano anche dei criteri positivi per guardare all\u2019eguaglianza, da un lato evidenziando che il principio non esige sempre una parit\u00e0 di trattamento verso l\u2019alto o verso il basso (dipende dalla rilevanza costituzionale del \u201cdiritto\u201d cui di volta in volta si ambisce), dall\u2019altro ricordando che alla base di una corretta metabolizzazione dell\u2019eguaglianza sta la consapevolezza che essa non serve per assicurare a tutti un identico punto d\u2019arrivo, bens\u00ec per consentire a ciascuno di esprimere le proprie capacit\u00e0. Il quinto capitolo, allora, \u00e8 la <em>mise en place<\/em> delle acquisizioni maturate nel corso della trattazione, volgendo cos\u00ec lo sguardo, in modo talvolta originale, a fattori differenzianti ancora e sempre particolarmente spinosi (il sesso, l\u2019et\u00e0, l\u2019etnia, la provenienza territoriale, la religione; ma anche la pericolosa e strutturale frattura che si insinua invariabilmente tra governanti e governati). Il sesto capitolo, infine, non ha un valore veramente conclusivo. Preso atto che la sinistra ha ormai abbandonato il suo ruolo di essere paladina dei pi\u00f9 deboli, il libro si chiude con la sconsolata ricognizione del dibattito pubblico dei nostri giorni e della costante e strisciante tentazione di molti a risolvere la percezione della propria diseguaglianza nella speranza che i destini individuali si appiattiscano e nell\u2019affermazione dell\u2019infelicit\u00e0 altrui.<\/p>\n<p>Nella parte in cui si limita a rievocare \u2013 in modo peraltro riuscito \u2013 il succo della giurisprudenza costituzionale \u00a0sul principio di eguaglianza, la tesi \u201cmolecolare\u201d illustrata da Ainis non presenta profili di particolare novit\u00e0, se non per un pubblico totalmente digiuno del contributo che il diritto sa dare alla razionalizzazione delle discriminazioni. Spunti intelligenti, per\u00f2, ci sono, e si trovano soprattutto dopo p. 84, nella parte in cui (capitolo quinto) l\u2019Autore affronta le \u201ccategorie dell\u2019eguaglianza\u201d e si pronuncia su come sciogliere i fattori differenzianti sopra ricordati. Sulla diseguaglianza sessuale, si ribadisce l\u2019importanza delle <em>affirmative actions<\/em>, ma si ricorda che lo strumento va usato <em>con cura<\/em> e <em>a tempo<\/em>, e si guarda con scetticismo all\u2019introduzione delle quote di genere nelle competizioni elettorali. Si esprime, poi, cautela anche nei confronti della tendenza giovanilistica che pretende di rimuovere le diseguaglianze anagrafiche con una netta espulsione dei pi\u00f9 vecchi; si critica la perdurante situazione di minorit\u00e0 cui sono condannati gli stranieri, rimarcando come l\u2019impossibilit\u00e0 di esercitare il diritto di voto, specie a livello locale, comporti un\u2019aperta violazione del principio cardine \u201cno taxation without representation\u201d; si sottolinea la sopravvenuta insostenibilit\u00e0 delle differenze di regime tra nuove e vecchie minoranze (tanto che lo Stato appare \u201cforte con i deboli, debole con i forti\u201d); si argomenta l\u2019opportunit\u00e0 di considerare <em>apertis verbis<\/em> le differenze socio-economiche Nord-Sud, ripescando l\u2019esperienza della gabbie salariali; si insiste sul carattere indispensabile di una legge sulla libert\u00e0 religiosa (per non dover pi\u00f9 ammettere, con Orwell, che \u201ctutti gli animali sono uguali, ma alcuni sono pi\u00f9 uguali degli altri\u201d); si guarda, infine, alle lezioni degli antichi per ristrutturare i vizi della democrazia dei moderni (ipotizzando, ad esempio, non solo il ricorso a forme di <a href=\"http:\/\/www.unipd.it\/ilbo\/content\/recall-quando-un\u2019elezione-non-e-sempre\"><em>recall<\/em><\/a>, ma anche l\u2019introduzione del sorteggio per talune cariche pubbliche, e anche per affidare ad una rappresentanza qualificata di cittadini alcune funzioni su cui i parlamentari versano in conflitti di interesse: \u201cla verifica dei poteri, le cause di ineleggibilit\u00e0 e d\u2019incompatibilit\u00e0, il giudizio sulle loro immunit\u00e0, la legge elettorale, la misura dell\u2019indennit\u00e0 percepita da deputati e senatori, il finanziamento dei partiti\u201d). Michele Ainis \u2013\u00a0che oltre ad essere un apprezzato costituzionalista e un noto opinionista, \u00e8 anche un <a href=\"http:\/\/fulviocortese.it\/?p=653\">romanziere<\/a> \u2013\u00a0si conferma uno scettico costruttivo, che non cede mai al fascino di visioni radicali e ottimalistiche, e il cui sforzo appare quello di fornire, come se fossero pillole, un po\u2019 di istruzioni per l\u2019uso a chi siede nella cabina di pilotaggio delle riforme.<\/p>\n<p><a href=\"http:\/\/www.radio3.rai.it\/dl\/portaleRadio\/media\/ContentItem-04c85f03-9a91-4cee-ab47-58d0dbbafe8d.html\">L&#8217;Autore a Fahrenheit<\/a><\/p>\n<p><a href=\"http:\/\/materialismostorico.blogspot.it\/2015\/01\/conflitti-nel-concetto-e-nella-pratica.html\">Due recensioni<\/a> (rispettivamente, di Sabino Cassese e di Armando Massarenti)<\/p>\n<p>Due ottimi libri sull&#8217;eguaglianza (perch\u00e9 oltre a <a href=\"http:\/\/www.rcslibri.it\/booktobook\/#\/booktobook\/bookdetail.html?isbn=9788845277733\">Piketty<\/a> c&#8217;\u00e8 dell&#8217;altro&#8230;): <a href=\"http:\/\/www.einaudi.it\/libri\/libro\/joseph-e-stiglitz\/il-prezzo-della-disuguaglianza\/978880621457\">Stiglitz<\/a> e <a href=\"http:\/\/www.castelvecchieditore.com\/la-societa-delluguaglianza\/\">Rosanvallon<\/a>\u00a0(su quest&#8217;ultimo, v. la <a href=\"http:\/\/fulviocortese.it\/?p=2396\">recensione<\/a>)<\/p>\n","protected":false},"excerpt":{"rendered":"<p>Questo breve saggio sul principio di eguaglianza e su ci\u00f2 che lo mette in crisi si articola in sei capitoli. Il primo chiama subito in causa la disperante concretezza del tema e si risolve in una carrellata di esempi, tratti dalla cronaca, su quale sia, nel nostro paese, la varia e diffusa fenomenologia della discriminazione. <a href='http:\/\/fulviocortese.it\/?p=4329'>[&#8230;]<\/a><\/p>\n","protected":false},"author":1,"featured_media":0,"comment_status":"closed","ping_status":"open","sticky":false,"template":"","format":"standard","meta":{"footnotes":""},"categories":[171],"tags":[60,63,366,58,64],"class_list":["post-4329","post","type-post","status-publish","format-standard","hentry","category-iuridica","tag-costituzione","tag-democrazia","tag-eguaglianza","tag-saggio","tag-scienza-giuridica","category-171-id","post-seq-1","post-parity-odd","full-content"],"_links":{"self":[{"href":"http:\/\/fulviocortese.it\/index.php?rest_route=\/wp\/v2\/posts\/4329","targetHints":{"allow":["GET"]}}],"collection":[{"href":"http:\/\/fulviocortese.it\/index.php?rest_route=\/wp\/v2\/posts"}],"about":[{"href":"http:\/\/fulviocortese.it\/index.php?rest_route=\/wp\/v2\/types\/post"}],"author":[{"embeddable":true,"href":"http:\/\/fulviocortese.it\/index.php?rest_route=\/wp\/v2\/users\/1"}],"replies":[{"embeddable":true,"href":"http:\/\/fulviocortese.it\/index.php?rest_route=%2Fwp%2Fv2%2Fcomments&post=4329"}],"version-history":[{"count":7,"href":"http:\/\/fulviocortese.it\/index.php?rest_route=\/wp\/v2\/posts\/4329\/revisions"}],"predecessor-version":[{"id":4336,"href":"http:\/\/fulviocortese.it\/index.php?rest_route=\/wp\/v2\/posts\/4329\/revisions\/4336"}],"wp:attachment":[{"href":"http:\/\/fulviocortese.it\/index.php?rest_route=%2Fwp%2Fv2%2Fmedia&parent=4329"}],"wp:term":[{"taxonomy":"category","embeddable":true,"href":"http:\/\/fulviocortese.it\/index.php?rest_route=%2Fwp%2Fv2%2Fcategories&post=4329"},{"taxonomy":"post_tag","embeddable":true,"href":"http:\/\/fulviocortese.it\/index.php?rest_route=%2Fwp%2Fv2%2Ftags&post=4329"}],"curies":[{"name":"wp","href":"https:\/\/api.w.org\/{rel}","templated":true}]}}