{"id":407,"date":"2012-02-04T11:53:56","date_gmt":"2012-02-04T10:53:56","guid":{"rendered":"http:\/\/fulviocortese.it\/?p=407"},"modified":"2012-02-11T11:18:49","modified_gmt":"2012-02-11T10:18:49","slug":"se-auschwitz-e-nulla-contro-il-negazionismo-d-di-cesare","status":"publish","type":"post","link":"http:\/\/fulviocortese.it\/?p=407","title":{"rendered":"Se Auschwitz \u00e8 nulla. Contro il negazionismo (Donatella Di Cesare)"},"content":{"rendered":"<p><a href=\"http:\/\/www.ilmelangolo.com\/index.php?page=shop.product_details&amp;category_id=524&amp;flypage=flypage.tpl&amp;product_id=3687&amp;option=com_virtuemart&amp;Itemid=59&amp;vmcchk=1&amp;Itemid=59\"><img loading=\"lazy\" decoding=\"async\" class=\"alignleft\" title=\"dicesare\" src=\"http:\/\/www.ilmelangolo.com\/components\/com_virtuemart\/shop_image\/product\/resized\/Se_Auschwitz_____4f02435d2f3b2_90x120.jpg\" alt=\"\" width=\"79\" height=\"120\" \/><\/a>Il 27 gennaio si \u00e8 celebrato il Giorno della Memoria. Poco pi\u00f9 di una settimana fa. Giusto il tempo di leggere questa breve, ma intensa, riflessione di Donatella Di Cesare, e cercare di capire, effettivamente, come sia possibile, oggi, ammettere il <em>negazionismo<\/em>, la posizione assurda, cio\u00e8, di chi sostiene, pur a fronte di riscontri, documenti, opinioni storiografiche ormai verificate e consolidate, che le camere a gas non sono mai esistite, che l\u2019Olocausto \u00e8 un enorme <em>bluff<\/em>, che vi sarebbero, anzi, le \u201cprove\u201d, anche tecniche, della sua inesistenza.<\/p>\n<p>L\u2019Autrice \u00e8 molto netta: il negazionismo non si pu\u00f2 giustificare; non c\u2019\u00e8 libert\u00e0 d\u2019opinione o di espressione che possa salvarlo; i metodi, il linguaggio, la strategia comunicativa dei negazionisti sono la continuazione \/ perpetuazione dei metodi, del linguaggio, della strategia comunicativa della diabolica programmazione dello sterminio consumatosi con la <em>Shoah<\/em>. Spiega Donatella Di Cesare: \u201cIl negazionismo non \u00e8 un ornamento della cultura contemporanea. Non \u00e8 un\u2019opinione <em>come<\/em> un\u2019altra. Piuttosto \u00e8 la soppressione delle condizioni per un confronto. \u00c8 un\u2019attivit\u00e0 fantasmatica, non una ricerca intellettuale. E come tale si esercita in una vuota, spettrale, funerea negazione, non per questo meno temibile\u201d (p. 68).<\/p>\n<p>La lettura \u00e8 appassionante, poich\u00e9, pur nella sintesi, si ha sia una panoramica pressoch\u00e9 completa delle tipologie e dei casi pi\u00f9 noti di negazionismo, sia un\u2019analisi puntuale del fenomeno, nelle sue implicazioni filosofiche (ermeneutiche), ma anche nelle sue conseguenze sociali (tanto culturali, quanto istituzionali). E si comprende davvero come, di fronte ad esso, anche i morti \u201cnon siano al sicuro\u201d, e di come, quindi, sia necessaria una riflessione <em>pubblica<\/em> sul valore del <em>ricordo<\/em>, al di l\u00e0 di ogni riconoscimento retorico o di ogni approfondimento puramente storico.<\/p>\n<p>Al lettore \u201cgiurista\u201d, nonostante ci\u00f2, restano sempre alcuni dubbi: questa riflessione deve per forza tradursi in un processo di criminalizzazione? La previsione di una sanzione penale per i negazionisti (come avviene in Francia) \u00e8 davvero una soluzione proporzionale ed efficace? Non serve forse rendere pi\u00f9 solida la cultura costituzionale dei diritti e delle libert\u00e0 individuali, anche mediante il ricorso ad una politica della memoria che non sia soltanto celebrativa?<\/p>\n<p><a href=\"http:\/\/www.ilsussidiario.net\/News\/Cultura\/2012\/1\/31\/DIBATTITO-Cosi-il-genocidio-armeno-allontana-la-Turchia-dall-Europa\/236852\/\">Una riflessione su genocidio, negazionismo e memoria (a partire dal caso armeno)<\/a><\/p>\n","protected":false},"excerpt":{"rendered":"<p>Il 27 gennaio si \u00e8 celebrato il Giorno della Memoria. Poco pi\u00f9 di una settimana fa. Giusto il tempo di leggere questa breve, ma intensa, riflessione di Donatella Di Cesare, e cercare di capire, effettivamente, come sia possibile, oggi, ammettere il negazionismo, la posizione assurda, cio\u00e8, di chi sostiene, pur a fronte di riscontri, documenti, <a href='http:\/\/fulviocortese.it\/?p=407'>[&#8230;]<\/a><\/p>\n","protected":false},"author":1,"featured_media":0,"comment_status":"closed","ping_status":"open","sticky":false,"template":"","format":"image","meta":{"footnotes":""},"categories":[1],"tags":[140,34,142,141],"class_list":["post-407","post","type-post","status-publish","format-image","hentry","category-biblio","tag-auschwitz","tag-memoria","tag-negazionismo","tag-shoah","post_format-post-format-image","category-1-id","post-seq-1","post-parity-odd","full-content"],"_links":{"self":[{"href":"http:\/\/fulviocortese.it\/index.php?rest_route=\/wp\/v2\/posts\/407","targetHints":{"allow":["GET"]}}],"collection":[{"href":"http:\/\/fulviocortese.it\/index.php?rest_route=\/wp\/v2\/posts"}],"about":[{"href":"http:\/\/fulviocortese.it\/index.php?rest_route=\/wp\/v2\/types\/post"}],"author":[{"embeddable":true,"href":"http:\/\/fulviocortese.it\/index.php?rest_route=\/wp\/v2\/users\/1"}],"replies":[{"embeddable":true,"href":"http:\/\/fulviocortese.it\/index.php?rest_route=%2Fwp%2Fv2%2Fcomments&post=407"}],"version-history":[{"count":4,"href":"http:\/\/fulviocortese.it\/index.php?rest_route=\/wp\/v2\/posts\/407\/revisions"}],"predecessor-version":[{"id":410,"href":"http:\/\/fulviocortese.it\/index.php?rest_route=\/wp\/v2\/posts\/407\/revisions\/410"}],"wp:attachment":[{"href":"http:\/\/fulviocortese.it\/index.php?rest_route=%2Fwp%2Fv2%2Fmedia&parent=407"}],"wp:term":[{"taxonomy":"category","embeddable":true,"href":"http:\/\/fulviocortese.it\/index.php?rest_route=%2Fwp%2Fv2%2Fcategories&post=407"},{"taxonomy":"post_tag","embeddable":true,"href":"http:\/\/fulviocortese.it\/index.php?rest_route=%2Fwp%2Fv2%2Ftags&post=407"}],"curies":[{"name":"wp","href":"https:\/\/api.w.org\/{rel}","templated":true}]}}