{"id":3962,"date":"2014-12-30T10:10:49","date_gmt":"2014-12-30T09:10:49","guid":{"rendered":"http:\/\/fulviocortese.it\/?p=3962"},"modified":"2014-12-30T10:10:49","modified_gmt":"2014-12-30T09:10:49","slug":"loro-del-mondo-sebastiano-vassalli","status":"publish","type":"post","link":"http:\/\/fulviocortese.it\/?p=3962","title":{"rendered":"L\u2019oro del mondo (Sebastiano Vassalli)"},"content":{"rendered":"<p><a href=\"http:\/\/www.interlinea.com\/schedenovita\/Vassalli,lorodelmondo.htm\"><img loading=\"lazy\" decoding=\"async\" class=\"alignleft\" src=\"http:\/\/www.interlinea.com\/schedenovita\/immaginischede\/Vassalli,%20L%27oro%20del%20mondo%20180.jpg\" alt=\"\" width=\"180\" height=\"286\" \/><\/a>Il giovane Sebastiano cresce nella provincia piemontese, prima presso la \u201cCasa d\u2019Infanzia Alba Radiosa\u201d, poi sotto la custodia dello zio Alvaro, cercatore d\u2019oro alloggiato all\u2019\u201dOsteria del Genio con Locanda\u201d, in riva al fiume. I brevi capitoli del libro descrivono il ricordo di quei giorni e dei molti personaggi di quel \u201cmondo piccolo\u201d, specchio del Paese dell\u2019immediato dopoguerra. Ma Sebastiano racconta anche il modo con cui il romanzo stesso \u00e8 stato concepito e pi\u00f9 volte rifiutato dall\u2019editore. La narrazione, poi, \u00e8 spezzata da squarci sulla memoria dell\u2019Italia della disfatta, che gi\u00e0 all\u2019indomani della fine del conflitto e della Resistenza pare aver completamente rimosso l\u2019esperienza scomoda del fascismo. L&#8217;idole nazionale, i suoi falsi miti e la sua cronica, risoluta, incapacit\u00e0 di autocoscienza sono i veri imputati del processo che <a href=\"http:\/\/www.letteratura.it\/vassalli\/\">Vassalli<\/a> vuole allestire. La loro sintesi perfetta \u00e8 letteralmente incarnata nelle figure dei genitori di Sebastiano: il padre autoritario, meschino e pronto a tutto; la madre fiaccata dalle prevaricazioni del marito e imbambolata da un ingenuo sogno di redenzione che ha radici solo nella ricchezza materiale. Tuttavia, nel tempo stesso del racconto (il presente), l\u2019Autore scopre che il padre, proprio lui, definito \u201cl\u2019infame autore dei miei giorni\u201d, \u00e8 ancora vivo e vegeto, riabilitato anche agli occhi delle istituzioni che ne avevano certificato la pazzia e pronto a perpetuare la sua violenza e il suo cinismo anche al di l\u00e0 di ogni prevedibile e liberatoria morte naturale. Il lascito della riflessione \u00e8 amaro e sconsolato; la tara \u00e8 genetica e irrimediabile; non resta che un ripiegamento quasi intimistico e <em>archeologico<\/em>, come testimoniano le parole dello zio Alvaro, autentico anti-eroe di questa storia cos\u00ec complessa e cos\u00ec profonda: \u201cViviamo per quelle poche pagliuzze di felicit\u00e0 che rimangono in fondo alla memoria come l\u2019oro sul fondo della b\u00e0tea\u201d.<\/p>\n<p><em>L\u2019oro del mondo<\/em> \u00e8 del 1987 e anticipa i grandi successi de <a href=\"http:\/\/www.ibs.it\/code\/9788817077217\/vassalli-sebastiano\/chimera.html%20\"><em>La chimera<\/em><\/a> (1990), <a href=\"http:\/\/www.ibs.it\/code\/9788806174781\/vassalli-sebastiano\/marco-e-mattio.html%20\"><em>Marco e Mattio<\/em><\/a> (1992), <a href=\"http:\/\/www.einaudi.it\/libri\/libro\/sebastiano-vassalli\/3012\/978880613662%20\"><em>3012. L\u2019anno del profeta<\/em><\/a> (1995) e <a href=\"http:\/\/www.ibs.it\/code\/9788806138066\/vassalli-sebastiano\/cigno.html%20\"><em>Il cigno<\/em><\/a> (1996), che a loro volta rappresentano carotaggi, in forma di favola, di una medesima indagine. Le movenze eccentriche di questo romanzo saranno nuovamente testate in <a href=\"http:\/\/www.einaudi.it\/libri\/libro\/sebastiano-vassalli\/cuore-di-pietra\/978880618425%20\"><em>Cuore di pietra<\/em><\/a> (1996), che chiude cos\u00ec un primo ciclo di meditazioni: si rinnoveranno ancora nella forma espressa e sperimentata del romanzo storico (<a href=\"http:\/\/www.ibs.it\/code\/9788806147457\/vassalli-sebastiano\/infinito-numero-virgilio-e.html%20\"><em>Un infinito numero. Virgilio e Mecenate nel paese dei Rasna<\/em><\/a>, 1999; <a href=\"http:\/\/www.ibs.it\/code\/9788806162771\/vassalli-sebastiano\/stella-avvelenata.html\"><em>Stella avvelenata<\/em><\/a>, 2003), in opere ulteriormente ibride e originali (come <a href=\"http:\/\/www.einaudi.it\/libri\/libro\/sebastiano-vassalli\/l-italiano\/978880618797\"><em>L\u2019italiano<\/em><\/a>, 2007; o <a href=\"http:\/\/www.ibs.it\/code\/9788806202880\/vassalli-sebastiano\/due-chiese.html\"><em>Le due chiese<\/em><\/a>, 2010) e in satire controcorrente e divertite (come pu\u00f2 essere considerato <a href=\"http:\/\/www.ibs.it\/code\/9788806212957\/vassalli-sebastiano\/comprare-il-sole.html\"><em>Comprare il sole<\/em><\/a>, 2012). Da un certo punto di vista, quindi, <em>L\u2019oro del mondo<\/em> \u00e8 una chiave di lettura di grande importanza, un <em>passepartout<\/em> privilegiato per l\u2019intera opera di Vassalli (che da ultimo ha ripreso con efficacia l\u2019amato filone storico: <a href=\"http:\/\/www.ibs.it\/code\/9788817074759\/vassalli-sebastiano\/terre-selvagge.html\"><em>Terre selvagge<\/em><\/a>, 2014). Nel libro non troviamo le lunghe passeggiate del Piovene de <a href=\"http:\/\/www.ninoaragnoeditore.it\/?mod=COLLANE&amp;id_collana=23&amp;op=visualizza_libro&amp;id_opera=383\"><em>Le Furie<\/em><\/a>, ma l\u2019esigenza di ripiegamento e di dialogo interiore sembra la medesima, al punto che, curiosamente, <em>L\u2019oro del mondo<\/em> getta luce anche sull\u2019importanza del romanzo dello scrittore vicentino. In <a href=\"http:\/\/ricerca.repubblica.it\/repubblica\/archivio\/repubblica\/2014\/11\/10\/vassalli-e-einaudi-una-lunga-storia-di-libriTorino06.html\">quest\u2019edizione<\/a> &#8211; che \u00e8 accompagnata, in appendice, da un <a href=\"http:\/\/archiviostorico.corriere.it\/2014\/novembre\/14\/carattere_degli_italiani_una_malattia_co_0_20141114_fb1761f0-6bcb-11e4-88ab-5f9ad988ed19.shtml\">testo inedito<\/a> in cui l\u2019Autore racconta la genesi tormentata del testo e della sua pubblicazione, e rende omaggio all\u2019insperata attenzione riservatagli al tempo da Giulio Einaudi e da Natalia Ginzburg &#8211; si pu\u00f2 apprezzare con maggiore consapevolezza il tono di una poetica determinata e militante. Vassalli non si limita a sferzare gli italiani e i loro inestinguibili vizi; oggetto della critica sono il gran circo della cultura ufficiale, il conformismo e il provincialismo dei \u201cpoeti organizzati\u201d, la tendenza di chi pu\u00f2 capire e sapere a marginalizzare le esperienze di scavo e di autoanalisi di cui il Paese avrebbe bisogno e di cui solo la letteratura pu\u00f2 farsi efficace traduttrice.<\/p>\n<p><a href=\"http:\/\/www.letteratura.it\/vassalli\/vassalli_autobiografia.htm\">Il contesto autobiografico de <em>L&#8217;oro del mondo<\/em><\/a><\/p>\n<p>Un altro e bellissimo libro di Vassalli: <a href=\"http:\/\/www.ibs.it\/code\/9788806205096\/vassalli-sebastiano\/notte-della-cometa.html\"><em>La notte della cometa<\/em><\/a><\/p>\n","protected":false},"excerpt":{"rendered":"<p>Il giovane Sebastiano cresce nella provincia piemontese, prima presso la \u201cCasa d\u2019Infanzia Alba Radiosa\u201d, poi sotto la custodia dello zio Alvaro, cercatore d\u2019oro alloggiato all\u2019\u201dOsteria del Genio con Locanda\u201d, in riva al fiume. I brevi capitoli del libro descrivono il ricordo di quei giorni e dei molti personaggi di quel \u201cmondo piccolo\u201d, specchio del Paese <a href='http:\/\/fulviocortese.it\/?p=3962'>[&#8230;]<\/a><\/p>\n","protected":false},"author":1,"featured_media":0,"comment_status":"closed","ping_status":"open","sticky":false,"template":"","format":"standard","meta":{"footnotes":""},"categories":[1],"tags":[71,230,127,34,38],"class_list":["post-3962","post","type-post","status-publish","format-standard","hentry","category-biblio","tag-fascismo","tag-italia","tag-letteratura","tag-memoria","tag-romanzo","category-1-id","post-seq-1","post-parity-odd","full-content"],"_links":{"self":[{"href":"http:\/\/fulviocortese.it\/index.php?rest_route=\/wp\/v2\/posts\/3962","targetHints":{"allow":["GET"]}}],"collection":[{"href":"http:\/\/fulviocortese.it\/index.php?rest_route=\/wp\/v2\/posts"}],"about":[{"href":"http:\/\/fulviocortese.it\/index.php?rest_route=\/wp\/v2\/types\/post"}],"author":[{"embeddable":true,"href":"http:\/\/fulviocortese.it\/index.php?rest_route=\/wp\/v2\/users\/1"}],"replies":[{"embeddable":true,"href":"http:\/\/fulviocortese.it\/index.php?rest_route=%2Fwp%2Fv2%2Fcomments&post=3962"}],"version-history":[{"count":7,"href":"http:\/\/fulviocortese.it\/index.php?rest_route=\/wp\/v2\/posts\/3962\/revisions"}],"predecessor-version":[{"id":3969,"href":"http:\/\/fulviocortese.it\/index.php?rest_route=\/wp\/v2\/posts\/3962\/revisions\/3969"}],"wp:attachment":[{"href":"http:\/\/fulviocortese.it\/index.php?rest_route=%2Fwp%2Fv2%2Fmedia&parent=3962"}],"wp:term":[{"taxonomy":"category","embeddable":true,"href":"http:\/\/fulviocortese.it\/index.php?rest_route=%2Fwp%2Fv2%2Fcategories&post=3962"},{"taxonomy":"post_tag","embeddable":true,"href":"http:\/\/fulviocortese.it\/index.php?rest_route=%2Fwp%2Fv2%2Ftags&post=3962"}],"curies":[{"name":"wp","href":"https:\/\/api.w.org\/{rel}","templated":true}]}}