{"id":395,"date":"2012-01-28T22:24:13","date_gmt":"2012-01-28T21:24:13","guid":{"rendered":"http:\/\/fulviocortese.it\/?p=395"},"modified":"2017-01-09T21:07:29","modified_gmt":"2017-01-09T20:07:29","slug":"dino-buzzati-un-anniversario-imperdibile","status":"publish","type":"post","link":"http:\/\/fulviocortese.it\/?p=395","title":{"rendered":"Dino Buzzati\u2026 un anniversario imperdibile!"},"content":{"rendered":"<p><img loading=\"lazy\" decoding=\"async\" class=\"alignleft\" title=\"buzzati\" src=\"http:\/\/www.provincia.belluno.it\/cache\/cfx_imagecr3\/91f045469279959e9e76db8241bc4cf4.jpg\" alt=\"\" width=\"284\" height=\"322\" \/>Il 28 gennaio 1972 si spegneva, a Milano, Dino Buzzati, uno degli intellettuali, dei giornalisti e degli scrittori pi\u00f9 notevoli del Novecento italiano. Sono decorsi, proprio oggi, 40 anni. Un tempo lunghissimo, nel quale l\u2019assenza di una figura cos\u00ec particolare e cos\u00ec straordinaria si \u00e8 senz\u2019altro sentita. Perch\u00e9, a ben vedere, non ha trovato alcun erede.<\/p>\n<p>Il mio primo approccio a Buzzati \u00e8 stata la lettura di una favola, <a href=\"http:\/\/www.italialibri.net\/opere\/famosainvasione.html\"><em>La famosa invasione degli orsi in Sicilia<\/em> (1945)<\/a>, in un\u2019edizione del 1977, trovata a casa e \u201cdivorata\u201d durante un \u201ctriduo\u201d di consueta influenza stagionale, al secondo anno delle scuole medie. Ne ero rimasto attratto semplicemente per il titolo; poi la lettura mi ha conquistato, ed anche se non riuscivo ancora a comprenderne l\u2019intimo significato, ci\u00f2 che mi ipnotizzava era un\u2019originalissima sensazione di <em>sospensione<\/em>, come se mi trovassi di fronte ad una storia che pur non essendo reale, n\u00e9 verosimile, \u00e8 pi\u00f9 autentica di tante altre. Come le storie del bosco, le leggende, le avventure fantastiche; ma anche come le storie che <em>si possono<\/em> leggere nelle immagini, nei quadri, nelle illustrazioni. E Buzzati \u00e8 stato, in effetti, grande narratore, ma anche pittore e disegnatore suggestivo (oltre che autore di opere teatrali, di libretti lirici, di saggi\u2026).<\/p>\n<p>Proprio la <em>sospensione<\/em>, ad ogni modo, \u00e8, con tutta probabilit\u00e0, la vera caratteristica distintiva di Buzzati, che <a href=\"http:\/\/www.youtube.com\/watch?v=ShEHDL-y5Uk\">raccontava di <em>sognare<\/em><\/a> alcuni dei suoi racconti e che, a mio giudizio, ha spesso costruito proprio sulla <em>rarefazione<\/em> il successo di molte delle sue opere, ivi compreso, famosissimo, <em>Il deserto dei Tartari<\/em> (1940): il tempo sospeso di un\u2019attesa lacerante ed oppressiva ne \u00e8, come \u00e8 noto, un indiscusso protagonista.<\/p>\n<p>Ma ci\u00f2 che rende Buzzati una figura effettivamente irripetibile \u00e8 la fiducia estrema che la sua scrittura nutre nei confronti delle cose, specialmente se sono essenziali, nitide, come lo sono i contorni delle sue montagne o le vite degli animali o i sentimenti pi\u00f9 forti che l\u2019uomo pu\u00f2 esprimere. Quella di Buzzati \u00e8 una vera <em>lectio naturalis<\/em> sul valore della dignit\u00e0, a volte tratteggiata con estrema fantasia, a volte colorata, a volte pensata, a volte tradotta in ritratti di estremo realismo, in tutti i casi osservata, ma anche vissuta, con occhio di poeta. Ed \u00e8, questo, un vero messaggio sui significati morali che la poesia, anche quando assume i toni della prosa, riesce ad incarnare.<\/p>\n<p><a href=\"http:\/\/www.treccani.it\/enciclopedia\/dino-buzzati-traverso_%28Dizionario-Biografico%29\/\">Buzzati nel Biografico della Treccani<\/a><\/p>\n<p><a href=\"http:\/\/www.rai.tv\/dl\/RaiTV\/programmi\/media\/ContentItem-4d50c678-a6be-44e7-b659-ac6f0c87339c.html?p=0\">Buzzati in Rai<\/a><\/p>\n<p><a href=\"http:\/\/www3.unibo.it\/boll900\/numeri\/2001-ii\/W-bol\/Mares\/\">&#8220;Il punto su Buzzati&#8221; di Cinzia Mares<\/a><\/p>\n<p><a href=\"http:\/\/www.buzzati.it\/\">L&#8217;Associazione internazionale Dino Buzzati<\/a><\/p>\n<p><a href=\"http:\/\/fulviocortese.it\/?p=395\">Sulle orme di Dino Buzzati: una passeggiata <em>in loco<\/em><\/a><\/p>\n","protected":false},"excerpt":{"rendered":"<p>Il 28 gennaio 1972 si spegneva, a Milano, Dino Buzzati, uno degli intellettuali, dei giornalisti e degli scrittori pi\u00f9 notevoli del Novecento italiano. Sono decorsi, proprio oggi, 40 anni. Un tempo lunghissimo, nel quale l\u2019assenza di una figura cos\u00ec particolare e cos\u00ec straordinaria si \u00e8 senz\u2019altro sentita. Perch\u00e9, a ben vedere, non ha trovato alcun <a href='http:\/\/fulviocortese.it\/?p=395'>[&#8230;]<\/a><\/p>\n","protected":false},"author":1,"featured_media":0,"comment_status":"closed","ping_status":"open","sticky":false,"template":"","format":"image","meta":{"footnotes":""},"categories":[73],"tags":[137,139,138,24],"class_list":["post-395","post","type-post","status-publish","format-image","hentry","category-imperdibili","tag-buzzati","tag-dignita","tag-favola","tag-montagna","post_format-post-format-image","category-73-id","post-seq-1","post-parity-odd","full-content"],"_links":{"self":[{"href":"http:\/\/fulviocortese.it\/index.php?rest_route=\/wp\/v2\/posts\/395","targetHints":{"allow":["GET"]}}],"collection":[{"href":"http:\/\/fulviocortese.it\/index.php?rest_route=\/wp\/v2\/posts"}],"about":[{"href":"http:\/\/fulviocortese.it\/index.php?rest_route=\/wp\/v2\/types\/post"}],"author":[{"embeddable":true,"href":"http:\/\/fulviocortese.it\/index.php?rest_route=\/wp\/v2\/users\/1"}],"replies":[{"embeddable":true,"href":"http:\/\/fulviocortese.it\/index.php?rest_route=%2Fwp%2Fv2%2Fcomments&post=395"}],"version-history":[{"count":7,"href":"http:\/\/fulviocortese.it\/index.php?rest_route=\/wp\/v2\/posts\/395\/revisions"}],"predecessor-version":[{"id":6148,"href":"http:\/\/fulviocortese.it\/index.php?rest_route=\/wp\/v2\/posts\/395\/revisions\/6148"}],"wp:attachment":[{"href":"http:\/\/fulviocortese.it\/index.php?rest_route=%2Fwp%2Fv2%2Fmedia&parent=395"}],"wp:term":[{"taxonomy":"category","embeddable":true,"href":"http:\/\/fulviocortese.it\/index.php?rest_route=%2Fwp%2Fv2%2Fcategories&post=395"},{"taxonomy":"post_tag","embeddable":true,"href":"http:\/\/fulviocortese.it\/index.php?rest_route=%2Fwp%2Fv2%2Ftags&post=395"}],"curies":[{"name":"wp","href":"https:\/\/api.w.org\/{rel}","templated":true}]}}