{"id":3914,"date":"2014-12-22T11:12:19","date_gmt":"2014-12-22T10:12:19","guid":{"rendered":"http:\/\/fulviocortese.it\/?p=3914"},"modified":"2014-12-22T11:12:45","modified_gmt":"2014-12-22T10:12:45","slug":"morte-di-un-uomo-felice-giorgio-fontana","status":"publish","type":"post","link":"http:\/\/fulviocortese.it\/?p=3914","title":{"rendered":"Morte di un uomo felice (Giorgio Fontana)"},"content":{"rendered":"<p><a href=\"http:\/\/sellerio.it\/it\/catalogo\/Morte-Un-Uomo-Felice\/Fontana\/7457\"><img loading=\"lazy\" decoding=\"async\" class=\"alignleft\" src=\"http:\/\/sellerio.it\/upload\/assets\/files\/841,it,7457\/4094-3.jpg \" alt=\"\" width=\"224\" height=\"313\" \/><\/a>Estate 1981: Giacomo Colnaghi \u00e8 sostituto procuratore presso il Tribunale di Milano e sta indagando sulla morte di un uomo politico, assassinato da un gruppo terroristico. Fa la spola tra la metropoli stretta dall\u2019afa, Saronno \u2013 il suo paese natale \u2013 e la costa ligure, dove si trovano la moglie e il figlio per una breve vacanza. \u00c8 un magistrato atipico; vuole <em>capire<\/em>, al di l\u00e0 della ricognizione degli eventi e dell\u2019interpretazione delle norme e della loro applicazione. Ha dei riferimenti molto forti: il magistero di <a href=\"http:\/\/www.vittimeterrorismo.it\/memorie\/schede\/galli.htm\">Guido Galli<\/a>, ucciso da poco pi\u00f9 di un anno per mano di Prima linea; le riflessioni scomode di Dante Troisi, il cui <a href=\"http:\/\/sellerio.it\/it\/catalogo\/Diario-Un-Giudice\/Troisi\/5076\">diario<\/a> lo colpisce nel profondo; il ricordo del padre Ernesto, giovane contadino morto da partigiano e da piccolo-grande eroe incompreso di un\u2019Italia ancora da venire. Proprio la storia del padre si alterna al racconto delle investigazioni, degli interrogatori e dei tormenti, anche personali, di Giacomo, il cui assillo non \u00e8 quello di compiere un dovere astratto e formale, bens\u00ec di cercare la <em>giustizia<\/em>, al costo \u2013 se necessario \u2013 di riuscire a perdonare: \u201cEccezioni sempre, errori mai\u201d, questo \u00e8 il motto che dirige le sue azioni. Colnaghi \u00e8 sempre alla ricerca, e si confronta con i suoi pi\u00f9 cari amici, il libraio Mario e il giudice Doni, che, per\u00f2, non riescono a cogliere fino in fondo le ragioni della sua inquietudine, n\u00e9 ad evitare l\u2019avverarsi di un destino sempre temuto e quasi atteso.<\/p>\n<p>Con questo romanzo \u2013 che unito al precedente <em>Per legge superiore<\/em>, forma un \u201cdittico ideale\u201d, secondo la definizione data dallo stesso Autore \u2013 Fontana ha vinto il <a href=\"http:\/\/www.ilfattoquotidiano.it\/2014\/09\/14\/premio-campiello-2014-vince-a-sorpresa-morte-di-un-uomo-felice-di-giorgio-fontana\/1120358\/\">Campiello 2014<\/a>. I motivi del successo si intuiscono: l\u2019intreccio con un filone molto gradito in questi ultimi anni (la produzione letteraria sulle vittime del terrorismo \u00e8 stata tanta e di ottima qualit\u00e0); una scrittura semplice, asciutta e rigorosa (e quindi molto adatta all\u2019esigente registro etico e civile del testo); uno sguardo originale e interessante (che alla semplicit\u00e0 \u2013 o quasi assenza \u2013 di una trama da svolgere sovrappone con efficacia lo scavo psicologico e deontologico). Come per il <a href=\"http:\/\/fulviocortese.it\/?p=197\">libro del debutto<\/a>, tuttavia, si prova una sensazione di incompiutezza, un inappagamento che non si pu\u00f2 superare con la sola constatazione di un indubbio talento compositivo. A questo stile, pensandoci bene, manca una spina dorsale; gli difetta, in altre parole, una <em>verit\u00e0<\/em>, che, in letteratura, non pu\u00f2 mai essere quella dei puri fatti, o delle questioni morali riconosciute o largamente dibattute, o degli interrogativi socio-politici ficcanti perch\u00e9 giudicabili come intrinsecamente intelligenti. In letteratura, ci\u00f2 che conta \u00e8 innanzitutto la persuasione, non l\u2019aspirazione a raggiungerla, per quanto fresca, nobile e determinata. Senza la persuasione traspare solo una certa paura, il timore di non avere o di esprimere una tesi, di non saper sostenere una lettura deliberatamente unilaterale. Chiarire che cosa si nasconde dietro il gesto del <em>fare giustizia<\/em>; comprendere il perch\u00e9 delle molte e perdute occasioni di nascita collettiva di uno specifico e virtuoso carattere nazionale; svelare l\u2019intima ambiguit\u00e0 dei racconti, per quanto diversi, sulla Resistenza o sugli Anni di Piombo; testimoniare l\u2019umanit\u00e0 e la fragilit\u00e0 di chi rappresenta lo Stato e la sua forza: tutte queste operazioni sono certamente meritevoli; e Fontana sembra essersi messo sulla strada giusta, per questo non pu\u00f2 che piacere. Ma convincerebbe ancor di pi\u00f9 se avesse il coraggio di tendere un indice e di mostrarci senza vergogna una nuova e possibile versione delle cose.<\/p>\n<p>Recensioni (di <a href=\"http:\/\/www.doppiozero.com\/materiali\/parole\/giorgio-fontana-morte-di-un-uomo-felice\">Giacomo Giossi<\/a>, <a href=\"http:\/\/corrieredelveneto.corriere.it\/veneto\/notizie\/cultura_e_tempolibero\/2014\/12-settembre-2014\/gli-anni-piombo-italia-storia-un-eroe-borghese-230122677640.shtml\">Francesca Visentin<\/a>, <a href=\"http:\/\/www.questionegiustizia.it\/articolo\/morte-di-un-uomo-felice_26-09-2014.php\">Angela Arbore-Giovanni Zaccaro<\/a>, <a href=\"http:\/\/www.paolonori.it\/argomenti\/morte-di-un-uomo-felice\/\">Paolo Nori<\/a>, <a href=\"http:\/\/www.leparoleelecose.it\/?p=15386\">Clotilde Bertoni<\/a>)<\/p>\n<p><a href=\"http:\/\/www.ilgazzettino.it\/PAY\/NAZIONALE_PAY\/morte_di_un_uomo_felice_nasce_letteralmente_dalle_ceneri_del_mio_romanzo_precedente\/notizie\/824559.shtml\">La genesi del romanzo nelle parole di Fontana<\/a><\/p>\n<p><a href=\"http:\/\/m.youtube.com\/watch?v=xgMR2OYXZ_o\">Un&#8217;intervista a Fontana<\/a><\/p>\n<p><a href=\"http:\/\/www.giorgiofontana.com\/index.php\">Il sito dell&#8217;Autore<\/a><\/p>\n","protected":false},"excerpt":{"rendered":"<p>Estate 1981: Giacomo Colnaghi \u00e8 sostituto procuratore presso il Tribunale di Milano e sta indagando sulla morte di un uomo politico, assassinato da un gruppo terroristico. Fa la spola tra la metropoli stretta dall\u2019afa, Saronno \u2013 il suo paese natale \u2013 e la costa ligure, dove si trovano la moglie e il figlio per una <a href='http:\/\/fulviocortese.it\/?p=3914'>[&#8230;]<\/a><\/p>\n","protected":false},"author":1,"featured_media":0,"comment_status":"closed","ping_status":"open","sticky":false,"template":"","format":"standard","meta":{"footnotes":""},"categories":[1],"tags":[80,230,34,39,30,38],"class_list":["post-3914","post","type-post","status-publish","format-standard","hentry","category-biblio","tag-giustizia","tag-italia","tag-memoria","tag-politica-e-liberta","tag-resistenza","tag-romanzo","category-1-id","post-seq-1","post-parity-odd","full-content"],"_links":{"self":[{"href":"http:\/\/fulviocortese.it\/index.php?rest_route=\/wp\/v2\/posts\/3914","targetHints":{"allow":["GET"]}}],"collection":[{"href":"http:\/\/fulviocortese.it\/index.php?rest_route=\/wp\/v2\/posts"}],"about":[{"href":"http:\/\/fulviocortese.it\/index.php?rest_route=\/wp\/v2\/types\/post"}],"author":[{"embeddable":true,"href":"http:\/\/fulviocortese.it\/index.php?rest_route=\/wp\/v2\/users\/1"}],"replies":[{"embeddable":true,"href":"http:\/\/fulviocortese.it\/index.php?rest_route=%2Fwp%2Fv2%2Fcomments&post=3914"}],"version-history":[{"count":13,"href":"http:\/\/fulviocortese.it\/index.php?rest_route=\/wp\/v2\/posts\/3914\/revisions"}],"predecessor-version":[{"id":3927,"href":"http:\/\/fulviocortese.it\/index.php?rest_route=\/wp\/v2\/posts\/3914\/revisions\/3927"}],"wp:attachment":[{"href":"http:\/\/fulviocortese.it\/index.php?rest_route=%2Fwp%2Fv2%2Fmedia&parent=3914"}],"wp:term":[{"taxonomy":"category","embeddable":true,"href":"http:\/\/fulviocortese.it\/index.php?rest_route=%2Fwp%2Fv2%2Fcategories&post=3914"},{"taxonomy":"post_tag","embeddable":true,"href":"http:\/\/fulviocortese.it\/index.php?rest_route=%2Fwp%2Fv2%2Ftags&post=3914"}],"curies":[{"name":"wp","href":"https:\/\/api.w.org\/{rel}","templated":true}]}}