{"id":3736,"date":"2014-11-09T18:39:14","date_gmt":"2014-11-09T17:39:14","guid":{"rendered":"http:\/\/fulviocortese.it\/?p=3736"},"modified":"2014-11-09T18:42:12","modified_gmt":"2014-11-09T17:42:12","slug":"la-stanza-jonas-karlsson","status":"publish","type":"post","link":"http:\/\/fulviocortese.it\/?p=3736","title":{"rendered":"La stanza (Jonas Karlsson)"},"content":{"rendered":"<p><a href=\"http:\/\/www.isbnedizioni.it\/libro\/300\"><img loading=\"lazy\" decoding=\"async\" class=\"alignleft\" src=\"http:\/\/www.finzionimagazine.it\/wp-content\/uploads\/2014\/02\/LIBRO-COVER.jpg\" alt=\"\" width=\"200\" height=\"304\" \/><\/a>Bj\u00f6rn cambia impiego e si trasferisce in un altro ufficio, dove \u00e8 convinto di potersi presto distinguere e di scalare la gerarchia interna: sente di essere pi\u00f9 sveglio, pi\u00f9 metodico e pi\u00f9 produttivo dei suoi nuovi colleghi. In una delle sue piccole \u2013 e rigorose \u2013 pause orarie, entra per sbaglio in una stanza, tra il bagno e l\u2019ascensore. Quel luogo gli \u00e8 congeniale, ci torna sempre pi\u00f9 spesso. Ma il suo comportamento viene percepito come qualcosa di eccentrico, e Bj\u00f6rn \u00e8 convinto che questa diffidenza non sia altro che la prova della sua maggiore professionalit\u00e0. Perch\u00e9 tutti sostengono che la stanza <em>non esista<\/em> e che lui sia completamente pazzo; anzi, l\u2019ingresso nella sua (presunta) stanza gli viene anche formalmente interdetto. Decide, cos\u00ec, di passare all\u2019azione e di mettersi in mostra, al punto che quasi riesce a convincere i suoi capi che le indubbie abilit\u00e0 che sta effettivamente dimostrando possono esprimersi al meglio solo <em>nella stanza<\/em>, solo nel luogo, cio\u00e8, che agli altri sembra inesistente. La situazione si fa esplosiva, fino all\u2019epilogo che, sorprendentemente, pur apparendo inevitabile, mette d\u2019accordo tutti; e che, naturalmente, non si pu\u00f2 svelare.<\/p>\n<p>\u00c8 una storia semplicissima, ambientata in una qualunque amministrazione pubblica. \u00c8 scandita in capitoli molto brevi ed \u00e8 raccontata, passo dopo passo, dallo stesso protagonista. Ed \u00e8 la cronaca unilaterale, e paradossalmente lucida, di un processo di <em>inabissamento<\/em> conclamato e irrimediabile: quella di Bj\u00f6rn \u00e8 una patologia, il dato risulta evidente sin dalle prime pagine; si tratta solo di capire quale pu\u00f2 esserne l\u2019esito. Da questo punto di vista, lo sguardo di Karlsson \u00e8 asettico e acutissimo. Da un lato, mette in luce l\u2019egotismo assurdo di una personalit\u00e0 che vive le reazioni di chi la circonda come la manifestazione di una studiata strategia mobbizzante. Concepito in tal modo, il libro esprime una visione che \u00e8 tutt\u2019altro che politicamente corretta e che va ben al di l\u00e0 degli stereotipi &#8211; e dell&#8217;abbondantissima letteratura &#8211; sul carattere alienante delle dinamiche burocratiche. Dall\u2019altro lato, per\u00f2, il romanzo evidenzia anche le ambiguit\u00e0 in cui pu\u00f2 incorrere chi \u00e8 chiamato a rivestire ruoli di responsabilit\u00e0, tra la necessit\u00e0 di governare e comprendere le aspettative di chi \u00e8 normale e la possibilit\u00e0 di sfruttare cinicamente le eccentricit\u00e0 delle risorse potenzialmente pi\u00f9 pericolose. <em>La stanza<\/em> \u00e8 un\u2019ottima prova anche dal punto di vista tecnico: al termine della lettura ci si accorge che, nel dipanarsi della vicenda, anche i <em>vuoti<\/em> sono significativi, specialmente i \u201cnon detti\u201d delle prime pagine, che si torna volentieri a riscoprire. Proprio alla fine, infatti, ci tormenta un interrogativo: perch\u00e9 Bj\u00f6rn ha cambiato lavoro? Secondo il suo &#8220;ex capo&#8221;, si trattava di &#8220;fare un passo avanti&#8221;. Forse \u00e8 ci\u00f2 che \u00e8 veramente &#8211; e sinistramente &#8211; accaduto&#8230;<\/p>\n<p><a href=\"http:\/\/archivio.internazionale.it\/incipit\/incipit\/2014\/02\/03\/il-mondo-in-una-stanza\">L&#8217;inizio del romanzo<\/a><\/p>\n<p>Recensioni (da <a href=\"http:\/\/www.ilfattoquotidiano.it\/2014\/02\/27\/libri-un-giorno-capiremo-che-questo-e-il-secolo-del-lavoro-stupido\/895541\/\">ilfattoquotidiano.it<\/a> e da <a href=\"http:\/\/theliterarytree.blogspot.it\/2014\/10\/jonas-karlssons-room-bjorn-legacy.html\">The literary Tree<\/a>)<\/p>\n","protected":false},"excerpt":{"rendered":"<p>Bj\u00f6rn cambia impiego e si trasferisce in un altro ufficio, dove \u00e8 convinto di potersi presto distinguere e di scalare la gerarchia interna: sente di essere pi\u00f9 sveglio, pi\u00f9 metodico e pi\u00f9 produttivo dei suoi nuovi colleghi. In una delle sue piccole \u2013 e rigorose \u2013 pause orarie, entra per sbaglio in una stanza, tra <a href='http:\/\/fulviocortese.it\/?p=3736'>[&#8230;]<\/a><\/p>\n","protected":false},"author":1,"featured_media":0,"comment_status":"closed","ping_status":"open","sticky":false,"template":"","format":"standard","meta":{"footnotes":""},"categories":[1],"tags":[359,358,166,38,23],"class_list":["post-3736","post","type-post","status-publish","format-standard","hentry","category-biblio","tag-amministrazione","tag-mobbing","tag-psicologia","tag-romanzo","tag-svezia","category-1-id","post-seq-1","post-parity-odd","full-content"],"_links":{"self":[{"href":"http:\/\/fulviocortese.it\/index.php?rest_route=\/wp\/v2\/posts\/3736","targetHints":{"allow":["GET"]}}],"collection":[{"href":"http:\/\/fulviocortese.it\/index.php?rest_route=\/wp\/v2\/posts"}],"about":[{"href":"http:\/\/fulviocortese.it\/index.php?rest_route=\/wp\/v2\/types\/post"}],"author":[{"embeddable":true,"href":"http:\/\/fulviocortese.it\/index.php?rest_route=\/wp\/v2\/users\/1"}],"replies":[{"embeddable":true,"href":"http:\/\/fulviocortese.it\/index.php?rest_route=%2Fwp%2Fv2%2Fcomments&post=3736"}],"version-history":[{"count":10,"href":"http:\/\/fulviocortese.it\/index.php?rest_route=\/wp\/v2\/posts\/3736\/revisions"}],"predecessor-version":[{"id":3746,"href":"http:\/\/fulviocortese.it\/index.php?rest_route=\/wp\/v2\/posts\/3736\/revisions\/3746"}],"wp:attachment":[{"href":"http:\/\/fulviocortese.it\/index.php?rest_route=%2Fwp%2Fv2%2Fmedia&parent=3736"}],"wp:term":[{"taxonomy":"category","embeddable":true,"href":"http:\/\/fulviocortese.it\/index.php?rest_route=%2Fwp%2Fv2%2Fcategories&post=3736"},{"taxonomy":"post_tag","embeddable":true,"href":"http:\/\/fulviocortese.it\/index.php?rest_route=%2Fwp%2Fv2%2Ftags&post=3736"}],"curies":[{"name":"wp","href":"https:\/\/api.w.org\/{rel}","templated":true}]}}