{"id":3035,"date":"2014-05-24T21:09:35","date_gmt":"2014-05-24T20:09:35","guid":{"rendered":"http:\/\/fulviocortese.it\/?p=3035"},"modified":"2014-05-24T21:09:35","modified_gmt":"2014-05-24T20:09:35","slug":"kraus-e-brecht-in-un-dialogo-imperdibile","status":"publish","type":"post","link":"http:\/\/fulviocortese.it\/?p=3035","title":{"rendered":"Kraus e Brecht, in un dialogo&#8230; imperdibile!"},"content":{"rendered":"<p><img loading=\"lazy\" decoding=\"async\" class=\"alignleft\" src=\"http:\/\/biografieonline.it\/img\/bio\/Karl_Kraus_1.jpg\" alt=\"\" width=\"114\" height=\"150\" \/>Qualche tempo fa ho letto sulla rivista <em>Internazionale<\/em> (18\/24 ottobre 2013) un articolo di Jonathan Franzen, dedicato a Karl Kraus. Era un estratto, in verit\u00e0, di un lavoro pi\u00f9 ampio, <a href=\"http:\/\/us.macmillan.com\/thekrausproject\/JonathanFranzen\"><em>The Kraus Project<\/em><\/a>, di cui si possono facilmente consultare belle recensioni su molti autorevoli quotidiani (v., tra l\u2019altro, sul <a href=\"http:\/\/www.nytimes.com\/2013\/10\/13\/books\/review\/jonathan-franzens-kraus-project.html?_r=0\">New York Times<\/a> o sul <a href=\"http:\/\/www.theguardian.com\/books\/2013\/oct\/13\/kraus-project-jonathan-franzen-review\">Guardian<\/a>). L\u2019Autore \u00e8 Kraus stesso, riproposto in alcuni dei suoi pezzi migliori; Franzen \u00e8 presente in qualit\u00e0 di glossatore-attualizzatore dei testi. Da pochi giorni ne ho acquistato l\u2019<a href=\"http:\/\/www.einaudi.it\/libri\/libro\/jonathan-franzen\/il-progetto-kraus\/978880621659\">edizione italiana<\/a>, pubblicata da Einaudi. A pag. 227, in chiusura, Franzen riporta una famosa e discussa poesia di Kraus (<em>Man fragt nicht \u2013 Non si chieda<\/em>), testimonianza della paralisi quasi assoluta che aveva colpito il grande critico austriaco &#8211; di cui in tanti attendevano la reazione &#8211; di fronte alla drammatica ascesa del Nazismo:<\/p>\n<p>Non si chieda cosa ho fatto in tutto questo tempo.<br \/>\nResterei muto;<br \/>\ne non direi perch\u00e9.<br \/>\nE c\u2019\u00e8 un silenzio da far esplodere la terra.<br \/>\nNeanche una parola che abbia colpito;<br \/>\nsi parla solamente nel sonno.<br \/>\nE si sogna di un sole che rideva.<br \/>\nSvanisce;<br \/>\nil dopo non ha pi\u00f9 importanza.<br \/>\nLa parola si \u00e8 spenta, quando quel tempo si \u00e8 svegliato.<\/p>\n<p>(Pubblicata in &#8220;Die Fackel&#8221;, n. 888, ottobre 1933 &#8211; trad. v. <a href=\"http:\/\/gedichte.xbib.de\/Kraus,+Karl_gedicht_Man+frage+nicht.htm\">testo originale<\/a>)<\/p>\n<p><img loading=\"lazy\" decoding=\"async\" class=\"alignleft\" src=\"http:\/\/awestruckwanderer.files.wordpress.com\/2014\/01\/brecht.jpg?w=660&amp;h=927\" alt=\"\" width=\"122\" height=\"171\" \/>Alla poesia segue, sempre per volont\u00e0 di Franzen, una nota esplicativa di Daniel Kehlmann, tanto sintetica quanto puntuale. E tuttavia ho avvertito un moto di insoddisfazione, e mi sono quasi pentito di aver comprato questo volume. Mi sono subito ricordato, ad esempio, del fatto che, in Italia, per capire Kraus, ci possono essere ben altri e potenti strumenti per ogni pi\u00f9 utile <a href=\"https:\/\/www.mulino.it\/isbn\/9788815127174\">approfondimento<\/a>. E che questa sorta di divulgazione-mediazione <em>pop<\/em> non \u00e8 altro che un modo incosciente di perpetuare uno sfregio alla memoria di una delle figure pi\u00f9 colte e complesse del suo tempo. Ma mi sono accorto, soprattutto, che nella nota di Kehlmann manca qualcosa: l\u2019immediata spiegazione che della poesia aveva dato Bertolt Brecht, qui citato, invece, soltanto incidentalmente, come semplice estimatore di quel testo. Eppure, dopo la lettura di <em>Man fragt nicht<\/em>, Brecht aveva pubblicato a sua volta, a stretto giro, un altro famoso componimento, di per s\u00e9 <em>risolutivo<\/em>, consegnando alla letteratura continentale un dialogo a distanza ancora illuminante e, quindi, imperdibile:<\/p>\n<p>Una volta che il Terzo Reich fu fondato<br \/>\nDal critico venne solo un breve messaggio.<br \/>\nIn una poesia di dieci righe<br \/>\nSi lev\u00f2 la sua voce unicamente per denunciare<br \/>\nChe essa non era sufficiente.<\/p>\n<p>Una volta che l\u2019orrore ha raggiunto una certa dimensione<br \/>\nNon c\u2019\u00e8 esempio che tenga.<br \/>\nI crimini si moltiplicano<br \/>\nE le grida di dolore cessano.<br \/>\nI delitti vengono spudoratamente commessi sulle strade<br \/>\nE se ne fregano altamente della descrizione.<\/p>\n<p>A colui che viene impiccato<br \/>\nLa parola rimane in gola.<br \/>\nSi diffonde il silenzio e da lontano<br \/>\nEsso viene scambiato per giustificazione.<br \/>\nLa vittoria della violenza<br \/>\nSembra completa.<\/p>\n<p>Solo i corpi mutilati<br \/>\nDenunciano che i criminali hanno infierito.<br \/>\nSolo nelle abitazioni rese deserte \u00e8 ancora il silenzio<br \/>\nA denunciare i crimini.<\/p>\n<p>\u00c8 la lotta dunque terminata?<br \/>\nPossono essere dimenticati i crimini?<br \/>\nPossono i trucidati essere sepolti e i testimoni imbavagliati?<br \/>\nPu\u00f2 trionfare l\u2019ingiustizia, nonostante sia ingiustizia?<br \/>\nI crimini possono essere dimenticati.<br \/>\nI trucidati sepolti e i testimoni imbavagliati.<br \/>\nL\u2019ingiustizia pu\u00f2 trionfare, nonostante sia ingiustizia.<br \/>\nL\u2019oppressione si mette a tavola e agguanta il pasto<br \/>\nCon mani insanguinate.<br \/>\nMa coloro che portano il pasto<br \/>\nNon dimenticano il peso del pane; e la loro fame fa buchi ancora<br \/>\nQuando la parola fame viene vietata.<\/p>\n<p>Chi ha parlato di fame viene steso.<br \/>\nChi ha gridato contro l\u2019oppressione giace imbavagliato.<br \/>\nMa coloro che devono pagare i tributi non dimenticano lo strozzino.<br \/>\nMa gli oppressi non dimenticano il piede che sta loro sulla nuca.<br \/>\nPrima che la violenza abbia raggiunto il suo massimo grado<br \/>\nRicomincia la resistenza.<\/p>\n<p>Quando il critico si \u00e8 scusato<br \/>\nPerch\u00e9 la sua voce non ce la faceva<br \/>\nFu il silenzio a proporsi davanti al tavolo del giudice<br \/>\nLev\u00f2 il velo dalla faccia e<br \/>\nSi fece riconoscere come testimone.<\/p>\n<p>(&#8220;Sul significato della poesia di dieci righe pubblicata sul numero 888 della Fackel, ottobre 1933&#8221;, aprile 1934 &#8211; v. <a href=\"http:\/\/archive.today\/tGqkw\">testo originale<\/a>)<\/p>\n","protected":false},"excerpt":{"rendered":"<p>Qualche tempo fa ho letto sulla rivista Internazionale (18\/24 ottobre 2013) un articolo di Jonathan Franzen, dedicato a Karl Kraus. Era un estratto, in verit\u00e0, di un lavoro pi\u00f9 ampio, The Kraus Project, di cui si possono facilmente consultare belle recensioni su molti autorevoli quotidiani (v., tra l\u2019altro, sul New York Times o sul Guardian). <a href='http:\/\/fulviocortese.it\/?p=3035'>[&#8230;]<\/a><\/p>\n","protected":false},"author":1,"featured_media":0,"comment_status":"closed","ping_status":"open","sticky":false,"template":"","format":"standard","meta":{"footnotes":""},"categories":[73],"tags":[253,17,39],"class_list":["post-3035","post","type-post","status-publish","format-standard","hentry","category-imperdibili","tag-nazismo","tag-poesia-2","tag-politica-e-liberta","category-73-id","post-seq-1","post-parity-odd","full-content"],"_links":{"self":[{"href":"http:\/\/fulviocortese.it\/index.php?rest_route=\/wp\/v2\/posts\/3035","targetHints":{"allow":["GET"]}}],"collection":[{"href":"http:\/\/fulviocortese.it\/index.php?rest_route=\/wp\/v2\/posts"}],"about":[{"href":"http:\/\/fulviocortese.it\/index.php?rest_route=\/wp\/v2\/types\/post"}],"author":[{"embeddable":true,"href":"http:\/\/fulviocortese.it\/index.php?rest_route=\/wp\/v2\/users\/1"}],"replies":[{"embeddable":true,"href":"http:\/\/fulviocortese.it\/index.php?rest_route=%2Fwp%2Fv2%2Fcomments&post=3035"}],"version-history":[{"count":10,"href":"http:\/\/fulviocortese.it\/index.php?rest_route=\/wp\/v2\/posts\/3035\/revisions"}],"predecessor-version":[{"id":3045,"href":"http:\/\/fulviocortese.it\/index.php?rest_route=\/wp\/v2\/posts\/3035\/revisions\/3045"}],"wp:attachment":[{"href":"http:\/\/fulviocortese.it\/index.php?rest_route=%2Fwp%2Fv2%2Fmedia&parent=3035"}],"wp:term":[{"taxonomy":"category","embeddable":true,"href":"http:\/\/fulviocortese.it\/index.php?rest_route=%2Fwp%2Fv2%2Fcategories&post=3035"},{"taxonomy":"post_tag","embeddable":true,"href":"http:\/\/fulviocortese.it\/index.php?rest_route=%2Fwp%2Fv2%2Ftags&post=3035"}],"curies":[{"name":"wp","href":"https:\/\/api.w.org\/{rel}","templated":true}]}}