{"id":2702,"date":"2014-03-05T08:39:43","date_gmt":"2014-03-05T07:39:43","guid":{"rendered":"http:\/\/fulviocortese.it\/?p=2702"},"modified":"2014-03-05T08:39:43","modified_gmt":"2014-03-05T07:39:43","slug":"puo-essere-ma-forse-non-e-proprio-cosi","status":"publish","type":"post","link":"http:\/\/fulviocortese.it\/?p=2702","title":{"rendered":"Pu\u00f2 essere, ma forse non \u00e8 &#8220;proprio&#8221; cos\u00ec&#8230;"},"content":{"rendered":"<p><a href=\"http:\/\/www.ilgiornale.it\/news\/cultura\/cause-crisi-troppo-stato-e-troppo-benessere-998310.html\">Le cause della crisi? Troppo Stato e troppo benessere (da ilgiornale.it)<\/a><\/p>\n","protected":false},"excerpt":{"rendered":"<p>Le cause della crisi? Troppo Stato e troppo benessere (da ilgiornale.it)<\/p>\n","protected":false},"author":1,"featured_media":0,"comment_status":"closed","ping_status":"open","sticky":false,"template":"","format":"standard","meta":{"footnotes":""},"categories":[254],"tags":[],"class_list":["post-2702","post","type-post","status-publish","format-standard","hentry","category-oggi","category-254-id","post-seq-1","post-parity-odd","full-content"],"_links":{"self":[{"href":"http:\/\/fulviocortese.it\/index.php?rest_route=\/wp\/v2\/posts\/2702","targetHints":{"allow":["GET"]}}],"collection":[{"href":"http:\/\/fulviocortese.it\/index.php?rest_route=\/wp\/v2\/posts"}],"about":[{"href":"http:\/\/fulviocortese.it\/index.php?rest_route=\/wp\/v2\/types\/post"}],"author":[{"embeddable":true,"href":"http:\/\/fulviocortese.it\/index.php?rest_route=\/wp\/v2\/users\/1"}],"replies":[{"embeddable":true,"href":"http:\/\/fulviocortese.it\/index.php?rest_route=%2Fwp%2Fv2%2Fcomments&post=2702"}],"version-history":[{"count":1,"href":"http:\/\/fulviocortese.it\/index.php?rest_route=\/wp\/v2\/posts\/2702\/revisions"}],"predecessor-version":[{"id":2703,"href":"http:\/\/fulviocortese.it\/index.php?rest_route=\/wp\/v2\/posts\/2702\/revisions\/2703"}],"wp:attachment":[{"href":"http:\/\/fulviocortese.it\/index.php?rest_route=%2Fwp%2Fv2%2Fmedia&parent=2702"}],"wp:term":[{"taxonomy":"category","embeddable":true,"href":"http:\/\/fulviocortese.it\/index.php?rest_route=%2Fwp%2Fv2%2Fcategories&post=2702"},{"taxonomy":"post_tag","embeddable":true,"href":"http:\/\/fulviocortese.it\/index.php?rest_route=%2Fwp%2Fv2%2Ftags&post=2702"}],"curies":[{"name":"wp","href":"https:\/\/api.w.org\/{rel}","templated":true}]}}