{"id":2676,"date":"2014-02-26T18:36:14","date_gmt":"2014-02-26T17:36:14","guid":{"rendered":"http:\/\/fulviocortese.it\/?p=2676"},"modified":"2014-02-26T18:36:14","modified_gmt":"2014-02-26T17:36:14","slug":"lincidente-ismail-kadare","status":"publish","type":"post","link":"http:\/\/fulviocortese.it\/?p=2676","title":{"rendered":"L\u2019incidente (Ismail Kadar\u00e9)"},"content":{"rendered":"<p><!--[if gte mso 9]><xml>\n<w:WordDocument>\n<w:View>Normal<\/w:View>\n<w:Zoom>0<\/w:Zoom>\n<w:HyphenationZone>14<\/w:HyphenationZone>\n<w:Compatibility>\n<w:BreakWrappedTables\/>\n<w:SnapToGridInCell\/>\n<w:WrapTextWithPunct\/>\n<w:UseAsianBreakRules\/>\n<\/w:Compatibility>\n<w:BrowserLevel>MicrosoftInternetExplorer4<\/w:BrowserLevel>\n<\/w:WordDocument>\n<\/xml><![endif]--><\/p>\n<p><!--[if gte mso 10]>\n\n\n\n<style>\n \/* Style Definitions *\/\n table.MsoNormalTable\n\t{mso-style-name:\"Tabella normale\";\n\tmso-tstyle-rowband-size:0;\n\tmso-tstyle-colband-size:0;\n\tmso-style-noshow:yes;\n\tmso-style-parent:\"\";\n\tmso-padding-alt:0cm 5.4pt 0cm 5.4pt;\n\tmso-para-margin:0cm;\n\tmso-para-margin-bottom:.0001pt;\n\tmso-pagination:widow-orphan;\n\tfont-size:10.0pt;\n\tfont-family:\"Times New Roman\";}\n<\/style>\n\n<![endif]--><\/p>\n<p class=\"MsoNormal\" style=\"text-align: justify;\"><a href=\"http:\/\/www.longanesi.it\/scheda.asp?editore=Longanesi&amp;idlibro=6885&amp;titolo=L%27INCIDENTE\"><img loading=\"lazy\" decoding=\"async\" class=\"alignleft\" alt=\"\" src=\"http:\/\/www.longanesi.it\/AreaGestione\/catalogo\/copertine\/lincidentegrande.jpg\" width=\"135\" height=\"200\" \/><\/a>A Vienna, nel tragitto tra un albergo e l\u2019aeroporto, al km 17, un taxi esce improvvisamente fuori strada e cade in un precipizio. Pur gravemente ferito, il tassista si salva; cos\u00ec non \u00e8, invece, per l\u2019uomo e per la donna accomodati sul sedile posteriore. Nulla si sa del motivo per il quale l\u2019auto ha bruscamente sterzato, se non che, secondo il guidatore, ancora colpito dall\u2019ultima immagine percepita sullo specchietto retrovisore, la coppia lo aveva distratto, perch\u00e9 cercava \u201cin tutti i modi di&#8230; baciarsi!\u201d. Sull\u2019inspiegabile incidente indaga la polizia, ma esso attira anche l\u2019interesse dei servizi segreti di alcuni paesi balcanici: perch\u00e9 la fine di Bessfort Y. e Rovena \u00e8 cos\u00ec misteriosa? Che cosa ci facevano, insieme, un funzionario del Consiglio d\u2019Europa e una stagista dell\u2019Istituto archeologico della capitale austriaca? Erano amanti? Erano spie al soldo di qualche potenza? Tutti brancolano del buio. C\u2019\u00e8 solo un vecchio inquirente che continua a riflettere sui due trasportati, entrambi di nazionalit\u00e0 albanese, e sul gesto d\u2019amore che tanto ha scioccato il conducente. Accade cos\u00ec che, sulla base di indizi piccolissimi e quasi insignificanti, questo inquirente prova a ricostruire la storia di Bessfort e di Rovena, in un approfondirsi \u2013 e aggrovigliarsi \u2013 di sentimenti, di ambiguit\u00e0 e di supposizioni che rendono l\u2019intreccio sempre pi\u00f9 indecifrabile e fumoso, e che fanno sospettare, di volta in volta, i retroscena pi\u00f9 vari. <span style=\"mso-tab-count: 1;\">\u00a0\u00a0\u00a0\u00a0\u00a0\u00a0\u00a0\u00a0\u00a0 <\/span><\/p>\n<p class=\"MsoNormal\" style=\"text-align: justify;\">La conclusione del romanzo giunge quasi a prefigurare una scoperta definitiva, in grado di dissipare ogni dubbio. Tuttavia, nella prosa strisciante e sofisticata di questo <a href=\"http:\/\/www.treccani.it\/enciclopedia\/ismail-kadare_(Lessico_del_XXI_Secolo)\/\">grande maestro<\/a> della letteratura contemporanea \u2013 che, come tutte le <i style=\"mso-bidi-font-style: normal;\">cose difficili<\/i>, pu\u00f2 anche non piacere \u2013 il senso compiuto della trama quasi non pare importante. Che cos\u2019\u00e8 l\u2019amore? Chi e che cosa siamo? Qual \u00e8 la nostra vera identit\u00e0? Gli interrogativi che premono a Kadar\u00e9 sono abissali e le nostre risposte non possono che essere confuse e disarmate. \u00c8 il <i style=\"mso-bidi-font-style: normal;\">disorientamento<\/i> il tema vero del libro, ed \u00e8 la forza pressoch\u00e9 assoluta dell\u2019inconscio e delle sue trappole ad attrarci e a respingerci, come nella migliore tradizione mitteleuropea. <i style=\"mso-bidi-font-style: normal;\">L\u2019incidente<\/i> \u00e8 fatto solo per chi abbia un\u2019enorme capacit\u00e0 di fidarsi della scrittura e di lasciarsi completamente andare di fronte al meccanismo ipnotico che l\u2019Autore ha voluto predisporre. In questo Kadar\u00e9 si muove, espressamente, sulle orme di Cervantes e della celebre novella del <a href=\"http:\/\/cvc.cervantes.es\/literatura\/clasicos\/quijote\/edicion\/parte1\/cap33\/default.htm\"><i style=\"mso-bidi-font-style: normal;\">Curioso Impertinente<\/i><\/a>; ma di fatto riesce facile anche l\u2019accostamento all\u2019atmosfera di <a href=\"http:\/\/www.adelphi.it\/libro\/9788845913792\"><i style=\"mso-bidi-font-style: normal;\">Doppio sogno<\/i><\/a> di Arthur Schnitzler (il testo da cui Kubrick aveva tratto <a href=\"http:\/\/www.imdb.com\/title\/tt0120663\/\"><i style=\"mso-bidi-font-style: normal;\">Eyes Wide Shut<\/i><\/a>). Per\u00f2, com\u2019\u00e8 tipico di questo singolarissimo scrittore di <a href=\"http:\/\/it.wikipedia.org\/wiki\/Argirocastro\">Argirocastro<\/a>, la storia degli Stati balcanici, delle guerre che li hanno ripetutamente tormentati e della dittatura che ha oppresso il suo Paese giocano un ruolo fondamentale, nonostante appaiano soltanto come parte dello sfondo. La chiave del racconto, forse, sta proprio l\u00ec, nel cuore delle terribili esperienze della degenerazione del potere e della violenza pi\u00f9 cruda, nel demone che \u00e8 sempre pronto ad impossessarsi della nostra anima e a farci perdere ogni coordinata morale. Resta solo una domanda: davvero l\u2019amore pu\u00f2 essere imperscrutabile <i style=\"mso-bidi-font-style: normal;\">come<\/i> la nudit\u00e0 dell\u2019orrore?<\/p>\n<p class=\"MsoNormal\" style=\"text-align: justify;\"><a href=\"http:\/\/archive.is\/eAs1I\">Una serie di recensioni<\/a><\/p>\n<p class=\"MsoNormal\" style=\"text-align: justify;\"><a href=\"http:\/\/www.trepca.net\/2004\/04\/kadare_interviste_italisht2004_p_del_giudice_dhe_d_abrashi.pdf\">Un&#8217;intervista all&#8217;Autore<\/a><\/p>\n","protected":false},"excerpt":{"rendered":"<p>A Vienna, nel tragitto tra un albergo e l\u2019aeroporto, al km 17, un taxi esce improvvisamente fuori strada e cade in un precipizio. Pur gravemente ferito, il tassista si salva; cos\u00ec non \u00e8, invece, per l\u2019uomo e per la donna accomodati sul sedile posteriore. Nulla si sa del motivo per il quale l\u2019auto ha bruscamente <a href='http:\/\/fulviocortese.it\/?p=2676'>[&#8230;]<\/a><\/p>\n","protected":false},"author":1,"featured_media":0,"comment_status":"closed","ping_status":"open","sticky":false,"template":"","format":"standard","meta":{"footnotes":""},"categories":[1],"tags":[],"class_list":["post-2676","post","type-post","status-publish","format-standard","hentry","category-biblio","category-1-id","post-seq-1","post-parity-odd","full-content"],"_links":{"self":[{"href":"http:\/\/fulviocortese.it\/index.php?rest_route=\/wp\/v2\/posts\/2676","targetHints":{"allow":["GET"]}}],"collection":[{"href":"http:\/\/fulviocortese.it\/index.php?rest_route=\/wp\/v2\/posts"}],"about":[{"href":"http:\/\/fulviocortese.it\/index.php?rest_route=\/wp\/v2\/types\/post"}],"author":[{"embeddable":true,"href":"http:\/\/fulviocortese.it\/index.php?rest_route=\/wp\/v2\/users\/1"}],"replies":[{"embeddable":true,"href":"http:\/\/fulviocortese.it\/index.php?rest_route=%2Fwp%2Fv2%2Fcomments&post=2676"}],"version-history":[{"count":3,"href":"http:\/\/fulviocortese.it\/index.php?rest_route=\/wp\/v2\/posts\/2676\/revisions"}],"predecessor-version":[{"id":2679,"href":"http:\/\/fulviocortese.it\/index.php?rest_route=\/wp\/v2\/posts\/2676\/revisions\/2679"}],"wp:attachment":[{"href":"http:\/\/fulviocortese.it\/index.php?rest_route=%2Fwp%2Fv2%2Fmedia&parent=2676"}],"wp:term":[{"taxonomy":"category","embeddable":true,"href":"http:\/\/fulviocortese.it\/index.php?rest_route=%2Fwp%2Fv2%2Fcategories&post=2676"},{"taxonomy":"post_tag","embeddable":true,"href":"http:\/\/fulviocortese.it\/index.php?rest_route=%2Fwp%2Fv2%2Ftags&post=2676"}],"curies":[{"name":"wp","href":"https:\/\/api.w.org\/{rel}","templated":true}]}}