{"id":2640,"date":"2014-02-20T09:52:37","date_gmt":"2014-02-20T08:52:37","guid":{"rendered":"http:\/\/fulviocortese.it\/?p=2640"},"modified":"2014-02-20T09:52:37","modified_gmt":"2014-02-20T08:52:37","slug":"il-sogno-che-uccise-mio-padre-storia-di-enzo-tarantelli-che-voleva-lavoro-per-tutti-luca-tarantelli","status":"publish","type":"post","link":"http:\/\/fulviocortese.it\/?p=2640","title":{"rendered":"Il sogno che uccise mio padre. Storia di Enzo Tarantelli che voleva lavoro per tutti (Luca Tarantelli)"},"content":{"rendered":"<p><!--[if gte mso 9]><xml>\n<w:WordDocument>\n<w:View>Normal<\/w:View>\n<w:Zoom>0<\/w:Zoom>\n<w:HyphenationZone>14<\/w:HyphenationZone>\n<w:Compatibility>\n<w:BreakWrappedTables\/>\n<w:SnapToGridInCell\/>\n<w:WrapTextWithPunct\/>\n<w:UseAsianBreakRules\/>\n<\/w:Compatibility>\n<w:BrowserLevel>MicrosoftInternetExplorer4<\/w:BrowserLevel>\n<\/w:WordDocument>\n<\/xml><![endif]--><\/p>\n<p><!--[if gte mso 10]>\n\n\n\n<style>\n \/* Style Definitions *\/\n table.MsoNormalTable\n\t{mso-style-name:\"Tabella normale\";\n\tmso-tstyle-rowband-size:0;\n\tmso-tstyle-colband-size:0;\n\tmso-style-noshow:yes;\n\tmso-style-parent:\"\";\n\tmso-padding-alt:0cm 5.4pt 0cm 5.4pt;\n\tmso-para-margin:0cm;\n\tmso-para-margin-bottom:.0001pt;\n\tmso-pagination:widow-orphan;\n\tfont-size:10.0pt;\n\tfont-family:\"Times New Roman\";}\n<\/style>\n\n<![endif]--><\/p>\n<p class=\"MsoNormal\" style=\"text-align: justify;\"><!--[if gte mso 9]><xml>\n<w:WordDocument>\n<w:View>Normal<\/w:View>\n<w:Zoom>0<\/w:Zoom>\n<w:HyphenationZone>14<\/w:HyphenationZone>\n<w:Compatibility>\n<w:BreakWrappedTables\/>\n<w:SnapToGridInCell\/>\n<w:WrapTextWithPunct\/>\n<w:UseAsianBreakRules\/>\n<\/w:Compatibility>\n<w:BrowserLevel>MicrosoftInternetExplorer4<\/w:BrowserLevel>\n<\/w:WordDocument>\n<\/xml><![endif]--><\/p>\n<p class=\"MsoNormal\" style=\"text-align: justify;\"><!--[if gte mso 10]><\/p>\n\n\n\n\n\n<style>\n \/* Style Definitions *\/\n table.MsoNormalTable\n\t{mso-style-name:\"Tabella normale\";\n\tmso-tstyle-rowband-size:0;\n\tmso-tstyle-colband-size:0;\n\tmso-style-noshow:yes;\n\tmso-style-parent:\"\";\n\tmso-padding-alt:0cm 5.4pt 0cm 5.4pt;\n\tmso-para-margin:0cm;\n\tmso-para-margin-bottom:.0001pt;\n\tmso-pagination:widow-orphan;\n\tfont-size:10.0pt;\n\tfont-family:\"Times New Roman\";}\n<\/style>\n\n<![endif]--><\/p>\n<p class=\"MsoNormal\" style=\"text-align: justify;\"><a href=\"http:\/\/rizzoli.rcslibri.corriere.it\/libro\/5144_il_sogno_che_uccise_mio_padre_tarantelli.html\"><img loading=\"lazy\" decoding=\"async\" class=\"alignleft\" alt=\"\" src=\"http:\/\/rizzoli.rcslibri.corriere.it\/shared_libri\/cover\/medium\/1705144_0.jpg\" width=\"223\" height=\"350\" \/><\/a>\u00c8 da qualche anno che i figli delle vittime degli anni di piombo consegnano la loro memoria e il ricordo dei genitori prematuramente scomparsi alla forza di racconti intensi, <i style=\"mso-bidi-font-style: normal;\">ragionati<\/i> e solo in parte autobiografici. I lavori di <a href=\"http:\/\/www.librimondadori.it\/libri\/spingendo-la-notte-piu-in-la-mario-calabresi\">Mario Calabresi<\/a>, <a href=\"http:\/\/www.einaudi.it\/speciali\/Benedetta-Tobagi-Come-mi-batte-forte-il-tuo-cuore\">Benedetta Tobagi<\/a> e <a href=\"http:\/\/www.inmondadori.it\/inferno-sono-altri-Cercando-Silvia-Giralucci\/eai978880461002\/\">Silvia Giralucci<\/a> \u2013 tanto per fare qualche esempio \u2013 sono i prototipi di un genere letterario che ormai sa combinare passione, testimonianza civile e inchiesta giornalistica in modo pregevole, contribuendo anche a definire pezzi significativi del DNA socio-politico di una delle fasi pi\u00f9 travagliate della Repubblica. Il libro di Luca Tarantelli fa parte di questa stessa serie, ma spicca per la genuina spontaneit\u00e0 e per il bel connubio tra la messa a nudo della ricerca del proprio s\u00e9, rimosso dal lutto, e la descrizione di quella che anche Carlo Azeglio Ciampi definisce nella Prefazione come un\u2019esemplare \u201cstoria italiana\u201d.<span style=\"mso-tab-count: 1;\">\u00a0\u00a0\u00a0\u00a0\u00a0\u00a0\u00a0\u00a0\u00a0\u00a0\u00a0 <\/span><\/p>\n<p class=\"MsoNormal\" style=\"text-align: justify;\">Luca narra della vita, della formazione e delle origini del padre <a href=\"http:\/\/www.fondazionetarantelli.it\/category\/personaggio\/ezio-tarantelli\/biografia\/\">Ezio<\/a>, ma, allo stesso tempo, si confronta con lui, <i style=\"mso-bidi-font-style: normal;\">si cerca<\/i> e si riconosce nelle sue vicende, e tenta di spiegarne l\u2019uccisione da parte delle BR, il 27 marzo 1985, nel contesto delle tensioni sociali e politiche del dibattito sulla <a href=\"http:\/\/www.treccani.it\/enciclopedia\/scala-mobile_(Dizionario_di_Economia_e_Finanza)\/\">scala mobile<\/a> e sull\u2019evoluzione del rapporto tra salari e inflazione tra anni Settanta e anni Ottanta. Riga per riga assistiamo al parallelo dispiegarsi, da un lato, della complessa attivit\u00e0 di documentazione e di ricostruzione, anche concettuale, svolta da Luca, dall\u2019altro, della maturazione intellettuale, scientifica e pubblica di Ezio. Questo viene presentato sia nella sua immagine di outsider nel mondo accademico di allora, sia quale eclettico e brillante economista del lavoro e consulente della Banca d\u2019Italia. Di Ezio colpiscono molti profili: la curiosit\u00e0 per approcci scientifici e metodologici teoricamente dissonanti e, quindi, la vicinanza a <a href=\"http:\/\/www.treccani.it\/enciclopedia\/federico-caffe_(Il_Contributo_italiano_alla_storia_del_Pensiero:_Economia)\/\">Federico Caff\u00e8<\/a> come a <a href=\"http:\/\/www.treccani.it\/enciclopedia\/franco-modigliani_(Dizionario-Biografico)\/\">Franco Modigliani<\/a>; la capacit\u00e0 di fare sintesi e di guardare alla realt\u00e0 sociale e ai soggetti che la determinano come ad elementi effettivamente costitutivi di un modello teorico, che soltanto cos\u00ec, nella sua proiezione effettiva, pu\u00f2 dirsi valido; la dinamicit\u00e0 e la ricchezza di una figura professorale senza dubbio atipica e coinvolgente; la convinzione che l\u2019utopia sia indispensabile tanto quanto la costanza di una ragionevolezza promossa a strumento per <i style=\"mso-bidi-font-style: normal;\">sciogliere insieme<\/i>, con la <i style=\"mso-bidi-font-style: normal;\">forza delle idee<\/i>, qualsiasi forma di conflitto.<\/p>\n<p class=\"MsoNormal\" style=\"text-align: justify;\">Dalla lettura, complessivamente, ricavo tre spunti molto accattivanti: 1) il ritratto che Ezio Tarantelli ha dato dell\u2019universit\u00e0 italiana post-sessantottina, portavoce di un <i style=\"mso-bidi-font-style: normal;\">mero<\/i> salto generazionale e incapace, come tale, di rinnovare veramente le strutture gerarchiche del potere e dell\u2019organizzazione della conoscenza: occorre constatare che la distanza tra l\u2019esperienza italiana e quella anglosassone \u00e8, in proposito, ancora marcata; 2) la lezione che emerge dallo stravolgimento della \u201cricetta Tarantelli\u201d (la predeterminazione dei punti di scala mobile) da parte del <a href=\"http:\/\/www.rai.tv\/dl\/RaiTV\/programmi\/media\/ContentItem-f402fdc5-5b4f-4c85-9f89-66a2b31d7cb2.html\">decreto di San Valentino 1984<\/a>, opera unilaterale del Governo e, quindi, imposizione di una scelta che avrebbe dovuto muovere i suoi passi dalle parti sociali e, innanzitutto, dalle rappresentanze dei lavoratori: non \u00e8 altro che a prova ulteriore di una risalente e drammatica immaturit\u00e0 del sistema italiano delle relazioni industriali, che dopo la stagione concertativa degli anni Novanta ha ripetuto, e continua a ripetere, i vizi e le storture di cui si racconta nel volume; 3) la chiara responsabilit\u00e0 storica, a quest\u2019ultimo riguardo, della sinistra italiana, da sempre distante dalla prospettiva dello scambio politico e, cos\u00ec, dalla possibilit\u00e0 di agire concretamente per la trasformazione socio-economica del Paese: il cd. <i style=\"mso-bidi-font-style: normal;\">compromesso<\/i> politico, infatti, non deve inevitabilmente intendersi come luogo di una contrattazione privata tra \u00e9lite partitiche, ma pu\u00f2 essere, anzi, l\u2019unica e sostanziale sede deliberativa in cui lasciar fluire e interagire, al di l\u00e0 di ogni pregiudiziale, le migliori proposte. Di questo, in effetti, l\u2019Italia continua ad avere urgente bisogno: di riuscire a capitalizzare e a coalizzare le sue risorse pi\u00f9 intelligenti, bypassando le \u201cdanze propiziatorie\u201d (cos\u00ec le chiamava Enzo Tarantelli) messe periodicamente in scena dalle pi\u00f9 disparate categorie.<\/p>\n<p class=\"MsoNormal\" style=\"text-align: justify;\">Recensioni (di <a href=\"http:\/\/memoriaediritto.wordpress.com\/2013\/05\/09\/la-forza-delle-idee-e-il-lascito-di-tarantelli\/\">Alberto Mattei<\/a>, <a href=\"http:\/\/miguelgotor.italianieuropei.it\/2013\/05\/viaggio-alla-ricerca-del-padre-perduto-su-ezio-tarantelli\/\">Miguel Gotor<\/a>, <a href=\"http:\/\/www.lavoce.info\/il-sogno-di-ezio-tarantelli\/\">Marco di Marco<\/a>, <a href=\"http:\/\/www.lastampa.it\/2013\/05\/09\/cultura\/papa-mi-spieghi-che-cos-e-l-inflazione-8GfLBBQEM3dH6cmW6TqiCO\/pagina.html\">Marcello Sorgi<\/a>, <a href=\"http:\/\/www.ilfattoquotidiano.it\/2013\/06\/11\/storia-di-ezio-tarantelli-e-delle-idee-per-cui-fu-ucciso-dalle-br\/622038\/\">Sciltian Gastaldi<\/a>)<\/p>\n<p class=\"MsoNormal\" style=\"text-align: justify;\">La presentazione del libro su <a href=\"http:\/\/www.radioradicale.it\/scheda\/384621\/il-sogno-che-uccise-mio-padre-presentazione-del-libro-di-luca-tarantelli-ed-rizzoli\">Radio Radicale<\/a> e su <a href=\"http:\/\/www.radio24.ilsole24ore.com\/notizie\/italia-in-controluce\/2013-05-31\/sogno-ezio-tarantelli-voleva-142507.php\">Radio24<\/a><\/p>\n<p class=\"MsoNormal\" style=\"text-align: justify;\"><a href=\"http:\/\/www.lastoriasiamonoi.rai.it\/puntate\/ezio-tarantelli\/987\/default.aspx\">Chi era Enzo Tarantelli?<\/a> (da lastoriasiamonoi.rai.it)<\/p>\n<p class=\"MsoNormal\" style=\"text-align: justify;\"><a href=\"http:\/\/m.youtube.com\/watch?v=31FqmNMkZs8\">Un&#8217;intervista a Luca Tarantelli<\/a><\/p>\n","protected":false},"excerpt":{"rendered":"<p>\u00c8 da qualche anno che i figli delle vittime degli anni di piombo consegnano la loro memoria e il ricordo dei genitori prematuramente scomparsi alla forza di racconti intensi, ragionati e solo in parte autobiografici. I lavori di Mario Calabresi, Benedetta Tobagi e Silvia Giralucci \u2013 tanto per fare qualche esempio \u2013 sono i prototipi <a href='http:\/\/fulviocortese.it\/?p=2640'>[&#8230;]<\/a><\/p>\n","protected":false},"author":1,"featured_media":0,"comment_status":"closed","ping_status":"open","sticky":false,"template":"","format":"standard","meta":{"footnotes":""},"categories":[1],"tags":[197,230,314,34,39,58],"class_list":["post-2640","post","type-post","status-publish","format-standard","hentry","category-biblio","tag-economia","tag-italia","tag-lavoro","tag-memoria","tag-politica-e-liberta","tag-saggio","category-1-id","post-seq-1","post-parity-odd","full-content"],"_links":{"self":[{"href":"http:\/\/fulviocortese.it\/index.php?rest_route=\/wp\/v2\/posts\/2640","targetHints":{"allow":["GET"]}}],"collection":[{"href":"http:\/\/fulviocortese.it\/index.php?rest_route=\/wp\/v2\/posts"}],"about":[{"href":"http:\/\/fulviocortese.it\/index.php?rest_route=\/wp\/v2\/types\/post"}],"author":[{"embeddable":true,"href":"http:\/\/fulviocortese.it\/index.php?rest_route=\/wp\/v2\/users\/1"}],"replies":[{"embeddable":true,"href":"http:\/\/fulviocortese.it\/index.php?rest_route=%2Fwp%2Fv2%2Fcomments&post=2640"}],"version-history":[{"count":10,"href":"http:\/\/fulviocortese.it\/index.php?rest_route=\/wp\/v2\/posts\/2640\/revisions"}],"predecessor-version":[{"id":2650,"href":"http:\/\/fulviocortese.it\/index.php?rest_route=\/wp\/v2\/posts\/2640\/revisions\/2650"}],"wp:attachment":[{"href":"http:\/\/fulviocortese.it\/index.php?rest_route=%2Fwp%2Fv2%2Fmedia&parent=2640"}],"wp:term":[{"taxonomy":"category","embeddable":true,"href":"http:\/\/fulviocortese.it\/index.php?rest_route=%2Fwp%2Fv2%2Fcategories&post=2640"},{"taxonomy":"post_tag","embeddable":true,"href":"http:\/\/fulviocortese.it\/index.php?rest_route=%2Fwp%2Fv2%2Ftags&post=2640"}],"curies":[{"name":"wp","href":"https:\/\/api.w.org\/{rel}","templated":true}]}}