{"id":2558,"date":"2014-02-02T11:49:48","date_gmt":"2014-02-02T10:49:48","guid":{"rendered":"http:\/\/fulviocortese.it\/?p=2558"},"modified":"2014-02-02T11:49:48","modified_gmt":"2014-02-02T10:49:48","slug":"il-camminatore-mario-martinelli","status":"publish","type":"post","link":"http:\/\/fulviocortese.it\/?p=2558","title":{"rendered":"Il camminatore (Mario Martinelli)"},"content":{"rendered":"<p><!--[if gte mso 9]><xml>\n<w:WordDocument>\n<w:View>Normal<\/w:View>\n<w:Zoom>0<\/w:Zoom>\n<w:HyphenationZone>14<\/w:HyphenationZone>\n<w:Compatibility>\n<w:BreakWrappedTables\/>\n<w:SnapToGridInCell\/>\n<w:WrapTextWithPunct\/>\n<w:UseAsianBreakRules\/>\n<\/w:Compatibility>\n<w:BrowserLevel>MicrosoftInternetExplorer4<\/w:BrowserLevel>\n<\/w:WordDocument>\n<\/xml><![endif]--><\/p>\n<p><!--[if gte mso 10]>\n\n\n\n<style>\n \/* Style Definitions *\/\n table.MsoNormalTable\n\t{mso-style-name:\"Tabella normale\";\n\tmso-tstyle-rowband-size:0;\n\tmso-tstyle-colband-size:0;\n\tmso-style-noshow:yes;\n\tmso-style-parent:\"\";\n\tmso-padding-alt:0cm 5.4pt 0cm 5.4pt;\n\tmso-para-margin:0cm;\n\tmso-para-margin-bottom:.0001pt;\n\tmso-pagination:widow-orphan;\n\tfont-size:10.0pt;\n\tfont-family:\"Times New Roman\";}\n<\/style>\n\n<![endif]--><\/p>\n<p class=\"MsoNormal\" style=\"text-align: justify;\"><a href=\"http:\/\/www.edizionilagrafica.it\/it\/narrativa\/81-il-camminatore-9788897402138.html\"><img loading=\"lazy\" decoding=\"async\" class=\"alignleft\" alt=\"\" src=\"http:\/\/www.edizionilagrafica.it\/81-129-large\/il-camminatore.jpg\" width=\"210\" height=\"210\" \/><\/a>Assunto una volta all\u2019anno, nei suoi tipici capitoli brevi dei suoi altrettanto tipici piccoli libri, \u00e8 quasi una medicina, da centellinare <i style=\"mso-bidi-font-style: normal;\">post prandium<\/i>. <a href=\"http:\/\/www.mariomartinelli.net\/\">Martinelli<\/a> \u2013 che pu\u00f2 essere facilmente confuso per il Corona trentino e che, tuttavia, nonostante l\u2019ampia produzione, rimane fedele ed ostinato valligiano <i style=\"mso-bidi-font-style: normal;\">non solo<\/i> nella libera e variopinta repubblica degli scrittori \u2013 non \u00e8 costruttore di trame avvincenti. Malgrado ci\u00f2 la sua penna \u00e8 felice, sa creare l\u2019atmosfera, ci porta per mano in un mondo armonico, semplice e in gran parte perduto. E consente il dolce e carezzevole pensiero di un <i style=\"mso-bidi-font-style: normal;\">rimpianto impossibile<\/i>, un po\u2019 mitico e forse un po\u2019 finto, ma (perch\u00e9 no) molto rassicurante.<\/p>\n<p class=\"MsoNormal\" style=\"text-align: justify;\">La <a href=\"http:\/\/www.visittrentino.it\/it\/localita\/vallarsa\">Vallarsa<\/a> e il paese di Obra sono sempre riferimenti obbligati. N\u00e9 manca \u201cun\u201d signor Broz, protagonista affezionato dell\u2019universo autoctono. In questa storia, per\u00f2, si tratta di <a href=\"http:\/\/en.wikipedia.org\/wiki\/Ivan_Broz\">Ivan Broz<\/a>, una figura realmente esistita, quella di un famoso studioso della lingua croata, operante a cavallo tra Ottocento e Novecento, che Martinelli immagina figlio di un vallarsero \u201cdoc\u201d emigrato in altre terre dell\u2019Impero Asburgico. Ivan si trova a Innsbruck, per frequentarvi l\u2019universit\u00e0, e da l\u00ec decide di intraprendere un lungo viaggio, a piedi, per tornare al paese del padre e riscoprire una vecchia e famigerata miniera. Il viaggio effettivamente gli riesce, anche grazie all\u2019aiuto economico dello zio e alle rendite del suo primo e importante libro. Approda, cos\u00ec, sulle Piccole Dolomiti e incontra un suo parente, Angelo, che lo ospita con calore e lo coinvolge in un\u2019improvvisa battuta di caccia, dopo averlo aiutato in una bella scoperta.<\/p>\n<p class=\"MsoNormal\" style=\"text-align: justify;\">I suoni, i colori e le tante risorse della montagna sono i reali eroi di una novella che ha tutte le fattezze di una classica favola della buonanotte e che mescola ad una fantasia compiaciuta e giocosa luoghi, fatti e persone veramente esistite, ma liberamente reinventate. <a href=\"http:\/\/www.museocivico.rovereto.tn.it\/UploadDocs\/3709_BIOGRAFIA_DI_PAOLO_ORSI.pdf\">Paolo Orsi<\/a> \u00e8 stato un famoso archeologo roveretano: qui lo vediamo nei panni di un rude pastore. Basilio Arlanch, detto il Polenta, era davvero il proprietario del giacimento su cui ruota il romanzo e di cui si torna ciclicamente a dare notizia anche nella <a href=\"http:\/\/trentinocorrierealpi.gelocal.it\/cronaca\/2010\/11\/21\/news\/solo-una-leggenda-la-miniera-d-oro-\">stampa locale<\/a>. Ci si imbatte, poi, in una citazione letteraria, visto che Ivan Broz, nel suo peregrinare, entra per caso nell\u2019Osteria del Magazin, raccontata dai libri di <a href=\"http:\/\/www.cierrenet.it\/edizioni\/index.php?page=shop.product_details&amp;flypage=flypage.tpl&amp;product_id=678&amp;category_id=8&amp;keyword=Zanuso&amp;option=com_virtuemart&amp;Itemid=2\">Arturo Zanuso<\/a>, gi\u00e0 interprete di quella stessa porzione di confine italo-austriaco. <em>Il camminatore<\/em> \u00e8 un passatempo spensierato, niente di pi\u00f9. Ma, appunto, almeno una volta all\u2019anno, ascoltare la voce di Martinelli non fa affatto male, come non lo farebbe seguire i lunghi itinerari che Broz percorre in quota e che, come all&#8217;inizio del romanzo, gli consentono di godere di una prospettiva <em>vertiginosa<\/em> ancora indispensabile.<\/p>\n<p class=\"MsoNormal\" style=\"text-align: justify;\"><a href=\"http:\/\/m.youtube.com\/watch?v=J5BinIqopNY\">L&#8217;Autore presenta il suo festival<\/a> (v. <a href=\"http:\/\/www.tralerocceeilcielo.it\/\">&#8220;Tra le rocce e il cielo&#8221;<\/a>)<\/p>\n<p class=\"MsoNormal\" style=\"text-align: justify;\"><a href=\"http:\/\/fulviocortese.it\/?p=1105\">La lettura dell&#8217;anno scorso (<em>Lo strano inverno del brigadiere<\/em>)<\/a><\/p>\n","protected":false},"excerpt":{"rendered":"<p>Assunto una volta all\u2019anno, nei suoi tipici capitoli brevi dei suoi altrettanto tipici piccoli libri, \u00e8 quasi una medicina, da centellinare post prandium. Martinelli \u2013 che pu\u00f2 essere facilmente confuso per il Corona trentino e che, tuttavia, nonostante l\u2019ampia produzione, rimane fedele ed ostinato valligiano non solo nella libera e variopinta repubblica degli scrittori \u2013 <a href='http:\/\/fulviocortese.it\/?p=2558'>[&#8230;]<\/a><\/p>\n","protected":false},"author":1,"featured_media":0,"comment_status":"closed","ping_status":"open","sticky":false,"template":"","format":"image","meta":{"footnotes":""},"categories":[1],"tags":[24,122,182,38],"class_list":["post-2558","post","type-post","status-publish","format-image","hentry","category-biblio","tag-montagna","tag-natura","tag-paesaggio","tag-romanzo","post_format-post-format-image","category-1-id","post-seq-1","post-parity-odd","full-content"],"_links":{"self":[{"href":"http:\/\/fulviocortese.it\/index.php?rest_route=\/wp\/v2\/posts\/2558","targetHints":{"allow":["GET"]}}],"collection":[{"href":"http:\/\/fulviocortese.it\/index.php?rest_route=\/wp\/v2\/posts"}],"about":[{"href":"http:\/\/fulviocortese.it\/index.php?rest_route=\/wp\/v2\/types\/post"}],"author":[{"embeddable":true,"href":"http:\/\/fulviocortese.it\/index.php?rest_route=\/wp\/v2\/users\/1"}],"replies":[{"embeddable":true,"href":"http:\/\/fulviocortese.it\/index.php?rest_route=%2Fwp%2Fv2%2Fcomments&post=2558"}],"version-history":[{"count":9,"href":"http:\/\/fulviocortese.it\/index.php?rest_route=\/wp\/v2\/posts\/2558\/revisions"}],"predecessor-version":[{"id":2567,"href":"http:\/\/fulviocortese.it\/index.php?rest_route=\/wp\/v2\/posts\/2558\/revisions\/2567"}],"wp:attachment":[{"href":"http:\/\/fulviocortese.it\/index.php?rest_route=%2Fwp%2Fv2%2Fmedia&parent=2558"}],"wp:term":[{"taxonomy":"category","embeddable":true,"href":"http:\/\/fulviocortese.it\/index.php?rest_route=%2Fwp%2Fv2%2Fcategories&post=2558"},{"taxonomy":"post_tag","embeddable":true,"href":"http:\/\/fulviocortese.it\/index.php?rest_route=%2Fwp%2Fv2%2Ftags&post=2558"}],"curies":[{"name":"wp","href":"https:\/\/api.w.org\/{rel}","templated":true}]}}