{"id":235,"date":"2011-12-10T18:53:10","date_gmt":"2011-12-10T17:53:10","guid":{"rendered":"http:\/\/fulviocortese.it\/?p=235"},"modified":"2011-12-10T18:55:49","modified_gmt":"2011-12-10T17:55:49","slug":"filosofo-al-lavoro-una-fotografia-imperdibile","status":"publish","type":"post","link":"http:\/\/fulviocortese.it\/?p=235","title":{"rendered":"Filosofo al lavoro! Una fotografia imperdibile"},"content":{"rendered":"<p><img loading=\"lazy\" decoding=\"async\" class=\"alignleft\" title=\"feyerabend\" src=\"http:\/\/www.filosofico.net\/piattifeyerabend.jpg\" alt=\"\" width=\"285\" height=\"355\" \/>Ricordo di aver visto questa fotografia molto tempo fa, sulla prima pagina dell\u2019inserto domenicale del Sole 24 Ore. Non saprei citare il numero esatto e il periodo, ma questo \u00e8 un dato, tutto sommato, irrilevante. L\u2019unica cosa certa che rammento \u00e8 la didascalia che era stata abbinata all\u2019immagine: \u201c<em>filosofo al lavoro<\/em>\u201d. E in effetti l\u2019uomo ritratto al lavandino, intento a pulire le stoviglie di casa, \u00e8 <a title=\"Paul Feyerabend (1924-1994)\" href=\"http:\/\/www.emsf.rai.it\/biografie\/anagrafico.asp?d=245\">Paul Feyerabend (1924-1994)<\/a>, uno dei maggiori filosofi della scienza, autore, tra l\u2019altro, di <em>Contro il metodo<\/em> (1975, ed. it. 1979) e di <em>La scienza in una societ\u00e0 libera<\/em> (1978, ed. it. 1981)<\/p>\n<p>Spesso siamo erroneamente portati a pensare non solo che il lavoro intellettuale non abbia nulla a che fare con la quotidianit\u00e0 della \u201cvita reale\u201d, ma anche che le cose banali che ci circondano e che ci obbligano a confrontarci con semplici operazioni di <em>routine<\/em> non siano \u201cserie\u201d e costituiscano, anzi, degli impicci per qualsivoglia approfondimento di pensiero. La fotografia qui sopra \u00e8 imperdibile perch\u00e9 ci ricorda, innanzitutto, che questa prospettiva \u00e8 decisamente errata.<\/p>\n<p>Ma la fotografia \u00e8 imperdibile perch\u00e9 ci dice anche qualcosa di pi\u00f9, giovandosi, a proposito, con Feyerabend, di uno dei <em>testimonial<\/em> pi\u00f9 credibili di questo valore aggiunto: non \u00e8 forse vero che le idee migliori ci arrivano spesso in modo laterale od obliquo? Non \u00e8 forse vero, cio\u00e8, che la <em>Serendipity<\/em> esiste e che non \u00e8 affatto sbagliato creare o assecondare le condizioni affinch\u00e9 essa possa esprimersi al meglio? Probabilmente, ricordarsi, ogni tanto, di essere uomini necessariamente alla presa con incombenze non cos\u00ec \u201cnobili\u201d pu\u00f2 fornirci l\u2019occasione giusta, pu\u00f2 darci, in altre parole, il contesto adeguato per la generazione di nuove e felici intuizioni.<\/p>\n<p><a title=\"Giulio Giorello e la Serendipit\u00e0: una conferenza\" href=\"http:\/\/www.moebiusonline.eu\/fuorionda\/serendipity.shtml\">Giulio Giorello e la <em>Serendipit\u00e0<\/em>: una conferenza<\/a><\/p>\n","protected":false},"excerpt":{"rendered":"<p>Ricordo di aver visto questa fotografia molto tempo fa, sulla prima pagina dell\u2019inserto domenicale del Sole 24 Ore. Non saprei citare il numero esatto e il periodo, ma questo \u00e8 un dato, tutto sommato, irrilevante. L\u2019unica cosa certa che rammento \u00e8 la didascalia che era stata abbinata all\u2019immagine: \u201cfilosofo al lavoro\u201d. E in effetti l\u2019uomo <a href='http:\/\/fulviocortese.it\/?p=235'>[&#8230;]<\/a><\/p>\n","protected":false},"author":1,"featured_media":0,"comment_status":"closed","ping_status":"open","sticky":false,"template":"","format":"image","meta":{"footnotes":""},"categories":[73],"tags":[96,98,99,97],"class_list":["post-235","post","type-post","status-publish","format-image","hentry","category-imperdibili","tag-feyerabend","tag-metodo","tag-scienza","tag-serendipity","post_format-post-format-image","category-73-id","post-seq-1","post-parity-odd","full-content"],"_links":{"self":[{"href":"http:\/\/fulviocortese.it\/index.php?rest_route=\/wp\/v2\/posts\/235","targetHints":{"allow":["GET"]}}],"collection":[{"href":"http:\/\/fulviocortese.it\/index.php?rest_route=\/wp\/v2\/posts"}],"about":[{"href":"http:\/\/fulviocortese.it\/index.php?rest_route=\/wp\/v2\/types\/post"}],"author":[{"embeddable":true,"href":"http:\/\/fulviocortese.it\/index.php?rest_route=\/wp\/v2\/users\/1"}],"replies":[{"embeddable":true,"href":"http:\/\/fulviocortese.it\/index.php?rest_route=%2Fwp%2Fv2%2Fcomments&post=235"}],"version-history":[{"count":3,"href":"http:\/\/fulviocortese.it\/index.php?rest_route=\/wp\/v2\/posts\/235\/revisions"}],"predecessor-version":[{"id":237,"href":"http:\/\/fulviocortese.it\/index.php?rest_route=\/wp\/v2\/posts\/235\/revisions\/237"}],"wp:attachment":[{"href":"http:\/\/fulviocortese.it\/index.php?rest_route=%2Fwp%2Fv2%2Fmedia&parent=235"}],"wp:term":[{"taxonomy":"category","embeddable":true,"href":"http:\/\/fulviocortese.it\/index.php?rest_route=%2Fwp%2Fv2%2Fcategories&post=235"},{"taxonomy":"post_tag","embeddable":true,"href":"http:\/\/fulviocortese.it\/index.php?rest_route=%2Fwp%2Fv2%2Ftags&post=235"}],"curies":[{"name":"wp","href":"https:\/\/api.w.org\/{rel}","templated":true}]}}