{"id":2345,"date":"2013-12-26T19:35:11","date_gmt":"2013-12-26T18:35:11","guid":{"rendered":"http:\/\/fulviocortese.it\/?p=2345"},"modified":"2013-12-26T19:35:11","modified_gmt":"2013-12-26T18:35:11","slug":"la-pelle-dellorso-matteo-righetto-2","status":"publish","type":"post","link":"http:\/\/fulviocortese.it\/?p=2345","title":{"rendered":"La pelle dell&#8217;orso (Matteo Righetto)"},"content":{"rendered":"<p><!--[if gte mso 9]><xml>\n<w:WordDocument>\n<w:View>Normal<\/w:View>\n<w:Zoom>0<\/w:Zoom>\n<w:HyphenationZone>14<\/w:HyphenationZone>\n<w:Compatibility>\n<w:BreakWrappedTables\/>\n<w:SnapToGridInCell\/>\n<w:WrapTextWithPunct\/>\n<w:UseAsianBreakRules\/>\n<\/w:Compatibility>\n<w:BrowserLevel>MicrosoftInternetExplorer4<\/w:BrowserLevel>\n<\/w:WordDocument>\n<\/xml><![endif]--><\/p>\n<p><!--[if gte mso 10]>\n\n\n\n<style>\n \/* Style Definitions *\/\n table.MsoNormalTable\n\t{mso-style-name:\"Tabella normale\";\n\tmso-tstyle-rowband-size:0;\n\tmso-tstyle-colband-size:0;\n\tmso-style-noshow:yes;\n\tmso-style-parent:\"\";\n\tmso-padding-alt:0cm 5.4pt 0cm 5.4pt;\n\tmso-para-margin:0cm;\n\tmso-para-margin-bottom:.0001pt;\n\tmso-pagination:widow-orphan;\n\tfont-size:10.0pt;\n\tfont-family:\"Times New Roman\";}\n<\/style>\n\n<![endif]--><\/p>\n<p class=\"MsoNormal\" style=\"text-align: justify;\"><a href=\"http:\/\/www.guanda.it\/scheda.asp?editore=Guanda&amp;idlibro=7734&amp;titolo=LA+PELLE+DELL\u2019ORSO\"><img loading=\"lazy\" decoding=\"async\" class=\"alignleft\" alt=\"\" src=\"http:\/\/www.longanesi.it\/AreaGestione\/catalogo\/copertine\/pelleorsogrande.jpg \" width=\"129\" height=\"199\" \/><\/a>Ieri <i style=\"mso-bidi-font-style: normal;\">Linkiesta.it<\/i> ha pubblicato un <a href=\"http:\/\/www.linkiesta.it\/jack-london-racconto-natale\">racconto di Jack London<\/a>. Non l\u2019ho ancora letto, in verit\u00e0. Ero impegnato a finire <i style=\"mso-bidi-font-style: normal;\">La pelle dell\u2019orso<\/i>, che comincia con un tono da vecchia storia di montagna e termina, per\u00f2, con immagini degne del grande cantore del Klondike e della forza severa della natura. Non sono molte pagine, pertanto decido di onorare subito il regalo ricevuto. Con buona soddisfazione. Ora, da qualche parte, in rete, vedo che Matteo Righetto \u00e8 definito come il pi\u00f9 americano dei nostri scrittori. Forse \u00e8 vero. Le buie foreste e le mitiche vette dolomitiche che fanno da scenario a questo breve romanzo non profumano solo di Rigoni Stern o di Buzzati; c\u2019\u00e8 anche un pizzico del miglior Lansdale, quello de <a href=\"http:\/\/www.ibs.it\/code\/9788834719138\/lansdale-joe-r\/in-fondo-alla-palude.html \"><i style=\"mso-bidi-font-style: normal;\">In fondo alla palude<\/i><\/a>. Alla tipica novella invernale, da stufa e tisana calda, si accompagna uno spunto epico, che, anzich\u00e9 falsare il contesto, attribuisce alla scrittura una tinta decisamente <i style=\"mso-bidi-font-style: normal;\">vera<\/i> e i ritmi di una sceneggiatura potenzialmente assai efficace.<\/p>\n<p class=\"MsoNormal\" style=\"text-align: justify;\">L\u2019azione si svolge nell\u2019ottobre del 1963, nel bel mezzo della terra ladina. Il protagonista \u00e8 il giovanissimo Domenico, che vive nel piccolo borgo di <a href=\"http:\/\/www.collesantalucia.eu\/\">Colle Santa Lucia<\/a> e viene coinvolto dal padre Pietro in una pericolosa caccia all\u2019orso. Pietro \u00e8 animato da un\u2019insopprimibile voglia di riscatto; il figlio spera che, dopo la scomparsa prematura della madre, l\u2019avventura lo possa finalmente legare al padre, divenuto scontroso e violento. E cos\u00ec accade, visto che la ricerca dell\u2019enorme e diabolico plantigrade li affiata. Domenico scopre cose che non sapeva e si commuove, Pietro si comporta da vero padre e gli fa conoscere anche l\u2019eccentrica e anziana figura di Pepi Zelger. Finch\u00e9 non arriva il momento che durante la caccia si fa lentamente attendere: lo scontro con la furia del terribile e grande carnivoro. Quello che succede da questo momento in poi \u00e8 la <i style=\"mso-bidi-font-style: normal;\">parte americana<\/i> del libro, tutta da scoprire, e senza che vi sia un epilogo lieto. Anche i giorni \u2013 le <i style=\"mso-bidi-font-style: normal;\">date<\/i> \u2013 in cui i fatti si verificano acquistano all\u2019improvviso un significato fondamentale. Domenico, cos\u00ec, si ritrover\u00e0 immediatamente adulto, provato e sgomento, di fronte alla durezza della natura e di un destino tristissimo, certo, ma ancor pi\u00f9 solo, scosso e disperato per la testarda stupidit\u00e0 degli uomini.<\/p>\n<p class=\"MsoNormal\" style=\"text-align: justify;\">Si potr\u00e0 dire che il libro \u00e8 un po\u2019 <i style=\"mso-bidi-font-style: normal;\">furbo<\/i>, visto che gioca con le emozioni semplici e fortissime che solo alcuni eventi sono in grado di comunicare. Tuttavia bisogna anche riconoscere che siamo spesso assuefatti alle invenzioni pi\u00f9 ricercate e che la grande letteratura non sta solo nel registro pi\u00f9 difficile. Inoltre l\u2019Autore \u00e8 riuscito, simultaneamente, in tante e diverse cose: rievocare un mondo popolare affascinante e forse scomparso; descrivere colori, odori e suoni del bosco in modo particolarmente evocativo; collegare la favola alla storia, sulle orme di una tradizione italiana di tutto rispetto; sovrapporre la narrazione di un classico momento iniziatico alla rievocazione di un fatto collettivo tanto drammatico quanto decisivo per la formazione di un\u2019intera identit\u00e0 territoriale. Non \u00e8 poco.<\/p>\n<p class=\"MsoNormal\" style=\"text-align: justify;\">Recensione (di <a href=\"http:\/\/www.lastampa.it\/2013\/04\/12\/cultura\/tuttolibri\/se-uccidi-l-orso-diventerai-uomo-gvvvfSnTBbYF304NO85ZlM\/pagina.html\">Ferdinando Camon<\/a>, di <a href=\"http:\/\/www.famigliacristiana.it\/articolo\/libri-padre-e-figlio-a-caccia-dell-orso.aspx\">Paolo Perazzolo<\/a>, di <a href=\"http:\/\/www.secoloditalia.it\/blog\/la-pelle-dellorso-di-righetto-una-storia-di-formazione-per-sconfiggere-il-dolore-di-una-perdita-e-la-paura-del-futuro\/\">Roberto Alfatti Appetiti<\/a>)<\/p>\n<p class=\"MsoNormal\" style=\"text-align: justify;\"><a href=\"http:\/\/matteorighetto.com\/\">Il sito dell&#8217;Autore<\/a><\/p>\n","protected":false},"excerpt":{"rendered":"<p>Ieri Linkiesta.it ha pubblicato un racconto di Jack London. Non l\u2019ho ancora letto, in verit\u00e0. Ero impegnato a finire La pelle dell\u2019orso, che comincia con un tono da vecchia storia di montagna e termina, per\u00f2, con immagini degne del grande cantore del Klondike e della forza severa della natura. Non sono molte pagine, pertanto decido <a href='http:\/\/fulviocortese.it\/?p=2345'>[&#8230;]<\/a><\/p>\n","protected":false},"author":1,"featured_media":0,"comment_status":"closed","ping_status":"open","sticky":false,"template":"","format":"standard","meta":{"footnotes":""},"categories":[1],"tags":[27,28,329,24,122,38],"class_list":["post-2345","post","type-post","status-publish","format-standard","hentry","category-biblio","tag-bosco","tag-caccia","tag-dolomiti","tag-montagna","tag-natura","tag-romanzo","category-1-id","post-seq-1","post-parity-odd","full-content"],"_links":{"self":[{"href":"http:\/\/fulviocortese.it\/index.php?rest_route=\/wp\/v2\/posts\/2345","targetHints":{"allow":["GET"]}}],"collection":[{"href":"http:\/\/fulviocortese.it\/index.php?rest_route=\/wp\/v2\/posts"}],"about":[{"href":"http:\/\/fulviocortese.it\/index.php?rest_route=\/wp\/v2\/types\/post"}],"author":[{"embeddable":true,"href":"http:\/\/fulviocortese.it\/index.php?rest_route=\/wp\/v2\/users\/1"}],"replies":[{"embeddable":true,"href":"http:\/\/fulviocortese.it\/index.php?rest_route=%2Fwp%2Fv2%2Fcomments&post=2345"}],"version-history":[{"count":7,"href":"http:\/\/fulviocortese.it\/index.php?rest_route=\/wp\/v2\/posts\/2345\/revisions"}],"predecessor-version":[{"id":2352,"href":"http:\/\/fulviocortese.it\/index.php?rest_route=\/wp\/v2\/posts\/2345\/revisions\/2352"}],"wp:attachment":[{"href":"http:\/\/fulviocortese.it\/index.php?rest_route=%2Fwp%2Fv2%2Fmedia&parent=2345"}],"wp:term":[{"taxonomy":"category","embeddable":true,"href":"http:\/\/fulviocortese.it\/index.php?rest_route=%2Fwp%2Fv2%2Fcategories&post=2345"},{"taxonomy":"post_tag","embeddable":true,"href":"http:\/\/fulviocortese.it\/index.php?rest_route=%2Fwp%2Fv2%2Ftags&post=2345"}],"curies":[{"name":"wp","href":"https:\/\/api.w.org\/{rel}","templated":true}]}}