{"id":2330,"date":"2013-12-22T23:13:28","date_gmt":"2013-12-22T22:13:28","guid":{"rendered":"http:\/\/fulviocortese.it\/?p=2330"},"modified":"2019-03-24T10:09:16","modified_gmt":"2019-03-24T09:09:16","slug":"si-fa-presto-a-dire-adriatico-fulvio-ervas","status":"publish","type":"post","link":"http:\/\/fulviocortese.it\/?p=2330","title":{"rendered":"Si fa presto a dire Adriatico (Fulvio Ervas)"},"content":{"rendered":"<p><!-- [if gte mso 9]><xml>\n<w:WordDocument>\n<w:View>Normal<\/w:View>\n<w:Zoom>0<\/w:Zoom>\n<w:HyphenationZone>14<\/w:HyphenationZone>\n<w:Compatibility>\n<w:BreakWrappedTables\/>\n<w:SnapToGridInCell\/>\n<w:WrapTextWithPunct\/>\n<w:UseAsianBreakRules\/>\n<\/w:Compatibility>\n<w:BrowserLevel>MicrosoftInternetExplorer4<\/w:BrowserLevel>\n<\/w:WordDocument>\n<\/xml><![endif]--><\/p>\n<p><!-- [if gte mso 10]>\n\n\n\n<style>\n \/* Style Definitions *\/\n table.MsoNormalTable\n\t{mso-style-name:\"Tabella normale\";\n\tmso-tstyle-rowband-size:0;\n\tmso-tstyle-colband-size:0;\n\tmso-style-noshow:yes;\n\tmso-style-parent:\"\";\n\tmso-padding-alt:0cm 5.4pt 0cm 5.4pt;\n\tmso-para-margin:0cm;\n\tmso-para-margin-bottom:.0001pt;\n\tmso-pagination:widow-orphan;\n\tfont-size:10.0pt;\n\tfont-family:\"Times New Roman\";}\n<\/style>\n\n\n\n<![endif]--><\/p>\n<p class=\"MsoNormal\" style=\"text-align: justify;\"><img loading=\"lazy\" decoding=\"async\" class=\"alignleft size-medium\" src=\"https:\/\/www.sololibri.net\/IMG\/arton57359.jpg\" width=\"149\" height=\"240\" \/>Dopo il fortunatissimo intermezzo de <a href=\"http:\/\/www.marcosymarcos.com\/se_ti_abbraccio\/non_aver_paura.html \"><i style=\"mso-bidi-font-style: normal;\">Se ti abbraccio non aver paura<\/i><\/a>, Fulvio Ervas torna al suo amato commissario Stucky, della Questura di Treviso. L\u2019avvio della lettura \u00e8 direttamente in compagnia <i style=\"mso-bidi-font-style: normal;\">del morto<\/i>, con un\u2019anticipazione di ci\u00f2 che dovr\u00e0 accadere nel corso della storia e con l\u2019entrata in scena del <i style=\"mso-bidi-font-style: normal;\">comandante<\/i> Latinski. Stucky lo incontrer\u00e0 in Croazia durante una vacanza sull\u2019Adriatico, in un campeggio di naturisti. E lo sbirro \u00e8 tale anche quando vorrebbe concedersi un meritato riposo estivo: cos\u00ec Stucky comincer\u00e0 ad indagare, in parallelo con il collega della polizia croata, e vedr\u00e0 anche un\u2019altra vittima, fino all\u2019epilogo in una piccola isola della Dalmazia. Come sempre, le vicende del commissario trevigiano sono alternate alla voce narrante del protagonista negativo, un pescatore chioggiotto di fede dannunziana, che in questo caso, per\u00f2, pur essendo a capo di un\u2019impresa dichiaratamente criminale, apparire quasi simpatico. Il marcio, infatti, si nasconder\u00e0 anche altrove e Stucky, pure vittorioso, ne uscir\u00e0 un po\u2019 malconcio, ma con una inattesa e fascinosa conquista.<\/p>\n<p class=\"MsoNormal\" style=\"text-align: justify;\"><!-- [if gte mso 9]><xml>\n<w:WordDocument>\n<w:View>Normal<\/w:View>\n<w:Zoom>0<\/w:Zoom>\n<w:HyphenationZone>14<\/w:HyphenationZone>\n<w:Compatibility>\n<w:BreakWrappedTables\/>\n<w:SnapToGridInCell\/>\n<w:WrapTextWithPunct\/>\n<w:UseAsianBreakRules\/>\n<\/w:Compatibility>\n<w:BrowserLevel>MicrosoftInternetExplorer4<\/w:BrowserLevel>\n<\/w:WordDocument>\n<\/xml><![endif]--><\/p>\n<p class=\"MsoNormal\" style=\"text-align: justify;\"><!-- [if gte mso 10]><\/p>\n\n\n\n\n\n<style>\n \/* Style Definitions *\/\n table.MsoNormalTable\n\t{mso-style-name:\"Tabella normale\";\n\tmso-tstyle-rowband-size:0;\n\tmso-tstyle-colband-size:0;\n\tmso-style-noshow:yes;\n\tmso-style-parent:\"\";\n\tmso-padding-alt:0cm 5.4pt 0cm 5.4pt;\n\tmso-para-margin:0cm;\n\tmso-para-margin-bottom:.0001pt;\n\tmso-pagination:widow-orphan;\n\tfont-size:10.0pt;\n\tfont-family:\"Times New Roman\";}\n<\/style>\n\n\n\n<![endif]--><\/p>\n<p class=\"MsoNormal\" style=\"text-align: justify;\">La trama \u00e8 semplice e accattivante. E poi, come succede in tutti i romanzi di Ervas, ci sono sempre un bel po\u2019 di temi sociali sullo sfondo, dalla crisi economica alla corruzione. La parte migliore del libro, tuttavia, viene prima, ossia <i style=\"mso-bidi-font-style: normal;\">subito dopo<\/i> l\u2019anticipazione che apre il volume e <i style=\"mso-bidi-font-style: normal;\">fino<\/i> a p. 82. Perch\u00e9 Ervas non vuole perdere l\u2019occasione di presentare Stucky nel suo ambiente, quello che nell\u2019ultima avventura \u00e8 destinato a restare un po\u2019 da parte. Compaiono Sandra e Veronica, le sorelle di vicolo Dotti, estroverse ed irriducibili vicine di casa del nostro eroe; c\u2019\u00e8 la compagna, Elena, con il suo eccentrico figlio, Michelangelo; fanno capolino pure Spreafico e Landrulli, i due scalcagnati agenti della Questura; non manca il saggio e pacato Cyrus, lo zio iraniano che vende tappeti in centro a Treviso; e infine c\u2019\u00e8 anche il cane Argo, detto <i style=\"mso-bidi-font-style: normal;\">il<\/i> <i style=\"mso-bidi-font-style: normal;\">salsiccio<\/i>, che d\u2019ora in poi diventa inseparabile scudiero di Stucky e primo interlocutore della sua frequente \u201cAntimama!\u201d, l\u2019esclamazione con cui il commissario cerca di esorcizzare tutto ci\u00f2 che gli accade. Le ho lette tutte, finora, le <a href=\"http:\/\/www.marcosymarcos.com\/fulvio_ervas.htm \"><i style=\"mso-bidi-font-style: normal;\">Stucky\u2019s Tales<\/i><\/a>, sin da <i style=\"mso-bidi-font-style: normal;\">Commesse di Treviso<\/i>. \u00c8 <i style=\"mso-bidi-font-style: normal;\">il mondo<\/i> di Stucky: che in ogni episodio non tradisce, che suscita sorrisi e complicit\u00e0, che produce un certo senso di identificazione; con la personalit\u00e0, e l\u2019umanit\u00e0, di questo strano poliziotto, ma anche con i tanti spunti di leggerezza, gusto, amore e natura con cui l\u2019Autore vuole pervicacemente adescarci.<\/p>\n<p class=\"MsoNormal\" style=\"text-align: justify;\">Recensioni (di <a href=\"http:\/\/www.lastampa.it\/2013\/11\/05\/cultura\/tuttolibri\/ervas-dove-soffia-la-bora-il-mio-ispettore-nudo-F5UKAhlPiGF3GZBUxH9sQM\/pagina.html\">Mario Baudino<\/a> e di <a href=\"http:\/\/tribunatreviso.gelocal.it\/cronaca\/2013\/11\/05\/news\/torna-l-ispettore-stucky-nuovo-giallo-di-ervas-1.8057806 \">Sara Salin<\/a>)<\/p>\n<p class=\"MsoNormal\" style=\"text-align: justify;\"><a href=\"http:\/\/www.cartacantalab.com\/serate-evento\/8-serate-evento\/98-fulvio-ervas-come-andata-la-serata\">Una breve intervista all&#8217;Autore<\/a><\/p>\n<p class=\"MsoNormal\" style=\"text-align: justify;\"><a href=\"http:\/\/www.letteratura.rai.it\/articoli\/scrittori-per-un-anno-fulvio-ervas\/23547\/default.aspx \">Scrittori per un anno: Fulvio Ervas (da letteratura.rai.it)<\/a><\/p>\n<p class=\"MsoNormal\" style=\"text-align: justify;\"><a href=\"http:\/\/reteuno.rsi.ch\/home\/networks\/reteuno\/Sinceramente\/2013\/12\/04\/Fulvio-Ervas.html#Audio\">Fulvio Ervas e il Commissario Stucky (da reteuno.rsi.ch)<\/a><\/p>\n<p class=\"MsoNormal\" style=\"text-align: justify;\">\n","protected":false},"excerpt":{"rendered":"<p>Dopo il fortunatissimo intermezzo de Se ti abbraccio non aver paura, Fulvio Ervas torna al suo amato commissario Stucky, della Questura di Treviso. L\u2019avvio della lettura \u00e8 direttamente in compagnia del morto, con un\u2019anticipazione di ci\u00f2 che dovr\u00e0 accadere nel corso della storia e con l\u2019entrata in scena del comandante Latinski. Stucky lo incontrer\u00e0 in <a href='http:\/\/fulviocortese.it\/?p=2330'>[&#8230;]<\/a><\/p>\n","protected":false},"author":1,"featured_media":0,"comment_status":"closed","ping_status":"open","sticky":false,"template":"","format":"standard","meta":{"footnotes":""},"categories":[1],"tags":[328,327,21,302,38],"class_list":["post-2330","post","type-post","status-publish","format-standard","hentry","category-biblio","tag-adriatico","tag-croazia","tag-gialli","tag-mare","tag-romanzo","category-1-id","post-seq-1","post-parity-odd","full-content"],"_links":{"self":[{"href":"http:\/\/fulviocortese.it\/index.php?rest_route=\/wp\/v2\/posts\/2330","targetHints":{"allow":["GET"]}}],"collection":[{"href":"http:\/\/fulviocortese.it\/index.php?rest_route=\/wp\/v2\/posts"}],"about":[{"href":"http:\/\/fulviocortese.it\/index.php?rest_route=\/wp\/v2\/types\/post"}],"author":[{"embeddable":true,"href":"http:\/\/fulviocortese.it\/index.php?rest_route=\/wp\/v2\/users\/1"}],"replies":[{"embeddable":true,"href":"http:\/\/fulviocortese.it\/index.php?rest_route=%2Fwp%2Fv2%2Fcomments&post=2330"}],"version-history":[{"count":5,"href":"http:\/\/fulviocortese.it\/index.php?rest_route=\/wp\/v2\/posts\/2330\/revisions"}],"predecessor-version":[{"id":7162,"href":"http:\/\/fulviocortese.it\/index.php?rest_route=\/wp\/v2\/posts\/2330\/revisions\/7162"}],"wp:attachment":[{"href":"http:\/\/fulviocortese.it\/index.php?rest_route=%2Fwp%2Fv2%2Fmedia&parent=2330"}],"wp:term":[{"taxonomy":"category","embeddable":true,"href":"http:\/\/fulviocortese.it\/index.php?rest_route=%2Fwp%2Fv2%2Fcategories&post=2330"},{"taxonomy":"post_tag","embeddable":true,"href":"http:\/\/fulviocortese.it\/index.php?rest_route=%2Fwp%2Fv2%2Ftags&post=2330"}],"curies":[{"name":"wp","href":"https:\/\/api.w.org\/{rel}","templated":true}]}}